{"id":80295,"date":"2024-07-20T11:54:27","date_gmt":"2024-07-20T16:54:27","guid":{"rendered":"https:\/\/losperiodistas.com.mx\/portal\/?p=80295"},"modified":"2024-07-20T13:00:05","modified_gmt":"2024-07-20T18:00:05","slug":"el-cartel-de-jalisco-opera-en-espana-desde-hace-un-ano-trae-metanfetaminas-de-mexico-mientras-se-prepara-para-producir-fentanilo-porfolio","status":"publish","type":"post","link":"https:\/\/losperiodistas.com.mx\/portal\/el-cartel-de-jalisco-opera-en-espana-desde-hace-un-ano-trae-metanfetaminas-de-mexico-mientras-se-prepara-para-producir-fentanilo-porfolio\/","title":{"rendered":"El C\u00e1rtel de Jalisco opera en Espa\u00f1a desde hace un a\u00f1o: trae metanfetaminas de M\u00e9xico mientras se prepara para producir fentanilo | Porfolio"},"content":{"rendered":"\n<h2 class=\"has-background wp-block-heading\" style=\"background-color:#37dff2\">Una investigaci\u00f3n de EL ESPA\u00d1OL | Porfolio iniciada hace meses en M\u00e9xico desvela c\u00f3mo act\u00faa en suelo europeo el que es considerado el grupo criminal m\u00e1s peligroso de Norteam\u00e9rica.<\/h2>\n\n\n\n<figure class=\"wp-block-image size-large\"><img fetchpriority=\"high\" decoding=\"async\" width=\"1024\" height=\"577\" src=\"https:\/\/losperiodistas.com.mx\/portal\/wp-content\/uploads\/2024\/07\/Captura-de-pantalla-2024-07-20-a-las-11.49.06\u202fa.m.-1024x577.png\" alt=\"\" class=\"wp-image-80296\" srcset=\"https:\/\/losperiodistas.com.mx\/portal\/wp-content\/uploads\/2024\/07\/Captura-de-pantalla-2024-07-20-a-las-11.49.06\u202fa.m.-1024x577.png 1024w, https:\/\/losperiodistas.com.mx\/portal\/wp-content\/uploads\/2024\/07\/Captura-de-pantalla-2024-07-20-a-las-11.49.06\u202fa.m.-300x169.png 300w, https:\/\/losperiodistas.com.mx\/portal\/wp-content\/uploads\/2024\/07\/Captura-de-pantalla-2024-07-20-a-las-11.49.06\u202fa.m.-768x432.png 768w, https:\/\/losperiodistas.com.mx\/portal\/wp-content\/uploads\/2024\/07\/Captura-de-pantalla-2024-07-20-a-las-11.49.06\u202fa.m.-1536x865.png 1536w, https:\/\/losperiodistas.com.mx\/portal\/wp-content\/uploads\/2024\/07\/Captura-de-pantalla-2024-07-20-a-las-11.49.06\u202fa.m..png 1968w\" sizes=\"(max-width: 1024px) 100vw, 1024px\" \/><figcaption>El CJNG, liderado por &#8216;El Mencho&#8217;, se ha establecido en Espa\u00f1a en cooperaci\u00f3n con redes del narcotr\u00e1fico ya existentes.\u00a0Arte E. E.<\/figcaption><\/figure>\n\n\n\n<p class=\"has-vivid-red-color has-text-color has-medium-font-size\"><strong>Julio C\u00e9sar Ruiz Aguilar \/ Porfolio<\/strong><\/p>\n\n\n\n<p id=\"paragraph_1\">El&nbsp;<a href=\"https:\/\/www.elespanol.com\/organismos\/cartel_jalisco_nueva_generacion\/\"><strong>C\u00e1rtel de Jalisco<\/strong>&nbsp;<strong>Nueva<\/strong>&nbsp;<strong>Generaci\u00f3n<\/strong><\/a>, considerado en la actualidad el grupo criminal m\u00e1s peligroso de&nbsp;<a href=\"https:\/\/www.elespanol.com\/lugares\/mexico\/\"><strong>M\u00e9xico<\/strong><\/a>, opera en&nbsp;<strong>Espa\u00f1a<\/strong>&nbsp;desde&nbsp;<strong>principios<\/strong>&nbsp;<strong>de<\/strong>&nbsp;<strong>2023<\/strong>, seg\u00fan ha podido comprobar&nbsp;<a href=\"https:\/\/www.elespanol.com\/porfolio\/\" target=\"_blank\" rel=\"noreferrer noopener\"><strong>EL ESPA\u00d1OL | Porfolio<\/strong><\/a>&nbsp;de diferentes fuentes en una&nbsp;<strong>investigaci\u00f3n<\/strong>&nbsp;que comenz\u00f3 hace meses en&nbsp;<strong>M\u00e9xico<\/strong>. Entre las consultadas se incluyen las autoridades policiales&nbsp;<strong>espa\u00f1olas<\/strong>,&nbsp;<strong>mexicanas<\/strong>&nbsp;y&nbsp;distintas&nbsp;<strong>agencias estadounidenses<\/strong>&nbsp;federales, como la&nbsp;<strong>DEA<\/strong>&nbsp;(administraci\u00f3n de control de drogas, por sus siglas en ingl\u00e9s) o el&nbsp;<strong>Departamento<\/strong>&nbsp;<strong>de<\/strong>&nbsp;<strong>Justicia<\/strong>.<\/p>\n\n\n\n<p id=\"paragraph_2\">Miembros del c\u00e1rtel han establecido dentro de las fronteras espa\u00f1olas un<strong>&nbsp;mercado<\/strong>&nbsp;<strong>de<\/strong>&nbsp;<strong>metanfetaminas<\/strong>&nbsp;que abastecer\u00eda tambi\u00e9n al mercado europeo, mientras se preparan para comenzar a producir&nbsp;<a href=\"https:\/\/www.elespanol.com\/ciencia\/salud\/20240527\/usa-espana-naloxona-farmaco-salvavidas-adictos-fentanilo\/854914941_0.html\"><strong>fentanilo<\/strong>&nbsp;<strong>ilegal<\/strong><\/a>&nbsp;<strong>en<\/strong>&nbsp;<strong>laboratorios.&nbsp;<\/strong>\u00abEs s\u00f3lo cuesti\u00f3n de tiempo que el&nbsp;<strong>CJNG<\/strong>&nbsp;comience a producir y a distribuir fentanilo en&nbsp;<strong>Europa<\/strong>&nbsp;a trav\u00e9s de&nbsp;<strong>Espa\u00f1a<\/strong>. Hay constancia de&nbsp;<strong>operadores<\/strong>&nbsp;<strong>mexicanos<\/strong>&nbsp;que han venido con el prop\u00f3sito de poner en marcha&nbsp;<strong>laboratorios<\/strong>&nbsp;<strong>clandestinos<\/strong>&nbsp;con \u00e9ste producto\u00bb,&nbsp;explican a este medio&nbsp;fuentes dedicadas a la lucha contra el tr\u00e1fico de drogas.<\/p>\n\n\n\n<p id=\"paragraph_3\">Hasta ahora, los&nbsp;<a href=\"https:\/\/www.elespanol.com\/mundo\/america\/20240218\/chiapas-cementerio-carteles-mexicanos-peleas-bandas-drogas-decenas-muertos\/833416789_0.html\"><strong>c\u00e1rteles&nbsp;<\/strong><strong>mexicanos<\/strong><\/a><strong>&nbsp;<\/strong>hab\u00edan concentrado su presencia en el mercado norteamericano, exportando desde&nbsp;<strong>M\u00e9xico<\/strong>&nbsp;hacia los&nbsp;<strong>Estados<\/strong>&nbsp;<strong>Unidos<\/strong>&nbsp;varios tipos de droga (hero\u00edna, coca\u00edna, metanfetaminas, fentanilo y marihuana) e importando desde all\u00ed&nbsp;<strong>armas<\/strong>&nbsp;y&nbsp;<strong>dinero lavado.&nbsp;<\/strong>Los investigadores sostienen que la gran rentabilidad de \u00e9stos negocios durante los \u00faltimos a\u00f1os han potenciado el intento de irrupci\u00f3n en otros mercados lejos de la&nbsp;<strong>frontera<\/strong>&nbsp;<strong>estadounidense<\/strong>.<\/p>\n\n\n\n<p id=\"paragraph_4\">Entre ellos, el&nbsp;<strong>europeo<\/strong>, hist\u00f3ricamente territorio de los grandes grupos del&nbsp;<strong>narcotr\u00e1fico<\/strong>&nbsp;de&nbsp;<strong>Sudam\u00e9rica<\/strong>, y donde otras fuentes sostienen&nbsp;que los ingresos son hasta&nbsp;<strong>diez<\/strong>&nbsp;<strong>veces superiores<\/strong>&nbsp;a los de Estados Unidos. Las autoridades policiales espa\u00f1olas detectaron ya hace unos a\u00f1os una especie de \u00abincursi\u00f3n t\u00edmida\u00bb de los&nbsp;<strong>mexicanos<\/strong>&nbsp;en&nbsp;el viejo continente, a donde tra\u00edan&nbsp;<strong>coca\u00edna<\/strong>&nbsp;producida por laboratorios clandestinos en el&nbsp;<strong>norte de \u00c1frica&nbsp;<\/strong>con la supervisi\u00f3n de \u00abcocineros\u00bb mexicanos.<\/p>\n\n\n\n<p id=\"paragraph_5\">En cualquier caso, todos esos esquemas y\u00a0<em>modus<\/em>\u00a0<em>operandi<\/em>\u00a0han explotado en el \u00faltimo a\u00f1o. En mayo, la\u00a0<strong>Polic\u00eda<\/strong>\u00a0<strong>Nacional<\/strong>\u00a0desarticul\u00f3 una de las facciones del\u00a0<strong>C\u00e1rtel<\/strong>\u00a0<strong>de Sinaloa<\/strong>\u00a0\u2014el m\u00e1s poderoso de\u00a0<strong>M\u00e9xico<\/strong>\u2014 en varios puntos de\u00a0<strong>Espa\u00f1a,\u00a0<\/strong>cuando todav\u00eda muchos crimin\u00f3logos juraban que era imposible que un c\u00e1rtel mexicano estuviera operando en nuestro pa\u00eds. Todas las investigaciones ahora se enfocan\u00a0en su principal rival, el\u00a0<strong>C\u00e1rtel<\/strong>\u00a0<strong>de Jalisco Nueva Generaci\u00f3n,<\/strong>\u00a0una organizaci\u00f3n criminal con menos de\u00a0<strong>15<\/strong>\u00a0<strong>a\u00f1os<\/strong>\u00a0y conocida internacionalmente por la\u00a0<strong>especial dureza<\/strong>\u00a0de sus ataques.<\/p>\n\n\n\n<figure class=\"wp-block-image size-large\"><img decoding=\"async\" width=\"1024\" height=\"632\" src=\"https:\/\/losperiodistas.com.mx\/portal\/wp-content\/uploads\/2024\/07\/Captura-de-pantalla-2024-07-20-a-las-11.52.28\u202fa.m.-1024x632.png\" alt=\"\" class=\"wp-image-80297\" srcset=\"https:\/\/losperiodistas.com.mx\/portal\/wp-content\/uploads\/2024\/07\/Captura-de-pantalla-2024-07-20-a-las-11.52.28\u202fa.m.-1024x632.png 1024w, https:\/\/losperiodistas.com.mx\/portal\/wp-content\/uploads\/2024\/07\/Captura-de-pantalla-2024-07-20-a-las-11.52.28\u202fa.m.-300x185.png 300w, https:\/\/losperiodistas.com.mx\/portal\/wp-content\/uploads\/2024\/07\/Captura-de-pantalla-2024-07-20-a-las-11.52.28\u202fa.m.-768x474.png 768w, https:\/\/losperiodistas.com.mx\/portal\/wp-content\/uploads\/2024\/07\/Captura-de-pantalla-2024-07-20-a-las-11.52.28\u202fa.m..png 1312w\" sizes=\"(max-width: 1024px) 100vw, 1024px\" \/><\/figure>\n\n\n\n<p><a href=\"https:\/\/www.elespanol.com\/mundo\/america\/20240218\/chiapas-cementerio-carteles-mexicanos-peleas-bandas-drogas-decenas-muertos\/833416789_0.html\">[Chiapas, el &#8216;cementerio&#8217; de los c\u00e1rteles mexicanos: peleas de bandas, drogas y decenas de muertos]<\/a><\/p>\n\n\n\n<h3 class=\"wp-block-heading\">De Jalisco a Madrid<\/h3>\n\n\n\n<p id=\"paragraph_6\"><strong>Principios de 2023.<\/strong>&nbsp;Cargamentos de metanfetamina del&nbsp;<strong>C\u00e1rtel<\/strong>&nbsp;<strong>de<\/strong>&nbsp;<strong>Jalisco<\/strong>&nbsp;<strong>Nueva<\/strong>&nbsp;<strong>Generaci\u00f3n<\/strong>&nbsp;comienzan a llegar a&nbsp;<strong>Espa\u00f1a.<\/strong>&nbsp;El destino principal es&nbsp;<strong>\u00c1msterdam,<\/strong>&nbsp;un mercado en el que el&nbsp;<strong>C\u00e1rtel<\/strong>&nbsp;<strong>de<\/strong>&nbsp;<strong>Sinaloa<\/strong>&nbsp;ya tiene experiencia, pero en el que sus rivales de&nbsp;<strong>Jalisco<\/strong>&nbsp;a penas comienzan a probar. Lo f\u00e1cil hubiera sido establecerse en los&nbsp;<strong>Pa\u00edses Bajos:<\/strong>&nbsp;las materias primas suelen entrar sin muchas dificultades en sus puertos y con mucha rapidez se activan&nbsp;<strong>laboratorios<\/strong>&nbsp;<strong>clandestinos<\/strong>&nbsp;por toda la ciudad.<\/p>\n\n\n\n<p id=\"paragraph_7\">Hay algo, sin embargo, que un operador del\u00a0<strong>CJNG<\/strong>\u00a0ve en\u00a0<strong>Espa\u00f1a<\/strong>\u00a0y no en\u00a0<strong>Holanda<\/strong>.\u00a0Un agente de la\u00a0<strong>Fiscal\u00eda<\/strong>\u00a0<strong>Especializada<\/strong>\u00a0<strong>en<\/strong>\u00a0<strong>Delincuencia<\/strong>\u00a0<strong>Organizada<\/strong>\u00a0del Gobierno de M\u00e9xico explic\u00f3 a EL ESPA\u00d1OL | Porfolio al comienzo de \u00e9sta investigaci\u00f3n que los\u00a0<strong>c\u00e1rteles<\/strong>\u00a0<strong>mexicanos<\/strong>\u00a0ve\u00edan a\u00a0<strong>Espa\u00f1a<\/strong>\u00a0como \u00abun para\u00edso\u00bb. \u00abLos operadores de c\u00e1rteles mexicanos que se han establecido en\u00a0<strong>Espa\u00f1a\u00a0<\/strong>lo han hecho en lo que conocemos como\u00a0<strong>&#8216;Laponia espa\u00f1ola&#8217;<\/strong>, una zona bastante despoblada donde no solamente se pueden almacenar bien las sustancias en grandes casas, sino que adem\u00e1s pueden producirlas de la misma manera que lo hacen aqu\u00ed\u00bb.<\/p>\n\n\n\n<p class=\"has-medium-font-size\"><strong>El \u00abtri\u00e1ngulo\u00bb en el que se han establecido los c\u00e1rteles mexicanos en Espa\u00f1a<\/strong><\/p>\n\n\n\n<figure class=\"wp-block-image size-large\"><img decoding=\"async\" width=\"1024\" height=\"874\" src=\"https:\/\/losperiodistas.com.mx\/portal\/wp-content\/uploads\/2024\/07\/Captura-de-pantalla-2024-07-20-a-las-11.52.42\u202fa.m.-1024x874.png\" alt=\"\" class=\"wp-image-80298\" srcset=\"https:\/\/losperiodistas.com.mx\/portal\/wp-content\/uploads\/2024\/07\/Captura-de-pantalla-2024-07-20-a-las-11.52.42\u202fa.m.-1024x874.png 1024w, https:\/\/losperiodistas.com.mx\/portal\/wp-content\/uploads\/2024\/07\/Captura-de-pantalla-2024-07-20-a-las-11.52.42\u202fa.m.-300x256.png 300w, https:\/\/losperiodistas.com.mx\/portal\/wp-content\/uploads\/2024\/07\/Captura-de-pantalla-2024-07-20-a-las-11.52.42\u202fa.m.-768x655.png 768w, https:\/\/losperiodistas.com.mx\/portal\/wp-content\/uploads\/2024\/07\/Captura-de-pantalla-2024-07-20-a-las-11.52.42\u202fa.m..png 1322w\" sizes=\"(max-width: 1024px) 100vw, 1024px\" \/><\/figure>\n\n\n\n<p id=\"paragraph_8\">Con&nbsp;<strong>\u00abLaponia espa\u00f1ola\u00bb<\/strong>&nbsp;hace referencia al tri\u00e1ngulo que atraviesa las provincias de Soria, Teruel, Guadalajara y Cuenca. Pero, de una manera m\u00e1s gen\u00e9rica, en&nbsp;<strong>M\u00e9xico<\/strong>&nbsp;lo utilizan para referirse tambi\u00e9n a lo que aqu\u00ed llamamos&nbsp;<strong>\u00abEspa\u00f1a vaciada\u00bb<\/strong>: diversas zonas del territorio espa\u00f1ol con \u00edndices de poblaci\u00f3n muy bajos donde los grupos del&nbsp;<strong>crimen<\/strong>&nbsp;<strong>organizado<\/strong>&nbsp;han encontrado su lugar, en grandes casas en las que establecer laboratorios clandestinos de&nbsp;<strong>drogas<\/strong>&nbsp;<strong>sint\u00e9ticas<\/strong>&nbsp;para despu\u00e9s almacenarlas.<\/p>\n\n\n\n<p id=\"paragraph_9\">La&nbsp;<strong>DEA<\/strong>, que es adem\u00e1s colaboradora recurrente con&nbsp;la&nbsp;<strong>Polic\u00eda<\/strong>&nbsp;<strong>Nacional<\/strong>, sostiene que los&nbsp;<strong>c\u00e1rteles<\/strong>&nbsp;<strong>mexicanos<\/strong>&nbsp;en Espa\u00f1a se diferencian mucho de lo que son en su pa\u00eds de origen: \u00abMantienen un perfil muy bajo, son muy discretos, no les interesa para nada ser protagonistas y, a diferencia de lo que vemos en M\u00e9xico, que son muy herm\u00e9ticos y territoriales, en Espa\u00f1a&nbsp;<strong>cooperan con redes ya basadas<\/strong>\u00ab.<\/p>\n\n\n\n<p id=\"paragraph_10\">La&nbsp;<strong>discreci\u00f3n<\/strong>, una \u00abhabilidad\u00bb que en M\u00e9xico el&nbsp;<strong>C\u00e1rtel de Jalisco Nueva Generaci\u00f3n<\/strong>&nbsp;no utiliza \u2014son bien conocidos por utilizar&nbsp;<strong>simbolog\u00eda<\/strong>&nbsp;del c\u00e1rtel y exponerla a trav\u00e9s de&nbsp;<strong>redes<\/strong>&nbsp;<strong>sociales<\/strong>\u2014, habr\u00eda ayudado en la penetraci\u00f3n del&nbsp;<strong>mercado<\/strong>&nbsp;<strong>europeo<\/strong>, en una especie de ramificaci\u00f3n con la ayuda de cooperantes espa\u00f1oles. \u00abNunca vas a ver a&nbsp;<strong>cinco<\/strong>&nbsp;<strong>mexicanos<\/strong>&nbsp;en un coche, escuchando&nbsp;<strong>narcocorridos<\/strong>&nbsp;y vistiendo de manera muy llamativa. Esta red en concreto se sustenta gracias a&nbsp;<strong>traficantes<\/strong>&nbsp;<strong>locales<\/strong>\u00ab, sostiene otra fuente cercana a la investigaci\u00f3n policial.<\/p>\n\n\n\n<p id=\"paragraph_11\">Mientras el\u00a0<strong>C\u00e1rtel<\/strong>\u00a0<strong>de<\/strong>\u00a0<strong>Jalisco<\/strong>\u00a0preparaba su incursi\u00f3n en Espa\u00f1a, agentes de la\u00a0<strong>Polic\u00eda<\/strong>\u00a0<strong>Nacional<\/strong>\u00a0trataban de desarticular una peque\u00f1a ramificaci\u00f3n que el\u00a0<strong>C\u00e1rtel<\/strong>\u00a0<strong>de<\/strong>\u00a0<strong>Sinaloa<\/strong>\u00a0habr\u00eda conseguido establecer en territorio espa\u00f1ol hace unos a\u00f1os. La forma de operaci\u00f3n de los del &#8216;<strong>Chapo Guzm\u00e1n&#8217;<\/strong>\u00a0es muy similar a la utilizada posteriormente por los de\u00a0<strong>Jalisco:<\/strong>\u00a0grandes cargamentos de drogas almacenados (se incautaron 2.000 kg de metanfetaminas), un\u00a0<strong>l\u00edder<\/strong>\u00a0<strong>mexicano<\/strong>\u00a0y el resto de operadores espa\u00f1oles.<\/p>\n\n\n\n<figure class=\"wp-block-image size-large\"><img loading=\"lazy\" decoding=\"async\" width=\"1024\" height=\"636\" src=\"https:\/\/losperiodistas.com.mx\/portal\/wp-content\/uploads\/2024\/07\/Captura-de-pantalla-2024-07-20-a-las-11.52.56\u202fa.m.-1024x636.png\" alt=\"\" class=\"wp-image-80299\" srcset=\"https:\/\/losperiodistas.com.mx\/portal\/wp-content\/uploads\/2024\/07\/Captura-de-pantalla-2024-07-20-a-las-11.52.56\u202fa.m.-1024x636.png 1024w, https:\/\/losperiodistas.com.mx\/portal\/wp-content\/uploads\/2024\/07\/Captura-de-pantalla-2024-07-20-a-las-11.52.56\u202fa.m.-300x186.png 300w, https:\/\/losperiodistas.com.mx\/portal\/wp-content\/uploads\/2024\/07\/Captura-de-pantalla-2024-07-20-a-las-11.52.56\u202fa.m.-768x477.png 768w, https:\/\/losperiodistas.com.mx\/portal\/wp-content\/uploads\/2024\/07\/Captura-de-pantalla-2024-07-20-a-las-11.52.56\u202fa.m..png 1310w\" sizes=\"(max-width: 1024px) 100vw, 1024px\" \/><\/figure>\n\n\n\n<p><a href=\"https:\/\/www.elespanol.com\/mundo\/america\/20240329\/nueva-mina-oro-narco-cartel-jalisco-saca-millones-estafas-ancianos-eeuu\/841666188_0.html\">[La nueva mina de oro del narco: el C\u00e1rtel de Jalisco saca 350 millones de estafas a ancianos de EEUU]<\/a><\/p>\n\n\n\n<h3 class=\"wp-block-heading\">Producir fentanilo<\/h3>\n\n\n\n<p id=\"paragraph_12\">Pero hay m\u00e1s. Seg\u00fan las mismas fuentes internacionales,&nbsp;<strong>C\u00e1rtel<\/strong>&nbsp;<strong>de<\/strong>&nbsp;<strong>Jalisco<\/strong>&nbsp;<strong>Nueva<\/strong>&nbsp;<strong>Generaci\u00f3n<\/strong>&nbsp;ser\u00eda el primero en intentar&nbsp;<strong>producir fentanilo<\/strong>&nbsp;en territorio espa\u00f1ol para despu\u00e9s&nbsp;<strong>distribuirlo<\/strong>&nbsp;<strong>por<\/strong>&nbsp;<strong>toda<\/strong>&nbsp;<strong>Europa<\/strong>. En Estados Unidos son bien conocidos por ser \u00abgrandes profesionales\u00bb en la producci\u00f3n de \u00e9ste opi\u00e1ceo, que distribuyen a trav\u00e9s de las ciudades fronterizas, y que causa miles de muertes anualmente en&nbsp;<strong>Norteam\u00e9rica<\/strong>.<\/p>\n\n\n\n<p id=\"paragraph_13\">En&nbsp;<strong>junio<\/strong>&nbsp;<strong>de<\/strong>&nbsp;<strong>2023<\/strong>, en plena fase de establecimiento del&nbsp;<strong>CJNG<\/strong>&nbsp;en Espa\u00f1a, la&nbsp;<strong>Polic\u00eda<\/strong>&nbsp;<strong>Nacional<\/strong>, junto a miembros de la&nbsp;<strong>DEA<\/strong>&nbsp;y en base a una orden de&nbsp;<strong>Interpol<\/strong>, detuvo en el Aeropuerto de Madrid-Barajas a un&nbsp;<strong>hombre mexicano<\/strong>&nbsp;de&nbsp;<strong>34 a\u00f1os<\/strong>&nbsp;que responde a las iniciales&nbsp;<strong>A. K.<\/strong>&nbsp;Se trata del l\u00edder de una de las&nbsp;<strong>facciones<\/strong>&nbsp;m\u00e1s importantes del&nbsp;<strong>C\u00e1rtel<\/strong>&nbsp;<strong>de<\/strong>&nbsp;<strong>Jalisco<\/strong>&nbsp;en el estado mexicano de&nbsp;<strong>Tijuana<\/strong>, conocido popularmente como C\u00e1rtel de Tijuana Nueva Generaci\u00f3n, despu\u00e9s de que \u00e9ste se uniera al de los Arellano F\u00e9lix.<\/p>\n\n\n\n<p id=\"paragraph_14\">Su cometido era la producci\u00f3n del \u00abfentanilo m\u00e1s puro que jam\u00e1s se ha visto\u00bb, seg\u00fan afirman fuentes del&nbsp;<strong>Departamento de Justicia<\/strong>&nbsp;de Estados Unidos. El detenido fue extraditado a&nbsp;<strong>Estados<\/strong>&nbsp;<strong>Unidos<\/strong>&nbsp;en noviembre de 2023 y posteriormente juzgado en el estado de&nbsp;<strong>California<\/strong>&nbsp;por varios delitos. El principal la&nbsp;<strong>coordinaci\u00f3n<\/strong>&nbsp;y&nbsp;<strong>distribuci\u00f3n<\/strong>&nbsp;de fentanilo, metanfetaminas y coca\u00edna desde M\u00e9xico hasta la ciudad de San Diego, en la costa oeste. Su detenci\u00f3n en Espa\u00f1a, cuando ya se hab\u00eda embarcado en un vuelo con destino a la&nbsp;<strong>Ciudad<\/strong>&nbsp;<strong>de<\/strong>&nbsp;<strong>M\u00e9xico<\/strong>, fue difundida por los medios de comunicaci\u00f3n pero la informaci\u00f3n alrededor del caso qued\u00f3&nbsp;<strong>reservada<\/strong>.<\/p>\n\n\n\n<p id=\"paragraph_15\">La&nbsp;<strong>hip\u00f3tesis<\/strong>&nbsp;<strong>principal<\/strong>&nbsp;de los investigadores internacionales es que&nbsp;<strong>A. K.<\/strong>&nbsp;se encontraba en&nbsp;<strong>Espa\u00f1a<\/strong>&nbsp;estableciendo la&nbsp;<strong>base<\/strong>&nbsp;<strong>de<\/strong>&nbsp;<strong>operaciones<\/strong>&nbsp;del c\u00e1rtel dirigido por&nbsp;<strong>Nemesio<\/strong>&nbsp;<strong>Oseguera<\/strong>, alias&nbsp;<em>El Mencho<\/em>.&nbsp;\u00abSe traslada para compartir con sus&nbsp;<strong>hom\u00f3logos<\/strong>&nbsp;su pericia en la instalaci\u00f3n de&nbsp;<strong>laboratorios<\/strong>&nbsp;y posteriormente en esa&nbsp;<strong>producci\u00f3n\u00bb<\/strong>, sostienen.<\/p>\n\n\n\n<p id=\"paragraph_16\"><\/p>\n\n\n\n<figure class=\"wp-block-image size-large\"><img loading=\"lazy\" decoding=\"async\" width=\"1024\" height=\"630\" src=\"https:\/\/losperiodistas.com.mx\/portal\/wp-content\/uploads\/2024\/07\/Captura-de-pantalla-2024-07-20-a-las-11.53.09\u202fa.m.-1024x630.png\" alt=\"\" class=\"wp-image-80301\" srcset=\"https:\/\/losperiodistas.com.mx\/portal\/wp-content\/uploads\/2024\/07\/Captura-de-pantalla-2024-07-20-a-las-11.53.09\u202fa.m.-1024x630.png 1024w, https:\/\/losperiodistas.com.mx\/portal\/wp-content\/uploads\/2024\/07\/Captura-de-pantalla-2024-07-20-a-las-11.53.09\u202fa.m.-300x184.png 300w, https:\/\/losperiodistas.com.mx\/portal\/wp-content\/uploads\/2024\/07\/Captura-de-pantalla-2024-07-20-a-las-11.53.09\u202fa.m.-768x472.png 768w, https:\/\/losperiodistas.com.mx\/portal\/wp-content\/uploads\/2024\/07\/Captura-de-pantalla-2024-07-20-a-las-11.53.09\u202fa.m..png 1314w\" sizes=\"(max-width: 1024px) 100vw, 1024px\" \/><\/figure>\n\n\n\n<p><\/p>\n\n\n\n<p id=\"paragraph_17\">Desde la&nbsp;<strong>Oficina<\/strong>&nbsp;<strong>de<\/strong>&nbsp;<strong>Asuntos<\/strong>&nbsp;<strong>Internacionales<\/strong>&nbsp;estadounidense ponen en valor la ejecuci\u00f3n por parte de las autoridades espa\u00f1olas: \u00abPara&nbsp;<strong>Estados Unidos<\/strong>&nbsp;ha sido una detenci\u00f3n extraordinaria. Es una persona que ha dedicado toda su vida al crimen organizado, con una gran poder en el tr\u00e1fico de drogas fronterizo. En 2017, con la uni\u00f3n de varios grupos criminales de la zona, \u00e9l pasa a ser uno de los grandes l\u00edderes del&nbsp;<strong>C\u00e1rtel<\/strong>&nbsp;<strong>de<\/strong>&nbsp;<strong>Jalisco<\/strong>&nbsp;<strong>Nueva<\/strong>&nbsp;<strong>Generaci\u00f3n<\/strong>&nbsp;en la ciudad de&nbsp;<strong>Tijuana\u00bb.<\/strong><\/p>\n\n\n\n<p id=\"paragraph_18\">Seg\u00fan otras fuentes, dedicadas exclusivamente a la investigaci\u00f3n de los&nbsp;<strong>c\u00e1rteles<\/strong>&nbsp;<strong>mexicanos<\/strong>&nbsp;en Estados Unidos, la cooperaci\u00f3n de este tipo es un hecho bastante novedoso: \u00abEllos&nbsp;son muy&nbsp;<strong>reservados<\/strong>&nbsp;a la hora de revelar sus formas de trabajo. Lo que estamos viendo es que a \u00e9stas&nbsp;<strong>peque\u00f1as<\/strong>&nbsp;<strong>facciones<\/strong>&nbsp;que se van desarrollando en otras partes del mundo se les permite mucha m\u00e1s libertad\u00bb.<\/p>\n\n\n\n<p id=\"paragraph_19\">Europa no tiene todav\u00eda un problema de\u00a0<strong>adicci\u00f3n al fentanilo<\/strong>\u00a0ni tampoco de\u00a0<strong>producci\u00f3n<\/strong>\u00a0<strong>ilegal<\/strong>\u00a0o narcotr\u00e1fico. Sin embargo, los expertos en\u00a0<strong>M\u00e9xico<\/strong>\u00a0alertan al viejo continente: \u00abHace unos a\u00f1os no ten\u00edamos aqu\u00ed ese problema tampoco. Si acaso la adicci\u00f3n m\u00e1s grave era la\u00a0<strong>hero\u00edna<\/strong>, pero de aqu\u00ed a unos a\u00f1os\u00a0<strong>el mercado<\/strong>\u00a0<strong>explosion\u00f3<\/strong>\u00a0<strong>con<\/strong>\u00a0<strong>e<\/strong>l\u00a0<strong>fentanilo<\/strong>. Los europeos tienen hist\u00f3ricamente un problema de\u00a0<strong>tr\u00e1fico<\/strong>\u00a0<strong>de<\/strong>\u00a0<strong>drogas<\/strong>, sus redes est\u00e1n muy bien establecidas, y claro que el\u00a0<strong>C\u00e1rtel<\/strong>\u00a0<strong>de<\/strong>\u00a0<strong>Jalisco<\/strong>\u00a0y tambi\u00e9n otros van a intentar aprovechar ese fil\u00f3n\u00bb, explican desde la\u00a0<strong>Fiscal\u00eda<\/strong>\u00a0<strong>Especializada<\/strong>\u00a0<strong>en<\/strong>\u00a0<strong>Delincuencia<\/strong>\u00a0<strong>Organizada.<\/strong><\/p>\n\n\n\n<p id=\"paragraph_19\"><a href=\"https:\/\/www.elespanol.com\/mundo\/america\/20231004\/linkedin-narco-mayor-cartel-mexico-recluta-sicarios-traves-facebook-instagram\/798920428_0.html\">[Un LinkedIn para el narco: el mayor c\u00e1rtel de M\u00e9xico recluta sicarios a trav\u00e9s de Facebook e Instagram]<\/a><\/p>\n\n\n\n<h3 class=\"wp-block-heading\">Las cuatro letras<\/h3>\n\n\n\n<p id=\"paragraph_20\">El&nbsp;<strong>C\u00e1rtel<\/strong>&nbsp;<strong>de Jalisco Nueva Generaci\u00f3n<\/strong>, usualmente conocido como \u00abel c\u00e1rtel de las cuatro letras\u00bb, protagoniza la mayor\u00eda de los enfrentamientos entre narcos que dejan&nbsp;<strong>miles<\/strong>&nbsp;<strong>de<\/strong>&nbsp;<strong>muertos<\/strong>&nbsp;en el pa\u00eds azteca cada a\u00f1o. Una de sus unidades, autodenominados&nbsp;<strong>\u00ablos&nbsp;<em>droneros<\/em><\/strong>\u00ab, son especialistas en los&nbsp;<strong>ataques<\/strong>&nbsp;<strong>con<\/strong>&nbsp;<strong>explosivos<\/strong>&nbsp;a trav\u00e9s de drones, que no distinguen entre civiles o fuerzas de seguridad p\u00fablica.&nbsp;<\/p>\n\n\n\n<p id=\"paragraph_21\">En&nbsp;<strong>Espa\u00f1a<\/strong>&nbsp;se han introducido de manera \u00ab<strong>silenciosa<\/strong>\u00bb pero bastante&nbsp;<strong>\u00abefectiva\u00bb.<\/strong>&nbsp;El 23 de mayo de 2023, la&nbsp;<strong>Guardia<\/strong>&nbsp;<strong>Civil<\/strong>&nbsp;incaut\u00f3&nbsp;<strong>12 kilogramos<\/strong>&nbsp;<strong>de<\/strong>&nbsp;<strong>coca\u00edna<\/strong>&nbsp;en \u00c1vila de los que cuatro de ellos llevaban un sello con las letras&nbsp;<strong>CJNG<\/strong>. En nota de prensa, el&nbsp;<strong>Ministerio<\/strong>&nbsp;<strong>del<\/strong>&nbsp;<strong>Interior<\/strong>&nbsp;lleg\u00f3 a afirmar que \u00e9stos podr\u00edan ser parte del C\u00e1rtel de Jalisco Nueva Generaci\u00f3n y saltaron las primeras alarmas. Sin embargo, era un error: fuentes de la&nbsp;<strong>DEA<\/strong>&nbsp;y de las&nbsp;<strong>autoridades<\/strong>&nbsp;<strong>mexicanas<\/strong>&nbsp;aseguran que ese sello no es del CJNG. \u00abSe trata de un simple&nbsp;<strong>intento<\/strong>&nbsp;<strong>de<\/strong>&nbsp;<strong>simulaci\u00f3n<\/strong>, algo habitual, a los paquetes de droga se les a\u00f1ade ilustraciones de \u00e9ste tipo por todo el mundo\u00bb.<\/p>\n\n\n\n<p id=\"paragraph_22\">En\u00a0<strong>M\u00e9xico,<\/strong>\u00a0el\u00a0<strong>Cartel<\/strong>\u00a0<strong>de<\/strong>\u00a0<strong>Jalisco<\/strong>\u00a0<strong>Nueva Generaci\u00f3n<\/strong>\u00a0asesina, secuestra, tortura, trafica y lava dinero. Es un grupo criminal relativamente nuevo, fundado en\u00a0<strong>2010<\/strong>\u00a0tras la muerte de uno de los l\u00edderes del\u00a0<strong>C\u00e1rtel<\/strong>\u00a0<strong>de<\/strong>\u00a0<strong>Sinaloa<\/strong>, quien se especializaba en la producci\u00f3n de\u00a0<strong>metanfetamina<\/strong>\u00a0en el estado de\u00a0<strong>Jalisco<\/strong>. De aquel golpe surgi\u00f3 el\u00a0<strong>CJNG<\/strong>\u00a0como una\u00a0<strong>nueva<\/strong>\u00a0<strong>facci\u00f3n,<\/strong>\u00a0desarrollado hasta convertirse en el segundo grupo del crimen organizado m\u00e1s poderoso del pa\u00eds y el considerado\u00a0<strong>m\u00e1s<\/strong>\u00a0<strong>peligroso<\/strong>\u00a0de todos.<\/p>\n\n\n\n<figure class=\"wp-block-image size-large\"><img loading=\"lazy\" decoding=\"async\" width=\"1024\" height=\"640\" src=\"https:\/\/losperiodistas.com.mx\/portal\/wp-content\/uploads\/2024\/07\/Captura-de-pantalla-2024-07-20-a-las-11.53.20\u202fa.m.-1024x640.png\" alt=\"\" class=\"wp-image-80300\" srcset=\"https:\/\/losperiodistas.com.mx\/portal\/wp-content\/uploads\/2024\/07\/Captura-de-pantalla-2024-07-20-a-las-11.53.20\u202fa.m.-1024x640.png 1024w, https:\/\/losperiodistas.com.mx\/portal\/wp-content\/uploads\/2024\/07\/Captura-de-pantalla-2024-07-20-a-las-11.53.20\u202fa.m.-300x188.png 300w, https:\/\/losperiodistas.com.mx\/portal\/wp-content\/uploads\/2024\/07\/Captura-de-pantalla-2024-07-20-a-las-11.53.20\u202fa.m.-768x480.png 768w, https:\/\/losperiodistas.com.mx\/portal\/wp-content\/uploads\/2024\/07\/Captura-de-pantalla-2024-07-20-a-las-11.53.20\u202fa.m..png 1312w\" sizes=\"(max-width: 1024px) 100vw, 1024px\" \/><\/figure>\n\n\n\n<p id=\"paragraph_23\">Polic\u00edas, jueces y periodistas son v\u00edctimas a diario de los ataques del&nbsp;<strong>C\u00e1rtel<\/strong>&nbsp;<strong>de<\/strong>&nbsp;<strong>Jalisco<\/strong>&nbsp;<strong>Nueva<\/strong>&nbsp;<strong>Generaci\u00f3n&nbsp;<\/strong>en M\u00e9xico y en otros puntos del mundo.&nbsp;Debido a ello, todas la fuentes consultadas&nbsp;\u2014en Estados Unidos, M\u00e9xico y Espa\u00f1a\u2014 y posteriormente publicadas en este reportaje han decidido&nbsp;<strong>mantenerse<\/strong>&nbsp;<strong>en el anonimato,<\/strong>&nbsp;queriendo relevar \u00fanicamente una peque\u00f1a descripci\u00f3n laboral, algunos, o siendo fuentes completamente reservadas, otros.<\/p>\n\n\n\n<p id=\"paragraph_24\">Por otro lado,\u00a0<strong>autoridades<\/strong>\u00a0<strong>mexicanas<\/strong>\u00a0y\u00a0<strong>estadounidenses<\/strong>\u00a0consultadas en \u00e9sta investigaci\u00f3n han asegurado que el\u00a0<strong>CJNG<\/strong>\u00a0no se encuentra \u00fanicamente adentr\u00e1ndose en el\u00a0<strong>mercado<\/strong>\u00a0<strong>europeo<\/strong>, sino que tambi\u00e9n estar\u00edan haciendo lo mismo en el asi\u00e1tico y el australiano.\u00a0<\/p>\n\n\n\n<p>Fuente: <a href=\"https:\/\/www.elespanol.com\/porfolio\/actualidad\/20240720\/cartel-jalisco-opera-espana-hace-ano-trae-metanfetaminas-mexico-prepara-producir-fentanilo\/870663153_0.html\">https:\/\/www.elespanol.com\/porfolio\/actualidad\/20240720\/cartel-jalisco-opera-espana-hace-ano-trae-metanfetaminas-mexico-prepara-producir-fentanilo\/870663153_0.html<\/a><\/p>\n","protected":false},"excerpt":{"rendered":"<p>Una investigaci\u00f3n de EL ESPA\u00d1OL | Porfolio iniciada hace meses en M\u00e9xico desvela c\u00f3mo act\u00faa en suelo europeo el que [&hellip;]<\/p>\n","protected":false},"author":1,"featured_media":80296,"comment_status":"open","ping_status":"open","sticky":false,"template":"","format":"standard","meta":{"site-sidebar-layout":"default","site-content-layout":"","ast-site-content-layout":"default","site-content-style":"default","site-sidebar-style":"default","ast-global-header-display":"","ast-banner-title-visibility":"","ast-main-header-display":"","ast-hfb-above-header-display":"","ast-hfb-below-header-display":"","ast-hfb-mobile-header-display":"","site-post-title":"","ast-breadcrumbs-content":"","ast-featured-img":"","footer-sml-layout":"","theme-transparent-header-meta":"","adv-header-id-meta":"","stick-header-meta":"","header-above-stick-meta":"","header-main-stick-meta":"","header-below-stick-meta":"","astra-migrate-meta-layouts":"default","ast-page-background-enabled":"default","ast-page-background-meta":{"desktop":{"background-color":"var(--ast-global-color-4)","background-image":"","background-repeat":"repeat","background-position":"center center","background-size":"auto","background-attachment":"scroll","background-type":"","background-media":"","overlay-type":"","overlay-color":"","overlay-opacity":"","overlay-gradient":""},"tablet":{"background-color":"","background-image":"","background-repeat":"repeat","background-position":"center center","background-size":"auto","background-attachment":"scroll","background-type":"","background-media":"","overlay-type":"","overlay-color":"","overlay-opacity":"","overlay-gradient":""},"mobile":{"background-color":"","background-image":"","background-repeat":"repeat","background-position":"center center","background-size":"auto","background-attachment":"scroll","background-type":"","background-media":"","overlay-type":"","overlay-color":"","overlay-opacity":"","overlay-gradient":""}},"ast-content-background-meta":{"desktop":{"background-color":"var(--ast-global-color-5)","background-image":"","background-repeat":"repeat","background-position":"center center","background-size":"auto","background-attachment":"scroll","background-type":"","background-media":"","overlay-type":"","overlay-color":"","overlay-opacity":"","overlay-gradient":""},"tablet":{"background-color":"var(--ast-global-color-5)","background-image":"","background-repeat":"repeat","background-position":"center center","background-size":"auto","background-attachment":"scroll","background-type":"","background-media":"","overlay-type":"","overlay-color":"","overlay-opacity":"","overlay-gradient":""},"mobile":{"background-color":"var(--ast-global-color-5)","background-image":"","background-repeat":"repeat","background-position":"center center","background-size":"auto","background-attachment":"scroll","background-type":"","background-media":"","overlay-type":"","overlay-color":"","overlay-opacity":"","overlay-gradient":""}},"footnotes":""},"categories":[8],"tags":[27796,11389,14546],"class_list":["post-80295","post","type-post","status-publish","format-standard","has-post-thumbnail","hentry","category-noticias","tag-cjng-en-espana","tag-fentanilo","tag-metanfetaminas"],"_links":{"self":[{"href":"https:\/\/losperiodistas.com.mx\/portal\/wp-json\/wp\/v2\/posts\/80295","targetHints":{"allow":["GET"]}}],"collection":[{"href":"https:\/\/losperiodistas.com.mx\/portal\/wp-json\/wp\/v2\/posts"}],"about":[{"href":"https:\/\/losperiodistas.com.mx\/portal\/wp-json\/wp\/v2\/types\/post"}],"author":[{"embeddable":true,"href":"https:\/\/losperiodistas.com.mx\/portal\/wp-json\/wp\/v2\/users\/1"}],"replies":[{"embeddable":true,"href":"https:\/\/losperiodistas.com.mx\/portal\/wp-json\/wp\/v2\/comments?post=80295"}],"version-history":[{"count":1,"href":"https:\/\/losperiodistas.com.mx\/portal\/wp-json\/wp\/v2\/posts\/80295\/revisions"}],"predecessor-version":[{"id":80302,"href":"https:\/\/losperiodistas.com.mx\/portal\/wp-json\/wp\/v2\/posts\/80295\/revisions\/80302"}],"wp:featuredmedia":[{"embeddable":true,"href":"https:\/\/losperiodistas.com.mx\/portal\/wp-json\/wp\/v2\/media\/80296"}],"wp:attachment":[{"href":"https:\/\/losperiodistas.com.mx\/portal\/wp-json\/wp\/v2\/media?parent=80295"}],"wp:term":[{"taxonomy":"category","embeddable":true,"href":"https:\/\/losperiodistas.com.mx\/portal\/wp-json\/wp\/v2\/categories?post=80295"},{"taxonomy":"post_tag","embeddable":true,"href":"https:\/\/losperiodistas.com.mx\/portal\/wp-json\/wp\/v2\/tags?post=80295"}],"curies":[{"name":"wp","href":"https:\/\/api.w.org\/{rel}","templated":true}]}}