{"id":80272,"date":"2024-07-20T11:10:00","date_gmt":"2024-07-20T16:10:00","guid":{"rendered":"https:\/\/losperiodistas.com.mx\/portal\/?p=80272"},"modified":"2024-07-20T11:35:31","modified_gmt":"2024-07-20T16:35:31","slug":"la-lucha-hoy-por-la-supervivencia-del-hospital-que-hernan-cortes-lego-a-mexico-hace-500-anos-cronica","status":"publish","type":"post","link":"https:\/\/losperiodistas.com.mx\/portal\/la-lucha-hoy-por-la-supervivencia-del-hospital-que-hernan-cortes-lego-a-mexico-hace-500-anos-cronica\/","title":{"rendered":"La lucha hoy por la supervivencia del hospital que Hern\u00e1n Cort\u00e9s leg\u00f3 a M\u00e9xico hace 500 a\u00f1os | CR\u00d3NICA"},"content":{"rendered":"\n<p class=\"has-background has-medium-font-size\" style=\"background-color:#69f290\">Pionero en medicina y emblema del mestizaje, el Hospital de Jes\u00fas se levanta donde el extreme\u00f1o y Moctezuma se reunieron por primera vez, en 1519. Sin una sola ayuda del Gobierno, que lo asfixia as\u00ed, se teme por su continuidad<\/p>\n\n\n\n<figure class=\"wp-block-image size-large\"><img fetchpriority=\"high\" decoding=\"async\" width=\"1024\" height=\"682\" src=\"https:\/\/losperiodistas.com.mx\/portal\/wp-content\/uploads\/2024\/07\/17208148445718-1024x682.jpeg\" alt=\"\" class=\"wp-image-80273\" srcset=\"https:\/\/losperiodistas.com.mx\/portal\/wp-content\/uploads\/2024\/07\/17208148445718-1024x682.jpeg 1024w, https:\/\/losperiodistas.com.mx\/portal\/wp-content\/uploads\/2024\/07\/17208148445718-300x200.jpeg 300w, https:\/\/losperiodistas.com.mx\/portal\/wp-content\/uploads\/2024\/07\/17208148445718-768x512.jpeg 768w, https:\/\/losperiodistas.com.mx\/portal\/wp-content\/uploads\/2024\/07\/17208148445718.jpeg 1220w\" sizes=\"(max-width: 1024px) 100vw, 1024px\" \/><figcaption>Escena que recrea la llegada de Hern\u00e1n Cort\u00e9s a M\u00e9xico, en el hospital de Jes\u00fas.CR\u00d3NICA<\/figcaption><\/figure>\n\n\n\n<p class=\"has-vivid-red-color has-text-color has-medium-font-size\"><strong>Maite Rico \/ CR\u00d3NICA<\/strong><\/p>\n\n\n\n<p><strong>Con 62 a\u00f1os, enfermo, retenido en Espa\u00f1a por la burocracia judicial<\/strong>, agraviado por los desaires de Carlos V,&nbsp;<a href=\"https:\/\/www.elmundo.es\/cultura\/literatura\/2021\/04\/17\/60797d9cfdddff46258b45f1.html\" target=\"_blank\" rel=\"noreferrer noopener\"><strong>Hern\u00e1n Cort\u00e9s<\/strong>&nbsp;es consciente de que no va a poder regresar a su a\u00f1orada tierra mexicana<\/a>. En octubre de 1547, dos meses antes de su muerte, dicta en Sevilla testamento, para dejar en orden sus asuntos. Entre ellos, su legado m\u00e1s preciado: I<em>tem mando que la obra del hospital de Nuestra Se\u00f1ora en la ciudad de M\u00e9xico se acabe a mi costa, seg\u00fan e de la manera que est\u00e1 trazado.<\/em><\/p>\n\n\n\n<p>Cort\u00e9s hab\u00eda ordenado construir el hospital de la Pur\u00edsima Concepci\u00f3n de Nuestra Se\u00f1ora inmediatamente despu\u00e9s de la conquista de Tenochtitlan, la capital del imperio azteca, en 1521. La primera constancia de su existencia es un acta del cabildo de Ciudad de M\u00e9xico de 1524. El lugar escogido, dice la tradici\u00f3n,&nbsp;<strong>es el paraje donde Cort\u00e9s y Moctezuma se reunieron por primera vez en 1519.<\/strong><\/p>\n\n\n\n<p>Al conquistador le costar\u00eda hoy reconocer la Calzada de Iztapalapa prehisp\u00e1nica en la bulliciosa calle de Pino Su\u00e1rez, en pleno centro de la metr\u00f3poli mexicana. Pero se sentir\u00eda en casa en cuanto entrara en el hospital, que sigue en funcionamiento desde hace 500 a\u00f1os.&nbsp;<strong>Los dos patios ajardinados<\/strong>, flanqueados por arcos renacentistas, la escalera monumental y las hermosas galer\u00edas se conservan intactos. Con el nombre de Hospital de Jes\u00fas,&nbsp;<strong>es el m\u00e1s antiguo de la hispanidad.<\/strong><\/p>\n\n\n\n<figure class=\"wp-block-image\"><img decoding=\"async\" src=\"https:\/\/e00-elmundo.uecdn.es\/assets\/multimedia\/imagenes\/2024\/07\/12\/17208148442661.jpg\" alt=\"El Hospital de Jes\u00fas sigue en activo 500 despu\u00e9s de su puesta en pie.\"\/><figcaption>El Hospital de Jes\u00fas sigue en activo 500 despu\u00e9s de su puesta en pie. CR\u00d3NICA<\/figcaption><\/figure>\n\n\n\n<p>Al principio son unas instalaciones humildes, pero Cort\u00e9s tiene un plan ambicioso, que no llegar\u00e1 a ver culminado. \u00abOjal\u00e1 encontr\u00e1ramos las ordenanzas que dijo que iba a dar para el hospital. No han aparecido.&nbsp;<strong>Pero el modelo que \u00e9l tiene en mente es el hospital de las Cinco Llagas de Sevilla<\/strong>\u00bb, explica Mar\u00eda del Carmen Mart\u00ednez, catedr\u00e1tica de Historia de Am\u00e9rica de la Universidad de Valladolid.<\/p>\n\n\n\n<p><a href=\"https:\/\/www.elmundo.es\/cronica\/2024\/06\/01\/6646870ce85ece77428b45a3.html\" target=\"_blank\" rel=\"noreferrer noopener\">El conquistador dicta en su testamento disposiciones precisas para garantizar la viabilidad futura de la instituci\u00f3n, e implica a sus herederos<\/a>.&nbsp;<em>E para los gastos del dicho hospital se\u00f1alo especialmente las tiendas e casas que yo tengo en la dicha ciudad de M\u00e9xico, en la plaza e calles de Tacuba, e San Francisco (&#8230;), la cual dicha renta mando que se gaste en la dicha obra e que el sucesor de mi casa no la pueda ocupar en otra cosa.<\/em><\/p>\n\n\n\n<p>El hospital pronto empieza a despuntar. Atiende a espa\u00f1oles y a indios, y fusiona la medicina europea con la prehisp\u00e1nica. El m\u00e9dico Pedro L\u00f3pez establece el primer departamento de cirug\u00eda de la Nueva Espa\u00f1a. Por all\u00ed pasan los m\u00e1s distinguidos galenos del virreinato y se realiza la primera autopsia. De ella deja constancia en&nbsp;<strong>1536 el m\u00e9dico andaluz Crist\u00f3bal M\u00e9ndez<\/strong>. \u00abYo vide en M\u00e9xico abrir a un ni\u00f1o de un muy honrado hombre que se dec\u00eda Villase\u00f1or, y no hab\u00eda cinco a\u00f1os, y le sacaron una piedra casi tama\u00f1a como un huevo, y seg\u00fan su cantidad que se le hizo antes de que naciese\u00bb.<\/p>\n\n\n\n<p>Los primeros m\u00e9dicos novohispanos se graduaron en 1583 e hicieron&nbsp;<strong>las pr\u00e1cticas<\/strong>&nbsp;en el hospital. En el siglo XIX el centro es pionero en la aplicaci\u00f3n de la vacuna contra la viruela en M\u00e9xico y en las operaciones de cataratas.&nbsp;<strong>Y en 1956 se realiza la primera cirug\u00eda a coraz\u00f3n abierto mediante hipotermia de superficie.<\/strong><\/p>\n\n\n\n<p>Tras 300 a\u00f1os de servicio bajo el virreinato, el Hospital de Jes\u00fas sigui\u00f3 cumpliendo con sus labores en el M\u00e9xico independiente. Hoy es una instituci\u00f3n de asistencia privada, regida por un patronato de m\u00e9dicos del que, en 1932, se desvincularon los herederos de Cort\u00e9s (una rama indirecta asentada en Italia, los Pignatelli). \u00abSomos el hospital m\u00e1s antiguo donde se habla espa\u00f1ol.&nbsp;<strong>En Espa\u00f1a no existe otro con tantos siglos de funcionamiento<\/strong>\u00bb, asegura el doctor Pedro \u00c1lvarez, pat\u00f3logo cl\u00ednico y patrono tesorero. \u00abNunca hemos cerrado las puertas en 500 a\u00f1os, un milagro en un pa\u00eds con tantas convulsiones\u00bb.<\/p>\n\n\n\n<p>Las rentas de las casas y los terrenos del conquistador mantuvieron al hospital hasta principios del siglo XX. Ahora se sostiene con las cuotas que cobra (la consulta de especialidad cuesta 350 pesos, unos 20\u20ac) y con el alquiler de algunos locales y oficinas que posee en la misma manzana. \u00abHemos seguido el modelo de financiaci\u00f3n que dej\u00f3 Cort\u00e9s\u00bb, sonr\u00ede el doctor \u00c1lvarez. El Hospital de Jes\u00fas, reconoce, \u00abha ido de m\u00e1s a menos.&nbsp;<strong>Hoy tenemos 30 camas, y atendemos a unos 20.000 pacientes al a\u00f1o.<\/strong>&nbsp;La pandemia nos peg\u00f3 duro. Nuestra principal preocupaci\u00f3n ahora es la continuidad. Estamos haciendo lo posible por reactivarlo. Porque si no, la gente se encontrar\u00e1 con un museo, no con un centro m\u00e9dico\u00bb.<\/p>\n\n\n\n<figure class=\"wp-block-image\"><img decoding=\"async\" src=\"https:\/\/e00-elmundo.uecdn.es\/assets\/multimedia\/imagenes\/2024\/07\/12\/17208148434048.jpg\" alt=\"El Hospital de Jes\u00fas atiende a 20.000 personas al a\u00f1o.\"\/><figcaption>El Hospital de Jes\u00fas atiende a 20.000 personas al a\u00f1o.CR\u00d3NICA<\/figcaption><\/figure>\n\n\n\n<p><strong>El hospita<\/strong>l sigue siendo autosuficiente, pero con estrecheces. El Gobierno de L\u00f3pez Obrador no s\u00f3lo no les da \u00abni un centavo\u00bb. \u00abPopulista como es, fren\u00f3 por ley las donaciones, que no pueden superar los 100.000 pesos (unos 5.500 euros). El \u00fanico donativo anual que recibimos es de otra instituci\u00f3n fundada por espa\u00f1oles, el Nacional Monte de Piedad:&nbsp;<strong>es poquito, pero nos alcanza para pagar a las enfermeras durante tres meses<\/strong>\u00bb.<\/p>\n\n\n\n<p>Parad\u00f3jicamente, el nombre de quien dio vida a la instituci\u00f3n se ha convertido en un lastre. \u00abEs el motivo por el que no hemos tenido mucha ayuda. Hace unos a\u00f1os le pregunt\u00e9 a la esposa del embajador de Espa\u00f1a c\u00f3mo podr\u00edamos contactar con algunas instituciones espa\u00f1olas, para que ayudaran a que el hospital continuara con su labor. Y me responde: \u00abLo veo muy dif\u00edcil. La figura de Hern\u00e1n Cort\u00e9s pesa mucho en M\u00e9xico, y si Espa\u00f1a ayudara a un hospital fundado por \u00e9l, podr\u00edamos apretar algunas fibras sensibles\u00bb. \u00a1Eso me dijo!&nbsp;<strong>Para nosotros ser\u00eda m\u00e1s f\u00e1cil no mencionarlo<\/strong>, pero no podemos dejar de reconocer su figura. Y seguiremos llevando en nuestras batas m\u00e9dicas su escudo de armas, emblema de la instituci\u00f3n\u00bb.<\/p>\n\n\n\n<p>El Hospital de Jes\u00fas es, en efecto, un oasis de respeto a su fundador. V\u00edctima de lo que Octavio Paz llam\u00f3 \u00abmito negro\u00bb, alimentado por los liberales tras la independencia,&nbsp;<strong>Hern\u00e1n Cort\u00e9s es hoy un personaje maldito<\/strong>. Por eso impacta encontrar un busto del conquistador en el patio.<\/p>\n\n\n\n<p>El culpable es el m\u00e9dico Juli\u00e1n Gasc\u00f3n, durante muchos a\u00f1os responsable del centro y patrono em\u00e9rito e incombustible a sus 99 a\u00f1os. Poeta, fundador de la Universidad de Nayarit, don Juli\u00e1n aprovech\u00f3 una reforma en 1981 para colocar frente a la escalinata un busto de Cort\u00e9s, copia del realizado por Manuel Tols\u00e1 en el siglo XVIII para su sepulcro. Y adem\u00e1s le pidi\u00f3 al presidente L\u00f3pez Portillo que lo desvelara.<strong>&nbsp;El mandatario lo hizo, no sin antes advertirle de que iba a haber l\u00edo.<\/strong>&nbsp;Una manifestaci\u00f3n indigenista amenaz\u00f3 con destruir la estatua. Se hubieran topado con don Juli\u00e1n haciendo guardia con un amigo, mayor del ej\u00e9rcito. \u00abYo pensaba ofrecerles colocar otra estatua de Moctezuma y otra de Cuauht\u00e9moc\u00bb, contaba divertido el anciano.<\/p>\n\n\n\n<h2 class=\"wp-block-heading\">LOS NUEVE ENTIERROS<\/h2>\n\n\n\n<p>El Hospital de Jes\u00fas encierra otra sorpresa. El templo adjunto, la iglesia de Jes\u00fas Nazareno, guarda los restos del conquistador. Si Cort\u00e9s tuvo una vida trepidante,&nbsp;<strong>el recorrido de sus huesos no lo fue menos<\/strong>: nueve entierros a lo largo de cuatro siglos hasta encontrar el que ha sido hasta ahora su refugio m\u00e1s duradero, junto a su querido hospital.<\/p>\n\n\n\n<p>Fallecido en diciembre de 1547 en Castilleja de la Cuesta (Sevilla), Cort\u00e9s hab\u00eda dispuesto en el testamento su traslado a M\u00e9xico. Empez\u00f3 entonces la peregrinaci\u00f3n de sus restos, desde el monasterio sevillano de San Isidoro del Campo hasta su llegada, en 1794, a la iglesia anexa al hospital que \u00e9l fund\u00f3. El virrey Revillagigedo construy\u00f3 un sepulcro con el busto encargado a Tols\u00e1.<\/p>\n\n\n\n<p>Pero el descanso no le durar\u00eda mucho. Con la independencia de M\u00e9xico el odio a lo espa\u00f1ol se desata y hay temor a una profanaci\u00f3n. En 1823, Lucas Alam\u00e1n, escritor y diputado novohispano en las Cortes de C\u00e1diz y administrador de los herederos de Cort\u00e9s, desmantela el sepulcro y esconde los restos bajo la tarima del altar,&nbsp;<strong>dejando correr la especie de que hab\u00edan sido enviados a sus descendientes en Italia.<\/strong><\/p>\n\n\n\n<p>En 1836, Alam\u00e1n decide mover los huesos a un lugar protegido de la humedad. Los traslada a un nicho abierto \u00aben la pared del lado del Evangelio del presbiterio, a tres varas de altura del suelo, de 19 pulgadas de alto, una vara escasa de largo y 13 pulgadas de profundidad, acomodado al tama\u00f1o de la caja, el cual se cerr\u00f3 con una pesada losa enras\u00e1ndose luego la pared,&nbsp;<strong>de suerte que no qued\u00f3 se\u00f1al alguna exterior\u00bb.<\/strong><\/p>\n\n\n\n<p>Detalla el escondite en un acta, llamada&nbsp;<em><strong>Documento de 1836<\/strong><\/em><strong>,<\/strong>&nbsp;y entrega una copia a la Embajada de Espa\u00f1a. Durante 110 a\u00f1os, nada se supo de los restos de Cort\u00e9s. Hasta que en 1946 alguien encuentra el documento en la embajada. El escritor exiliado Fernando Baeza contacta con tres historiadores del Colegio de M\u00e9xico, y deciden buscar al conquistador con el mismo sigilo con el que fue escondido. Ellos mismos&nbsp;<strong>abrieron el hueco en la pared y quedaron sobrecogidos al dar con los restos.<\/strong>&nbsp;La siguiente sorpresa fue la llegada del bisnieto de Lucas Alam\u00e1n con la llave de la caja, que la familia hab\u00eda conservado.<\/p>\n\n\n\n<figure class=\"wp-block-image\"><img decoding=\"async\" src=\"https:\/\/e00-elmundo.uecdn.es\/assets\/multimedia\/imagenes\/2024\/07\/12\/17208148528813.jpg\" alt=\"El Hospital de Jes\u00fas acoge una de las pocas im\u00e1genes de Cort\u00e9s que quedan en M\u00e9xico. Es una reproducci\u00f3n del busto que el escultor valenciano Manuel Tols\u00e1 realiz\u00f3 en 1794 para el sepulcro del conquistador.\"\/><figcaption>El Hospital de Jes\u00fas acoge una de las pocas im\u00e1genes de Cort\u00e9s que quedan en M\u00e9xico. Es una reproducci\u00f3n del busto que el escultor valenciano Manuel Tols\u00e1 realiz\u00f3 en 1794 para el sepulcro del conquistador.CR\u00d3NICA<\/figcaption><\/figure>\n\n\n\n<p>Las autoridades mexicanas ordenaron el an\u00e1lisis forense de los restos. Cort\u00e9s ten\u00eda el cr\u00e1neo peque\u00f1o y alargado, era de complexi\u00f3n fuerte, med\u00eda 1,58 metros, padeci\u00f3 de los dientes y sus piernas eran perfectamente normales, lo que desment\u00eda el bulo de un&nbsp;<strong>Cort\u00e9s deforme y corro\u00eddo por la s\u00edfilis.<\/strong><\/p>\n\n\n\n<p>El 9 de julio de 1947, el conquistador fue devuelto al nicho, con una placa de bronce con su nombre. La tumba dejaba de ser an\u00f3nima. Sigue habiendo pol\u00edticos dispuestos a usar los huesos como arma arrojadiza, como ese diputado de L\u00f3pez Obrador que exig\u00eda al presidente que sacara de M\u00e9xico \u00abesa porquer\u00eda\u00bb.<strong>&nbsp;Medell\u00edn, su pueblo natal, reclama los restos<\/strong>. \u00abPero Cort\u00e9s dej\u00f3 claro en su testamento a qu\u00e9 lado del Atl\u00e1ntico quer\u00eda estar\u00bb, tercia la profesora Mart\u00ednez. \u00abEse debate no lleva a ning\u00fan puerto\u00bb.<\/p>\n\n\n\n<p>\u00bfSe reconciliar\u00e1 M\u00e9xico con Hern\u00e1n Cort\u00e9s? Acad\u00e9micos solventes, como el fallecido Jos\u00e9 Luis Mart\u00ednez, llevan a\u00f1os arrojando luz sobre un personaje poli\u00e9drico. \u00abLa faceta que m\u00e1s se proyecta es la de la conquista, que dura tres a\u00f1os, de 1519 a 1521. Pero Cort\u00e9s tiene una vida hasta el a\u00f1o 47. Fue un administrador sorprendentemente moderno, promotor de la ganader\u00eda, de las innovaciones tecnol\u00f3gicas, de los astilleros, del arte&#8230;&nbsp;<strong>Ten\u00eda una gran capacidad de organizaci\u00f3n y de movilizar a las personas.<\/strong>&nbsp;Y su don de gentes, su ascendencia entre la poblaci\u00f3n ind\u00edgena, es destacable. \u00bfQue hay otras facetas que son criticables? S\u00ed, pero hay que entenderlas en el siglo XVI, y en el contexto en el que se mueven los personajes\u00bb, explica Mar\u00eda del Carmen Mart\u00ednez, que desde hace a\u00f1os bucea en los documentos del conquistador.<\/p>\n\n\n\n<p>Cort\u00e9s, dice la experta, rompe el t\u00f3pico de un guerrero inculto y bestial. \u00abEscribi\u00f3 mucho, conocemos s\u00f3lo una parte m\u00ednima de sus textos. Tuvo contacto y se carte\u00f3 con personajes muy relevantes de su \u00e9poca. Ten\u00eda una enorme curiosidad por todo, y una innegable faceta humanista. Las instrucciones que da a sus capitanes en el testamento, para que velen por el buen trato a la poblaci\u00f3n ind\u00edgena, son matices que no pueden obviarse.<strong>&nbsp;Es un hombre a caballo entre el mundo medieval y el esp\u00edritu renacentista<\/strong>\u00bb.<\/p>\n\n\n\n<p>Numerosos pensadores mexicanos, como Jos\u00e9 Vasconcelos, han destacado la figura de Cort\u00e9s como el creador de la nacionalidad mexicana, y abogan por reconciliarse con el mestizaje y releer la conquista como un acto propio. O al menos asumir la herencia novohispana, de la que el Hospital de Jes\u00fas es un valioso s\u00edmbolo. \u00abLa grandeza del hospital\u00bb, resume Mar\u00eda del Carmen Mart\u00ednez, \u00abes que sigue siendo un coraz\u00f3n de vida en el centro de la Ciudad de M\u00e9xico, y fusiona una realidad mestiza,<strong>\u00a0que es la que hace comprensible una complejidad que otros pretenden simplificar<\/strong>\u00bb.<\/p>\n\n\n\n<p>Fuente: <a href=\"https:\/\/www.elmundo.es\/cronica\/2024\/07\/19\/66918b05e9cf4a51718b4575.html\">https:\/\/www.elmundo.es\/cronica\/2024\/07\/19\/66918b05e9cf4a51718b4575.html<\/a><\/p>\n","protected":false},"excerpt":{"rendered":"<p>Pionero en medicina y emblema del mestizaje, el Hospital de Jes\u00fas se levanta donde el extreme\u00f1o y Moctezuma se reunieron [&hellip;]<\/p>\n","protected":false},"author":1,"featured_media":80273,"comment_status":"open","ping_status":"open","sticky":false,"template":"","format":"standard","meta":{"site-sidebar-layout":"default","site-content-layout":"","ast-site-content-layout":"default","site-content-style":"default","site-sidebar-style":"default","ast-global-header-display":"","ast-banner-title-visibility":"","ast-main-header-display":"","ast-hfb-above-header-display":"","ast-hfb-below-header-display":"","ast-hfb-mobile-header-display":"","site-post-title":"","ast-breadcrumbs-content":"","ast-featured-img":"","footer-sml-layout":"","theme-transparent-header-meta":"","adv-header-id-meta":"","stick-header-meta":"","header-above-stick-meta":"","header-main-stick-meta":"","header-below-stick-meta":"","astra-migrate-meta-layouts":"default","ast-page-background-enabled":"default","ast-page-background-meta":{"desktop":{"background-color":"var(--ast-global-color-4)","background-image":"","background-repeat":"repeat","background-position":"center center","background-size":"auto","background-attachment":"scroll","background-type":"","background-media":"","overlay-type":"","overlay-color":"","overlay-opacity":"","overlay-gradient":""},"tablet":{"background-color":"","background-image":"","background-repeat":"repeat","background-position":"center center","background-size":"auto","background-attachment":"scroll","background-type":"","background-media":"","overlay-type":"","overlay-color":"","overlay-opacity":"","overlay-gradient":""},"mobile":{"background-color":"","background-image":"","background-repeat":"repeat","background-position":"center center","background-size":"auto","background-attachment":"scroll","background-type":"","background-media":"","overlay-type":"","overlay-color":"","overlay-opacity":"","overlay-gradient":""}},"ast-content-background-meta":{"desktop":{"background-color":"var(--ast-global-color-5)","background-image":"","background-repeat":"repeat","background-position":"center center","background-size":"auto","background-attachment":"scroll","background-type":"","background-media":"","overlay-type":"","overlay-color":"","overlay-opacity":"","overlay-gradient":""},"tablet":{"background-color":"var(--ast-global-color-5)","background-image":"","background-repeat":"repeat","background-position":"center center","background-size":"auto","background-attachment":"scroll","background-type":"","background-media":"","overlay-type":"","overlay-color":"","overlay-opacity":"","overlay-gradient":""},"mobile":{"background-color":"var(--ast-global-color-5)","background-image":"","background-repeat":"repeat","background-position":"center center","background-size":"auto","background-attachment":"scroll","background-type":"","background-media":"","overlay-type":"","overlay-color":"","overlay-opacity":"","overlay-gradient":""}},"footnotes":""},"categories":[8],"tags":[1074,27785,27786],"class_list":["post-80272","post","type-post","status-publish","format-standard","has-post-thumbnail","hentry","category-noticias","tag-hernan-cortes","tag-hospital-de-jesus","tag-salud-nueva-espana"],"_links":{"self":[{"href":"https:\/\/losperiodistas.com.mx\/portal\/wp-json\/wp\/v2\/posts\/80272","targetHints":{"allow":["GET"]}}],"collection":[{"href":"https:\/\/losperiodistas.com.mx\/portal\/wp-json\/wp\/v2\/posts"}],"about":[{"href":"https:\/\/losperiodistas.com.mx\/portal\/wp-json\/wp\/v2\/types\/post"}],"author":[{"embeddable":true,"href":"https:\/\/losperiodistas.com.mx\/portal\/wp-json\/wp\/v2\/users\/1"}],"replies":[{"embeddable":true,"href":"https:\/\/losperiodistas.com.mx\/portal\/wp-json\/wp\/v2\/comments?post=80272"}],"version-history":[{"count":1,"href":"https:\/\/losperiodistas.com.mx\/portal\/wp-json\/wp\/v2\/posts\/80272\/revisions"}],"predecessor-version":[{"id":80274,"href":"https:\/\/losperiodistas.com.mx\/portal\/wp-json\/wp\/v2\/posts\/80272\/revisions\/80274"}],"wp:featuredmedia":[{"embeddable":true,"href":"https:\/\/losperiodistas.com.mx\/portal\/wp-json\/wp\/v2\/media\/80273"}],"wp:attachment":[{"href":"https:\/\/losperiodistas.com.mx\/portal\/wp-json\/wp\/v2\/media?parent=80272"}],"wp:term":[{"taxonomy":"category","embeddable":true,"href":"https:\/\/losperiodistas.com.mx\/portal\/wp-json\/wp\/v2\/categories?post=80272"},{"taxonomy":"post_tag","embeddable":true,"href":"https:\/\/losperiodistas.com.mx\/portal\/wp-json\/wp\/v2\/tags?post=80272"}],"curies":[{"name":"wp","href":"https:\/\/api.w.org\/{rel}","templated":true}]}}