{"id":80269,"date":"2024-07-20T11:22:00","date_gmt":"2024-07-20T16:22:00","guid":{"rendered":"https:\/\/losperiodistas.com.mx\/portal\/?p=80269"},"modified":"2024-07-20T11:22:02","modified_gmt":"2024-07-20T16:22:02","slug":"marta-luisa-de-noruega-la-princesa-medium-aterrada-por-un-fantasma-nazi-loc","status":"publish","type":"post","link":"https:\/\/losperiodistas.com.mx\/portal\/marta-luisa-de-noruega-la-princesa-medium-aterrada-por-un-fantasma-nazi-loc\/","title":{"rendered":"Marta Luisa de Noruega: la princesa m\u00e9dium aterrada por un fantasma nazi | LOC"},"content":{"rendered":"\n<p class=\"has-pale-cyan-blue-background-color has-background has-medium-font-size\">La hija del rey Harald relata una vivencia paranormal con un espectral general nazi, mientras ultima los preparativos de su boda con un cham\u00e1n. La pareja, de nuevo en el ojo del hurac\u00e1n por mezclar una ginebra con el t\u00edtulo de princesa de ella.<\/p>\n\n\n\n<figure class=\"wp-block-image size-large\"><img fetchpriority=\"high\" decoding=\"async\" width=\"1024\" height=\"682\" src=\"https:\/\/losperiodistas.com.mx\/portal\/wp-content\/uploads\/2024\/07\/17213884726518-1024x682.jpeg\" alt=\"\" class=\"wp-image-80270\" srcset=\"https:\/\/losperiodistas.com.mx\/portal\/wp-content\/uploads\/2024\/07\/17213884726518-1024x682.jpeg 1024w, https:\/\/losperiodistas.com.mx\/portal\/wp-content\/uploads\/2024\/07\/17213884726518-300x200.jpeg 300w, https:\/\/losperiodistas.com.mx\/portal\/wp-content\/uploads\/2024\/07\/17213884726518-768x512.jpeg 768w, https:\/\/losperiodistas.com.mx\/portal\/wp-content\/uploads\/2024\/07\/17213884726518.jpeg 1220w\" sizes=\"(max-width: 1024px) 100vw, 1024px\" \/><figcaption>Marta Luisa de Noruega y su prometido, Durek Verrett<\/figcaption><\/figure>\n\n\n\n<p class=\"has-vivid-red-color has-text-color has-medium-font-size\"><strong>Eduardo \u00c1lvarez \/ LOC<\/strong><\/p>\n\n\n\n<p>Hasta ahora sab\u00edamos que&nbsp;<a href=\"https:\/\/www.elmundo.es\/loc\/casa-real\/2022\/11\/12\/636e77dde4d4d8dd608b45e3.html\">Marta Luisa de Noruega<\/a>&nbsp;(52)&nbsp;<strong>se comunica a diario con los \u00e1ngeles&nbsp;<\/strong>-tuvo una escuela de \u00e1ngeles, Astarte Education, que ni la a\u00f1orada&nbsp;<a href=\"https:\/\/www.elmundo.es\/loc\/famosos\/2023\/11\/16\/6554a55a21efa01c0d8b45dc.html\">Luc\u00eda Bos\u00e9<\/a>, que se tuvo que conformar con un museo en Tur\u00e9gano-. Eso es al menos de lo que la hija mayor de los&nbsp;<a href=\"https:\/\/www.elmundo.es\/loc\/casa-real\/2022\/02\/21\/620f7ac0fdddff3e8c8b459e.html\">reyes Harald y Sonia<\/a>&nbsp;alardea. Pero como la princesa m\u00e1s exc\u00e9ntrica de Europa nunca deja de sorprender, ahora ha dejado a propios y extra\u00f1os at\u00f3nitos relatando un suceso paranormal que la aterroriz\u00f3 de peque\u00f1a y que a\u00fan le provoca escalofr\u00edos. Probablemente, los mismos que deben de sentir en la corte de Oslo cada vez que Marta Luisa abre la boca.<\/p>\n\n\n\n<p>En una reciente entrevista, explic\u00f3 con pelos y detalles el dram\u00e1tico momento en el que&nbsp;<strong>un fantasma intent\u00f3 estrangularla<\/strong>, siendo ella apenas una ni\u00f1a, en&nbsp;<strong>el castillo de Skaugum<\/strong>, una finca real ubicada al sureste de la capital noruega. Aunque lo m\u00e1s sorprendente, puestos ya a creernos la historia, es la identidad del espectro que habr\u00eda acosado sin cesar a Marta Luisa hasta su adolescencia:&nbsp;<strong>Wilhelm Rediess<\/strong>. Nada menos que<strong>&nbsp;un general alem\u00e1n de las SS<\/strong>, mano derecha del mism\u00edsimo&nbsp;<a href=\"https:\/\/www.elmundo.es\/loc\/famosos\/2023\/07\/10\/64820d91fc6c8395098b4577.html\">Hitler<\/a>&nbsp;en Noruega, que vivi\u00f3 en el castillo tras la invasi\u00f3n nazi del pa\u00eds n\u00f3rdico.<\/p>\n\n\n\n<p>\u00abEl general se aparec\u00eda en mi dormitorio todas las noches y me miraba fijamente\u00bb, detall\u00f3 la princesa. \u00abCuando me mud\u00e9 a esta habitaci\u00f3n me dio mucho miedo la oscuridad y&nbsp;<strong>hab\u00eda un hombre mir\u00e1ndome\u00bb<\/strong>, record\u00f3. \u00abSe lo dije a todo el mundo. Todas las noches, mis ni\u00f1eras o mis padres miraban detr\u00e1s de las cortinas, las abr\u00edan y dec\u00edan:&nbsp;<strong>&#8216;Mira, no hay nadie detr\u00e1s,<\/strong>&nbsp;no hay nadie aqu\u00ed\u00bb.<\/p>\n\n\n\n<figure class=\"wp-block-image\"><img decoding=\"async\" src=\"https:\/\/e00-elmundo.uecdn.es\/assets\/multimedia\/imagenes\/2024\/07\/19\/17213889626518.jpg\" alt=\"Las princesas Marta Luisa y Astrid de Noruega junto a Durek Verrett\"\/><figcaption>Las princesas Marta Luisa y Astrid de Noruega junto a Durek VerrettGTRES<\/figcaption><\/figure>\n\n\n\n<p>Este caso paranormal sit\u00faa de nuevo en el foco a la princesa ind\u00f3mita en v\u00edsperas de su boda. Porque el pr\u00f3ximo 31 de agosto se casar\u00e1, si nadie ni nada lo remedia, con el cham\u00e1n estadounidense&nbsp;<strong>Durek Verrett<\/strong>&nbsp;(49), con quien forma desde hace un lustro una pintoresca pareja de charlatanes que no ha dejado de dar quebraderos de cabeza a la monarqu\u00eda noruega, por otra parte la m\u00e1s popular del continente -el rey Harald tiene una aprobaci\u00f3n que<strong>&nbsp;alcanza el 90%<\/strong>-. El enlace se desarrollar\u00e1 en Gerainger, un fiordo declarado patrimonio de la Unesco, y contar\u00e1 con cuatro d\u00edas de festejos, incluida una fiesta de bienvenida de estilo muy bohemio el d\u00eda 29 para los invitados.<\/p>\n\n\n\n<p>Aunque no se espera la asistencia de casi ning\u00fan miembro de otras dinast\u00edas -con excepci\u00f3n seguramente de alg\u00fan que otro pr\u00edncipe sueco y dan\u00e9s-, y no se trate de una boda de Estado, el acontecimiento despierta un extraordinario inter\u00e9s, como no pod\u00eda ser de otro modo&nbsp;<strong>trat\u00e1ndose del casamiento<\/strong>&nbsp;de una integrante de la familia real. Adem\u00e1s, s\u00ed parece que acudir\u00e1n algunas&nbsp;<em>celebrities<\/em>, todas ellas advertidas de que no pueden vestir el d\u00eda de la ceremonia con&nbsp;<strong>prendas blancas, ni negras, ni rosas, ni doradas.<\/strong>&nbsp;De ir en taparrabos no dicen nada las invitaciones, por buscar alternativas, decimos, a lo complicado que lo pone la espiritual parejita.<\/p>\n\n\n\n<h2 class=\"wp-block-heading\">ESC\u00c1NDALOS SIN FIN<\/h2>\n\n\n\n<p>Desde que Marta Luisa comenz\u00f3 su relaci\u00f3n con&nbsp;<strong>Verrett,<\/strong><strong>un cham\u00e1n bisexual&nbsp;<\/strong>que vive en Los \u00c1ngeles, donde ha sido gur\u00fa de estrellas como la actriz&nbsp;<a href=\"https:\/\/www.elmundo.es\/loc\/famosos\/2023\/08\/03\/64cbbdfffdddff06888b45c7.html\">Gwyneth Paltrow<\/a>&nbsp;y ha hecho buen negocio con sus sesiones a 900 euros la hora, todo han sido pol\u00e9micas. Hasta el punto de que, en 2022, el rey Harald, obligado por la crisis reputacional de la instituci\u00f3n, se vio obligado a&nbsp;<strong>expulsar a su hija como miembro activo&nbsp;<\/strong>de la familia real por el intolerable uso que hac\u00eda de su t\u00edtulo de princesa y de su estatus en la dinast\u00eda para engordar la cuenta de resultados de la sociedad constituida junto a Verrett. Filmaban pol\u00e9micos&nbsp;<em>docurrealities<\/em>, cobraban ping\u00fces cantidades por<strong>&nbsp;sesiones de espiritismo,&nbsp;<\/strong>daban charlas sobre los \u00e1ngeles, am\u00e9n de otros oscuros&nbsp;<em>negocietes<\/em>. Los noruegos estaban de su princesa hasta m\u00e1s all\u00e1 de la coronilla.<\/p>\n\n\n\n<p>Marta Luisa se libr\u00f3 por los pelos de perder su t\u00edtulo de princesa. Pero desde Palacio, tras leerle bien la cartilla, la obligaron a comprometerse a dejar de mezclar nunca m\u00e1s sus asuntos personales con su pertenencia a la familia real. De ah\u00ed que haya sido tan pol\u00e9mico que d\u00edas atr\u00e1s, como la cabra siempre tira al monte, la pareja lanzara<strong>&nbsp;una ginebra rosa especial&nbsp;<\/strong>que va a ser una de las bebidas de su boda, que en la botella inclu\u00eda tanto el t\u00edtulo como el monograma real de la princesa. La hija del rey y su prometido tuvieron que pedir disculpas, sosteniendo que todo hab\u00eda sido un lamentable error de la&nbsp;<strong>comercializadora de la bebida.<\/strong><\/p>\n\n\n\n<figure class=\"wp-block-image\"><img decoding=\"async\" src=\"https:\/\/e00-elmundo.uecdn.es\/assets\/multimedia\/imagenes\/2024\/07\/19\/17213891872636.jpg\" alt=\"Marta Luisa de Noruega y Durek Verrett junto a la hermana de este, Angelina\"\/><figcaption>Marta Luisa de Noruega y Durek Verrett junto a la hermana de este, AngelinaGTRES<\/figcaption><\/figure>\n\n\n\n<p>Aunque Marta Luisa naci\u00f3 dos a\u00f1os antes que su \u00fanico hermano, Haakon, nunca fue considerada como la heredera del trono, porque reg\u00eda entonces en el pa\u00eds\u00a0<strong>una ley semis\u00e1lica<\/strong>\u00a0que otorgaba la prevalencia al var\u00f3n en el orden sucesorio -igualito que lo que en pleno 2024 sigue ocurriendo en la moderna Espa\u00f1a-. Y, en 2002, la hija de los monarcas perdi\u00f3 su tratamiento de alteza real y dej\u00f3 de pertenecer a la corona -en Noruega se distingue bien entre la instituci\u00f3n, la familia real y los familiares del rey-, por propia decisi\u00f3n de la princesa, que sigui\u00f3 si\u00e9ndolo, para poder ganarse la vida en el sector privado.<\/p>\n\n\n\n<p>M\u00c1S EN EL MUNDO <a href=\"https:\/\/www.elmundo.es\/loc\/famosos\/2024\/07\/19\/66993622e4d4d831208b45bc.html\"><strong>Linda Yepes: La explosiva mujer trans con la que Petro pasea de la mano<\/strong><\/a><a href=\"https:\/\/www.elmundo.es\/loc\/famosos\/2024\/07\/19\/669a401bfdddff52608b45c7.html\"><strong>Marc Cucurella cumple su promesa y se ti\u00f1e el pelo de rojo: as\u00ed le ha quedado<\/strong><\/a><\/p>\n\n\n\n<p>Apenas unas semanas antes, Marta Luisa se hab\u00eda&nbsp;<strong>comprometido con el escritor Ari Behn<\/strong>, con quien se cas\u00f3 en mayo de aquel mismo a\u00f1o. Fruto del matrimonio, nacieron tres hijas. Pero la relaci\u00f3n sentimental se resquebraj\u00f3 pronto y el divorcio se materializ\u00f3 en 2016. Lo m\u00e1s terrible lleg\u00f3 en las navidades de 2017, cuando Behn se quit\u00f3 la vida con 47 a\u00f1os de edad.<\/p>\n\n\n\n<p>El reto de la princesa hoy es ser feliz y\u00a0<strong>alcanzar su estabilidad emocional<\/strong>\u00a0junto al pol\u00e9mico cham\u00e1n -que, entre otras meteduras de pata, dijo en su momento que se hab\u00eda curado de covid gracias a una de las medallitas que vend\u00eda en su web por 200 euros-, sin causar m\u00e1s terremotos en la Monarqu\u00eda noruega.<\/p>\n\n\n\n<p>Fuente: <a href=\"https:\/\/www.elmundo.es\/loc\/famosos\/2024\/07\/19\/669a4b9be4d4d8c21f8b45a7.html\">https:\/\/www.elmundo.es\/loc\/famosos\/2024\/07\/19\/669a4b9be4d4d8c21f8b45a7.html<\/a><\/p>\n","protected":false},"excerpt":{"rendered":"<p>La hija del rey Harald relata una vivencia paranormal con un espectral general nazi, mientras ultima los preparativos de su [&hellip;]<\/p>\n","protected":false},"author":1,"featured_media":80270,"comment_status":"open","ping_status":"open","sticky":false,"template":"","format":"standard","meta":{"site-sidebar-layout":"default","site-content-layout":"","ast-site-content-layout":"default","site-content-style":"default","site-sidebar-style":"default","ast-global-header-display":"","ast-banner-title-visibility":"","ast-main-header-display":"","ast-hfb-above-header-display":"","ast-hfb-below-header-display":"","ast-hfb-mobile-header-display":"","site-post-title":"","ast-breadcrumbs-content":"","ast-featured-img":"","footer-sml-layout":"","theme-transparent-header-meta":"","adv-header-id-meta":"","stick-header-meta":"","header-above-stick-meta":"","header-main-stick-meta":"","header-below-stick-meta":"","astra-migrate-meta-layouts":"default","ast-page-background-enabled":"default","ast-page-background-meta":{"desktop":{"background-color":"var(--ast-global-color-4)","background-image":"","background-repeat":"repeat","background-position":"center center","background-size":"auto","background-attachment":"scroll","background-type":"","background-media":"","overlay-type":"","overlay-color":"","overlay-opacity":"","overlay-gradient":""},"tablet":{"background-color":"","background-image":"","background-repeat":"repeat","background-position":"center center","background-size":"auto","background-attachment":"scroll","background-type":"","background-media":"","overlay-type":"","overlay-color":"","overlay-opacity":"","overlay-gradient":""},"mobile":{"background-color":"","background-image":"","background-repeat":"repeat","background-position":"center center","background-size":"auto","background-attachment":"scroll","background-type":"","background-media":"","overlay-type":"","overlay-color":"","overlay-opacity":"","overlay-gradient":""}},"ast-content-background-meta":{"desktop":{"background-color":"var(--ast-global-color-5)","background-image":"","background-repeat":"repeat","background-position":"center center","background-size":"auto","background-attachment":"scroll","background-type":"","background-media":"","overlay-type":"","overlay-color":"","overlay-opacity":"","overlay-gradient":""},"tablet":{"background-color":"var(--ast-global-color-5)","background-image":"","background-repeat":"repeat","background-position":"center center","background-size":"auto","background-attachment":"scroll","background-type":"","background-media":"","overlay-type":"","overlay-color":"","overlay-opacity":"","overlay-gradient":""},"mobile":{"background-color":"var(--ast-global-color-5)","background-image":"","background-repeat":"repeat","background-position":"center center","background-size":"auto","background-attachment":"scroll","background-type":"","background-media":"","overlay-type":"","overlay-color":"","overlay-opacity":"","overlay-gradient":""}},"footnotes":""},"categories":[8],"tags":[27784,27783,27782,27781],"class_list":["post-80269","post","type-post","status-publish","format-standard","has-post-thumbnail","hentry","category-noticias","tag-durek-verrett","tag-marta-luisa-de-noruega","tag-princesa-medium","tag-rey-harald-de-noruega"],"_links":{"self":[{"href":"https:\/\/losperiodistas.com.mx\/portal\/wp-json\/wp\/v2\/posts\/80269","targetHints":{"allow":["GET"]}}],"collection":[{"href":"https:\/\/losperiodistas.com.mx\/portal\/wp-json\/wp\/v2\/posts"}],"about":[{"href":"https:\/\/losperiodistas.com.mx\/portal\/wp-json\/wp\/v2\/types\/post"}],"author":[{"embeddable":true,"href":"https:\/\/losperiodistas.com.mx\/portal\/wp-json\/wp\/v2\/users\/1"}],"replies":[{"embeddable":true,"href":"https:\/\/losperiodistas.com.mx\/portal\/wp-json\/wp\/v2\/comments?post=80269"}],"version-history":[{"count":1,"href":"https:\/\/losperiodistas.com.mx\/portal\/wp-json\/wp\/v2\/posts\/80269\/revisions"}],"predecessor-version":[{"id":80271,"href":"https:\/\/losperiodistas.com.mx\/portal\/wp-json\/wp\/v2\/posts\/80269\/revisions\/80271"}],"wp:featuredmedia":[{"embeddable":true,"href":"https:\/\/losperiodistas.com.mx\/portal\/wp-json\/wp\/v2\/media\/80270"}],"wp:attachment":[{"href":"https:\/\/losperiodistas.com.mx\/portal\/wp-json\/wp\/v2\/media?parent=80269"}],"wp:term":[{"taxonomy":"category","embeddable":true,"href":"https:\/\/losperiodistas.com.mx\/portal\/wp-json\/wp\/v2\/categories?post=80269"},{"taxonomy":"post_tag","embeddable":true,"href":"https:\/\/losperiodistas.com.mx\/portal\/wp-json\/wp\/v2\/tags?post=80269"}],"curies":[{"name":"wp","href":"https:\/\/api.w.org\/{rel}","templated":true}]}}