{"id":80252,"date":"2024-07-20T09:07:01","date_gmt":"2024-07-20T14:07:01","guid":{"rendered":"https:\/\/losperiodistas.com.mx\/portal\/?p=80252"},"modified":"2024-07-20T09:07:03","modified_gmt":"2024-07-20T14:07:03","slug":"asi-se-vivio-en-el-vaticano-la-llegada-del-hombre-a-la-luna-aci","status":"publish","type":"post","link":"https:\/\/losperiodistas.com.mx\/portal\/asi-se-vivio-en-el-vaticano-la-llegada-del-hombre-a-la-luna-aci\/","title":{"rendered":"As\u00ed se vivi\u00f3 en el Vaticano la llegada del hombre a la luna | ACI"},"content":{"rendered":"\n<figure class=\"wp-block-image size-full\"><img fetchpriority=\"high\" decoding=\"async\" width=\"672\" height=\"448\" src=\"https:\/\/losperiodistas.com.mx\/portal\/wp-content\/uploads\/2024\/07\/Apolo-11-NASA-210722.jpeg\" alt=\"\" class=\"wp-image-80253\" srcset=\"https:\/\/losperiodistas.com.mx\/portal\/wp-content\/uploads\/2024\/07\/Apolo-11-NASA-210722.jpeg 672w, https:\/\/losperiodistas.com.mx\/portal\/wp-content\/uploads\/2024\/07\/Apolo-11-NASA-210722-300x200.jpeg 300w\" sizes=\"(max-width: 672px) 100vw, 672px\" \/><figcaption>Buzz Aldrin camina sobre la superficie de la Luna durante la misi\u00f3n del Apolo 11. Cr\u00e9dito: NASA. |<\/figcaption><\/figure>\n\n\n\n<p class=\"has-vivid-red-color has-text-color has-medium-font-size\"><strong>Almudena Mart\u00ednez-Bordi\u00fa<\/strong><\/p>\n\n\n\n<p>Un d\u00eda como hoy, hace 55 a\u00f1os, el hombre lleg\u00f3 a la Luna a bordo del Apolo 11.&nbsp;<strong>\u00bfC\u00f3mo se vivi\u00f3 desde el Vaticano aquel suceso?<\/strong><\/p>\n\n\n\n<p>La noche del 20 de julio de 1969,&nbsp;<strong>medio mundo sigui\u00f3 atentamente este hecho hist\u00f3rico<\/strong>, incluido el Papa de aquel momento, Pablo VI.<\/p>\n\n\n\n<p>El Pont\u00edfice<strong>&nbsp;se encontraba en el Observatorio del Vaticano<\/strong>, conocido como \u201cSpecola\u201d y situado en Castel Gandolfo, el lugar en el que tradicionalmente los Papas se retiran a descansar durante sus vacaciones.&nbsp;<\/p>\n\n\n\n<p>El Santo Padre visit\u00f3 los telescopios del Observatorio y vio el aterrizaje en la Luna por televisi\u00f3n desde la c\u00fapula \u201cSchmidt\u201d.<\/p>\n\n\n\n<p>Posteriormente, pronunci\u00f3 un discurso:<strong>&nbsp;\u201cAqu\u00ed, desde su Observatorio de Castel Gandolfo, cerca de Roma, el Papa Pablo VI os habla a los astronautas<\/strong>. Honor, saludos y bendiciones para vosotros, conquistadores de la Luna, p\u00e1lida l\u00e1mpara de nuestras noches y de nuestros sue\u00f1os\u201d.&nbsp;<\/p>\n\n\n\n<p>\u201cLlevad a ella, con vuestra presencia viva, la voz del esp\u00edritu, un himno a Dios, nuestro Creador y nuestro Padre.&nbsp;<strong>Estamos cerca de vosotros, con nuestros buenos deseos y con nuestras oraciones.<\/strong>&nbsp;Junto con toda la Iglesia cat\u00f3lica, el Papa Pablo VI te saluda\u201d, concluy\u00f3.<\/p>\n\n\n\n<p>Aquel d\u00eda, el sacerdote jesuita y astr\u00f3nomo ingl\u00e9s Christopher Corbally se encontraba, a sus 22 a\u00f1os, haciendo pr\u00e1cticas en el Observatorio Vaticano.<\/p>\n\n\n\n<p>En declaraciones a ACI Prensa, explic\u00f3: \u201c<strong>Durante la retransmisi\u00f3n del Papa, me encontraba en la terraza exterior de la c\u00fapula con los t\u00e9cnicos<\/strong>\u201d.&nbsp;<\/p>\n\n\n\n<p>\u201cAs\u00ed que cuando el Papa sali\u00f3 a la terraza despu\u00e9s de la retransmisi\u00f3n para dar las gracias a los t\u00e9cnicos, me un\u00ed a la cola y el entonces director del observatorio, el Padre Daniel O&#8217;Connell, me present\u00f3 al Papa Pablo VI\u201d, se\u00f1al\u00f3.<\/p>\n\n\n\n<p>Por \u00faltimo, relat\u00f3. \u201c<strong>Fue una ocasi\u00f3n doblemente memorable para m\u00ed:<\/strong>\u00a0la llegada del hombre a la Luna y el encuentro con el Papa\u201d.<\/p>\n\n\n\n<p>Fuente: <a href=\"https:\/\/www.aciprensa.com\/noticias\/94782\/como-se-vivio-desde-el-vaticano-la-llegada-del-hombre-a-la-luna\">https:\/\/www.aciprensa.com\/noticias\/94782\/como-se-vivio-desde-el-vaticano-la-llegada-del-hombre-a-la-luna<\/a><\/p>\n","protected":false},"excerpt":{"rendered":"<p>Almudena Mart\u00ednez-Bordi\u00fa Un d\u00eda como hoy, hace 55 a\u00f1os, el hombre lleg\u00f3 a la Luna a bordo del Apolo 11.&nbsp;\u00bfC\u00f3mo [&hellip;]<\/p>\n","protected":false},"author":1,"featured_media":80253,"comment_status":"open","ping_status":"open","sticky":false,"template":"","format":"standard","meta":{"site-sidebar-layout":"default","site-content-layout":"","ast-site-content-layout":"default","site-content-style":"default","site-sidebar-style":"default","ast-global-header-display":"","ast-banner-title-visibility":"","ast-main-header-display":"","ast-hfb-above-header-display":"","ast-hfb-below-header-display":"","ast-hfb-mobile-header-display":"","site-post-title":"","ast-breadcrumbs-content":"","ast-featured-img":"","footer-sml-layout":"","theme-transparent-header-meta":"","adv-header-id-meta":"","stick-header-meta":"","header-above-stick-meta":"","header-main-stick-meta":"","header-below-stick-meta":"","astra-migrate-meta-layouts":"default","ast-page-background-enabled":"default","ast-page-background-meta":{"desktop":{"background-color":"var(--ast-global-color-4)","background-image":"","background-repeat":"repeat","background-position":"center center","background-size":"auto","background-attachment":"scroll","background-type":"","background-media":"","overlay-type":"","overlay-color":"","overlay-opacity":"","overlay-gradient":""},"tablet":{"background-color":"","background-image":"","background-repeat":"repeat","background-position":"center center","background-size":"auto","background-attachment":"scroll","background-type":"","background-media":"","overlay-type":"","overlay-color":"","overlay-opacity":"","overlay-gradient":""},"mobile":{"background-color":"","background-image":"","background-repeat":"repeat","background-position":"center center","background-size":"auto","background-attachment":"scroll","background-type":"","background-media":"","overlay-type":"","overlay-color":"","overlay-opacity":"","overlay-gradient":""}},"ast-content-background-meta":{"desktop":{"background-color":"var(--ast-global-color-5)","background-image":"","background-repeat":"repeat","background-position":"center center","background-size":"auto","background-attachment":"scroll","background-type":"","background-media":"","overlay-type":"","overlay-color":"","overlay-opacity":"","overlay-gradient":""},"tablet":{"background-color":"var(--ast-global-color-5)","background-image":"","background-repeat":"repeat","background-position":"center center","background-size":"auto","background-attachment":"scroll","background-type":"","background-media":"","overlay-type":"","overlay-color":"","overlay-opacity":"","overlay-gradient":""},"mobile":{"background-color":"var(--ast-global-color-5)","background-image":"","background-repeat":"repeat","background-position":"center center","background-size":"auto","background-attachment":"scroll","background-type":"","background-media":"","overlay-type":"","overlay-color":"","overlay-opacity":"","overlay-gradient":""}},"footnotes":""},"categories":[8],"tags":[27766,27765,27764],"class_list":["post-80252","post","type-post","status-publish","format-standard","has-post-thumbnail","hentry","category-noticias","tag-apolo-11","tag-llegada-del-hombre-a-la-luna","tag-papa-paulo-vi"],"_links":{"self":[{"href":"https:\/\/losperiodistas.com.mx\/portal\/wp-json\/wp\/v2\/posts\/80252","targetHints":{"allow":["GET"]}}],"collection":[{"href":"https:\/\/losperiodistas.com.mx\/portal\/wp-json\/wp\/v2\/posts"}],"about":[{"href":"https:\/\/losperiodistas.com.mx\/portal\/wp-json\/wp\/v2\/types\/post"}],"author":[{"embeddable":true,"href":"https:\/\/losperiodistas.com.mx\/portal\/wp-json\/wp\/v2\/users\/1"}],"replies":[{"embeddable":true,"href":"https:\/\/losperiodistas.com.mx\/portal\/wp-json\/wp\/v2\/comments?post=80252"}],"version-history":[{"count":1,"href":"https:\/\/losperiodistas.com.mx\/portal\/wp-json\/wp\/v2\/posts\/80252\/revisions"}],"predecessor-version":[{"id":80254,"href":"https:\/\/losperiodistas.com.mx\/portal\/wp-json\/wp\/v2\/posts\/80252\/revisions\/80254"}],"wp:featuredmedia":[{"embeddable":true,"href":"https:\/\/losperiodistas.com.mx\/portal\/wp-json\/wp\/v2\/media\/80253"}],"wp:attachment":[{"href":"https:\/\/losperiodistas.com.mx\/portal\/wp-json\/wp\/v2\/media?parent=80252"}],"wp:term":[{"taxonomy":"category","embeddable":true,"href":"https:\/\/losperiodistas.com.mx\/portal\/wp-json\/wp\/v2\/categories?post=80252"},{"taxonomy":"post_tag","embeddable":true,"href":"https:\/\/losperiodistas.com.mx\/portal\/wp-json\/wp\/v2\/tags?post=80252"}],"curies":[{"name":"wp","href":"https:\/\/api.w.org\/{rel}","templated":true}]}}