{"id":80249,"date":"2024-07-20T08:50:14","date_gmt":"2024-07-20T13:50:14","guid":{"rendered":"https:\/\/losperiodistas.com.mx\/portal\/?p=80249"},"modified":"2024-07-20T08:50:16","modified_gmt":"2024-07-20T13:50:16","slug":"dia-del-amigo-did","status":"publish","type":"post","link":"https:\/\/losperiodistas.com.mx\/portal\/dia-del-amigo-did\/","title":{"rendered":"D\u00eda del Amigo | DID"},"content":{"rendered":"\n<div class=\"wp-block-image\"><figure class=\"alignright size-full is-resized\"><img fetchpriority=\"high\" decoding=\"async\" src=\"https:\/\/losperiodistas.com.mx\/portal\/wp-content\/uploads\/2024\/07\/07-20_dia-del-amigo.jpg\" alt=\"\" class=\"wp-image-80250\" width=\"470\" height=\"264\" srcset=\"https:\/\/losperiodistas.com.mx\/portal\/wp-content\/uploads\/2024\/07\/07-20_dia-del-amigo.jpg 305w, https:\/\/losperiodistas.com.mx\/portal\/wp-content\/uploads\/2024\/07\/07-20_dia-del-amigo-300x168.jpg 300w\" sizes=\"(max-width: 470px) 100vw, 470px\" \/><\/figure><\/div>\n\n\n\n<p><\/p>\n\n\n\n<p class=\"has-vivid-red-color has-text-color has-medium-font-size\"><strong>REDACCI\u00d3N D\u00cdA INTERNACIONAL DE<\/strong><\/p>\n\n\n\n<p>El\u00a0<strong>D\u00eda del Amigo\u00a0<\/strong>tiene sus or\u00edgenes en la famosa\u00a0<em>llegada del hombre a la luna<\/em>\u00a0y es que este fue el suceso elegido por\u00a0<strong><em>Enrique Ernesto Febbraro<\/em><\/strong>, un locutor argentino miembro de la logia mas\u00f3nica, para intentar incentivar en el mundo una celebraci\u00f3n que girase en torno a una virtud altruista como lo es la amistad sincera.<\/p>\n\n\n\n<figure class=\"wp-block-embed is-type-video is-provider-youtube wp-block-embed-youtube wp-embed-aspect-16-9 wp-has-aspect-ratio\"><div class=\"wp-block-embed__wrapper\">\n<iframe title=\"Se celebra hoy el D\u00eda del Amigo, una fecha impulsada por el argentino Febbraro\" width=\"500\" height=\"281\" src=\"https:\/\/www.youtube.com\/embed\/QrdaONt2GQk?feature=oembed\" frameborder=\"0\" allow=\"accelerometer; autoplay; clipboard-write; encrypted-media; gyroscope; picture-in-picture; web-share\" referrerpolicy=\"strict-origin-when-cross-origin\" allowfullscreen><\/iframe>\n<\/div><\/figure>\n\n\n\n<p><\/p>\n\n\n\n<h2 class=\"wp-block-heading\" id=\"resTit_2\">\u00bfPor qu\u00e9 se celebra el D\u00eda del Amigo?<\/h2>\n\n\n\n<p><strong><em>Febrano<\/em><\/strong>, quiso conmemorar su&nbsp;<strong>D\u00eda del amigo<\/strong>, el mismo d\u00eda en el que el coronel de la Fuerza A\u00e9rea de los Estados Unidos,&nbsp;<strong><em>Edwin Aldrin<\/em><\/strong>&nbsp;hiciese su incursi\u00f3n a la luna junto con Neil Armstrong en el Apolo XI.<\/p>\n\n\n\n<p>La raz\u00f3n de esta decisi\u00f3n es que\u00a0<strong><em>Aldrin<\/em><\/strong>\u00a0tambi\u00e9n era mas\u00f3n y\u00a0<strong><em>Febrano<\/em><\/strong>\u00a0sent\u00eda mucha empat\u00eda hacia \u00e9l. As\u00ed que se le ocurri\u00f3 que una excelente manera de celebrar el logro de este hombre era conmemorar en la v\u00edspera de su viaje un d\u00eda que tuviese como g\u00e9nesis un sentimiento humano limpio y puro, como lo es la amistad.<\/p>\n\n\n\n<p>Para lograr esto&nbsp;<strong><em>Ernesto Febbraro<\/em><\/strong>, env\u00edo una serie de postales a todos sus amigos en el mundo y la mayor\u00eda le contest\u00f3 que estaban de acuerdo. En total env\u00edo 1000 mensajes y recibi\u00f3 de 700 respuestas de vuelta. Desde entonces se celebra el&nbsp;<strong>D\u00eda del Amigo<\/strong>&nbsp;no solo en Argentina, tambi\u00e9n en Brasil, Espa\u00f1a, Uruguay y Chile.<\/p>\n\n\n\n<h2 class=\"wp-block-heading\" id=\"resTit_3\">En qu\u00e9 se diferencia el D\u00eda del amigo del D\u00eda Internacional de la Amistad<\/h2>\n\n\n\n<p>En realidad ambos d\u00edas buscan conmemorar el mismo sentimiento y la misma virtud, pero sus precursores son muy diferentes. El&nbsp;<a href=\"https:\/\/www.diainternacionalde.com\/ficha\/dia-internacional-amistad\">D\u00eda Internacional de la Amistad<\/a>, fue propuesto por la organizaci\u00f3n civil&nbsp;<strong>Cruzada mundial de la amistad con sede en Paraguay<\/strong>&nbsp;y cuyo l\u00edder el&nbsp;<strong><em>Dr. Ram\u00f3n Artemio Bracho<\/em><\/strong>&nbsp;la instauro en el a\u00f1o 1958.<\/p>\n\n\n\n<figure class=\"wp-block-image\"><img decoding=\"async\" src=\"https:\/\/www.diainternacionalde.com\/imagenes\/dias\/julio\/07-20_dia-del-amigo_m.jpg\" alt=\"\" title=\"\"\/><\/figure>\n\n\n\n<p>Exactamente 11 a\u00f1os antes de la idea impulsada por&nbsp;<strong><em>Febbraro<\/em><\/strong>. Con el tiempo las&nbsp;<strong>Naciones Unidas<\/strong>&nbsp;decidieron dejar la fecha oficial del&nbsp;<strong>D\u00eda de la Amistad<\/strong>, propuesta por&nbsp;<strong><em>Bracho<\/em><\/strong>&nbsp;y convertirla en&nbsp;<em>d\u00eda internacional<\/em>. Principalmente porque se considera el precursor de la idea original.<\/p>\n\n\n\n<h2 class=\"wp-block-heading\" id=\"resTit_4\">\u00bfC\u00f3mo celebrar el D\u00eda del Amigo?<\/h2>\n\n\n\n<p>Celebrarlo es sencillo, solo debes quedar con tus amigos en alg\u00fan lugar de reuni\u00f3n, en casa o haciendo algo divertido que a todos os guste.<\/p>\n\n\n\n<p>Si no pod\u00e9is reuniros por la distancia o por falta de tiempo, env\u00edales un mensaje o comparte un meme en las redes sociales, felicit\u00e1ndoles el\u00a0<strong>D\u00eda del Amigo<\/strong>. Pero eso s\u00ed, no olvides colocar el hashtag\u00a0<strong><em>#D\u00edadelAmigo<\/em><\/strong>, para que ellos tambi\u00e9n se sumen a la fiesta.<\/p>\n\n\n\n<p>Fuente: <a href=\"https:\/\/www.diainternacionalde.com\/ficha\/dia-del-amigo\">https:\/\/www.diainternacionalde.com\/ficha\/dia-del-amigo<\/a><\/p>\n","protected":false},"excerpt":{"rendered":"<p>REDACCI\u00d3N D\u00cdA INTERNACIONAL DE El\u00a0D\u00eda del Amigo\u00a0tiene sus or\u00edgenes en la famosa\u00a0llegada del hombre a la luna\u00a0y es que este [&hellip;]<\/p>\n","protected":false},"author":1,"featured_media":80250,"comment_status":"open","ping_status":"open","sticky":false,"template":"","format":"standard","meta":{"site-sidebar-layout":"default","site-content-layout":"","ast-site-content-layout":"default","site-content-style":"default","site-sidebar-style":"default","ast-global-header-display":"","ast-banner-title-visibility":"","ast-main-header-display":"","ast-hfb-above-header-display":"","ast-hfb-below-header-display":"","ast-hfb-mobile-header-display":"","site-post-title":"","ast-breadcrumbs-content":"","ast-featured-img":"","footer-sml-layout":"","theme-transparent-header-meta":"","adv-header-id-meta":"","stick-header-meta":"","header-above-stick-meta":"","header-main-stick-meta":"","header-below-stick-meta":"","astra-migrate-meta-layouts":"default","ast-page-background-enabled":"default","ast-page-background-meta":{"desktop":{"background-color":"var(--ast-global-color-4)","background-image":"","background-repeat":"repeat","background-position":"center center","background-size":"auto","background-attachment":"scroll","background-type":"","background-media":"","overlay-type":"","overlay-color":"","overlay-opacity":"","overlay-gradient":""},"tablet":{"background-color":"","background-image":"","background-repeat":"repeat","background-position":"center center","background-size":"auto","background-attachment":"scroll","background-type":"","background-media":"","overlay-type":"","overlay-color":"","overlay-opacity":"","overlay-gradient":""},"mobile":{"background-color":"","background-image":"","background-repeat":"repeat","background-position":"center center","background-size":"auto","background-attachment":"scroll","background-type":"","background-media":"","overlay-type":"","overlay-color":"","overlay-opacity":"","overlay-gradient":""}},"ast-content-background-meta":{"desktop":{"background-color":"var(--ast-global-color-5)","background-image":"","background-repeat":"repeat","background-position":"center center","background-size":"auto","background-attachment":"scroll","background-type":"","background-media":"","overlay-type":"","overlay-color":"","overlay-opacity":"","overlay-gradient":""},"tablet":{"background-color":"var(--ast-global-color-5)","background-image":"","background-repeat":"repeat","background-position":"center center","background-size":"auto","background-attachment":"scroll","background-type":"","background-media":"","overlay-type":"","overlay-color":"","overlay-opacity":"","overlay-gradient":""},"mobile":{"background-color":"var(--ast-global-color-5)","background-image":"","background-repeat":"repeat","background-position":"center center","background-size":"auto","background-attachment":"scroll","background-type":"","background-media":"","overlay-type":"","overlay-color":"","overlay-opacity":"","overlay-gradient":""}},"footnotes":""},"categories":[8],"tags":[27759,27760,27763,27761],"class_list":["post-80249","post","type-post","status-publish","format-standard","has-post-thumbnail","hentry","category-noticias","tag-diadelamigo","tag-edwin-aldrin-mason","tag-el-hombre-llega-a-la-luna","tag-enrique-ernesto-febbraro-mason"],"_links":{"self":[{"href":"https:\/\/losperiodistas.com.mx\/portal\/wp-json\/wp\/v2\/posts\/80249","targetHints":{"allow":["GET"]}}],"collection":[{"href":"https:\/\/losperiodistas.com.mx\/portal\/wp-json\/wp\/v2\/posts"}],"about":[{"href":"https:\/\/losperiodistas.com.mx\/portal\/wp-json\/wp\/v2\/types\/post"}],"author":[{"embeddable":true,"href":"https:\/\/losperiodistas.com.mx\/portal\/wp-json\/wp\/v2\/users\/1"}],"replies":[{"embeddable":true,"href":"https:\/\/losperiodistas.com.mx\/portal\/wp-json\/wp\/v2\/comments?post=80249"}],"version-history":[{"count":1,"href":"https:\/\/losperiodistas.com.mx\/portal\/wp-json\/wp\/v2\/posts\/80249\/revisions"}],"predecessor-version":[{"id":80251,"href":"https:\/\/losperiodistas.com.mx\/portal\/wp-json\/wp\/v2\/posts\/80249\/revisions\/80251"}],"wp:featuredmedia":[{"embeddable":true,"href":"https:\/\/losperiodistas.com.mx\/portal\/wp-json\/wp\/v2\/media\/80250"}],"wp:attachment":[{"href":"https:\/\/losperiodistas.com.mx\/portal\/wp-json\/wp\/v2\/media?parent=80249"}],"wp:term":[{"taxonomy":"category","embeddable":true,"href":"https:\/\/losperiodistas.com.mx\/portal\/wp-json\/wp\/v2\/categories?post=80249"},{"taxonomy":"post_tag","embeddable":true,"href":"https:\/\/losperiodistas.com.mx\/portal\/wp-json\/wp\/v2\/tags?post=80249"}],"curies":[{"name":"wp","href":"https:\/\/api.w.org\/{rel}","templated":true}]}}