{"id":80243,"date":"2024-07-20T08:25:01","date_gmt":"2024-07-20T13:25:01","guid":{"rendered":"https:\/\/losperiodistas.com.mx\/portal\/?p=80243"},"modified":"2024-07-20T08:25:03","modified_gmt":"2024-07-20T13:25:03","slug":"norris-lidera-un-1-2-de-mclaren-en-la-fp3-de-hungria-con-perez-fuera-del-top-10-motorsport","status":"publish","type":"post","link":"https:\/\/losperiodistas.com.mx\/portal\/norris-lidera-un-1-2-de-mclaren-en-la-fp3-de-hungria-con-perez-fuera-del-top-10-motorsport\/","title":{"rendered":"Norris lidera un 1-2 de McLaren en la FP3 de Hungr\u00eda, con P\u00e9rez fuera del top 10 | Motorsport"},"content":{"rendered":"\n<h2 class=\"has-background wp-block-heading\" style=\"background-color:#ebad81\">Lando Norris volvi\u00f3 a quedar en lo m\u00e1s alto del clasificador en la \u00faltima pr\u00e1ctica libre del GP de Hungr\u00eda de F\u00f3rmula 1, donde aventaj\u00f3 por 0s44 a Oscar Piastri, su compa\u00f1ero en McLaren. Max Verstappen fue tercero y Sergio P\u00e9rez finaliz\u00f3 en la 13\u00ba posici\u00f3n.<\/h2>\n\n\n\n<p><img fetchpriority=\"high\" decoding=\"async\" width=\"1000\" height=\"666\" src=\"https:\/\/cdn-5.motorsport.com\/images\/amp\/6AE1MAq6\/s1000\/lando-norris-mclaren-mcl38-2.jpg\" alt=\"Lando Norris, McLaren MCL38\"><\/p>\n\n\n\n<p>Lando Norris, McLaren MCL38 | Foto de: Glenn Dunbar \/ Motorsport Images<\/p>\n\n\n\n<p>Federico Faturos \/ Motorsport<\/p>\n\n\n\n<p>Como lo hizo el viernes en el segundo entrenamiento,\u00a0<a href=\"https:\/\/lat.motorsport.com\/driver\/lando-norris\/468557\/\" target=\"_blank\" rel=\"noreferrer noopener\">Lando Norris<\/a>\u00a0finaliz\u00f3 en el primer lugar el s\u00e1bado en la pr\u00e1ctica final del Gran Premio de Hungr\u00eda en el circuito de Hungaroring.<\/p>\n\n\n\n<p>El piloto brit\u00e1nico alcanz\u00f3 una mejor vuelta de 1m16s098, seguido muy de cerca por&nbsp;<a href=\"https:\/\/lat.motorsport.com\/driver\/oscar-piastri\/828724\/\" target=\"_blank\" rel=\"noreferrer noopener\">Oscar Piastri<\/a>, mientras que&nbsp;<a href=\"https:\/\/lat.motorsport.com\/driver\/max-verstappen\/465982\/\" target=\"_blank\" rel=\"noreferrer noopener\">Max Verstappen<\/a>&nbsp;se ubic\u00f3 tercero, pero a casi tres d\u00e9cimas de la referencia impuesta por Norris.<\/p>\n\n\n\n<p>La tercera pr\u00e1ctica tuvo un inicio tranquilo en el que solamente los pilotos de Red Bull marcaron tiempos. Sergio P\u00e9rez arranc\u00f3 con una vuelta de 1m19s159, lo cual Verstappen r\u00e1pidamente mejor\u00f3 a 1m18s897 en un comienzo donde ambos llevaban neum\u00e1ticos duros despu\u00e9s de no usarlos el viernes.<\/p>\n\n\n\n<p>Con 20 grados menos de temperatura en pista respecto a la FP1, Verstappen luego baj\u00f3 la referencia a 1m18s312 y P\u00e9rez se ubic\u00f3 a 0s437 de su compa\u00f1ero al girar en 1m18s749. Ambos luego fueron a los pits, pero el neerland\u00e9s regres\u00f3 r\u00e1pidamente para bajar a\u00fan m\u00e1s la referencia hasta 1m17s938.<strong>T<\/strong><\/p>\n\n\n\n<p>La pista comenz\u00f3 a poblarse al llegar a los 20 minutos de iniciado el entrenamiento con neum\u00e1ticos blandos en la mayor\u00eda de los coches y los McLaren avisaron lo que suceder\u00eda luego al colocarse en un 1-2 parcial tras una gran vuelta de 1m16s931 de Norris, que aventajaba a Piastri en 0s497.<\/p>\n\n\n\n<p>Cumplida la media ahora inicial, George Russell consegu\u00eda desplazar a su compatriota de lo m\u00e1s alto del clasificador con un registro de 1m16s826, mientras que los&nbsp;<a href=\"https:\/\/lat.motorsport.com\/team\/scuderia-ferrari\/25733\/\" target=\"_blank\" rel=\"noreferrer noopener\">Ferrari<\/a>&nbsp;se acomodaban tercero y cuarto con Sainz y Leclerc, pero a casi medio segundo.<\/p>\n\n\n\n<p>Russell mejor\u00f3 su marca ya entrados en los 20 minutos finales de la pr\u00e1ctica con una vuelta de 1m16s564, con Hamilton coloc\u00e1ndose en la segunda posici\u00f3n a dos d\u00e9cimas de su compa\u00f1ero en&nbsp;<a href=\"https:\/\/lat.motorsport.com\/team\/mercedes-amg-f1\/25731\/\" target=\"_blank\" rel=\"noreferrer noopener\">Mercedes<\/a>, pero McLaren respond\u00eda con otro gran tiempo de Norris para detener el cron\u00f3metro en 1m16s098, seguido por Piastri a solamente 44 mil\u00e9simas.<img decoding=\"async\" src=\"https:\/\/cdn.motorsport.com\/images\/mgl\/YP3GpOG2\/s1000\/sergio-perez-red-bull-racing-r.jpg\" alt=\"Sergio P\u00e9rez, Red Bull Racing RB20\" width=\"1200\" height=\"800\"><\/p>\n\n\n\n<p>Sergio P\u00e9rez, Red Bull Racing RB20<\/p>\n\n\n\n<p>Photo by: Zak Mauger \/&nbsp;<a href=\"https:\/\/www.motorsportimages.com\/\" target=\"_blank\" rel=\"noreferrer noopener\">Motorsport Images<\/a><\/p>\n\n\n\n<p>Despu\u00e9s de dedicar pr\u00e1cticamente toda la sesi\u00f3n enfocado en el neum\u00e1tico duro, Red Bull finalmente mont\u00f3 los blandos para los \u00faltimos diez minutos y Verstappen no lograba igualar el ritmo de los McLaren, qued\u00e1ndose a 0s281 en el tercer puesto con un registro de 1m16s379.<\/p>\n\n\n\n<p>\u00abCheco\u00bb P\u00e9rez, por su parte, no consegu\u00eda una vuelta limpia en cuanto al tr\u00e1fico en pista y giraba en 1m16s954 para colocarse 13\u00ba en el orden, a ocho d\u00e9cimas de la cima, justo antes que Hamilton causara una bandera amarilla por un trompo en la curva 9, afortunadamente para \u00e9l sin llegar a golpear las barreras.<\/p>\n\n\n\n<p>Finalmente Norris se qued\u00f3 con el mejor tiempo seguido de Piastri en un 1-2 para McLaren delante de Verstappen, con Russell, Sainz y Daniel Ricciardo en las seis primeras posiciones.<\/p>\n\n\n\n<p>Alex Albon coloc\u00f3 a&nbsp;<a href=\"https:\/\/lat.motorsport.com\/team\/williams\/25737\/\" target=\"_blank\" rel=\"noreferrer noopener\">Williams<\/a>&nbsp;en el s\u00e9ptimo lugar, seguido de&nbsp;<a href=\"https:\/\/lat.motorsport.com\/driver\/nico-hulkenberg\/467162\/\" target=\"_blank\" rel=\"noreferrer noopener\">Nico Hulkenberg<\/a>,&nbsp;<a href=\"https:\/\/lat.motorsport.com\/driver\/yuki-tsunoda\/828556\/\" target=\"_blank\" rel=\"noreferrer noopener\">Yuki Tsunoda<\/a>&nbsp;y Hamilton, mientras que Leclerc termin\u00f3 11\u00ba a siete d\u00e9cimas del primer lugar.<\/p>\n\n\n\n<h2 class=\"wp-block-heading\"><a href=\"https:\/\/lat.motorsport.com\/f1\/results\/2024\/gp-de-hungria-640157\/?st=FP3\">F\u00f3rmula 1 &#8211; Gran Premio de Hungr\u00eda &#8211; 3\u00ba Pr\u00e1ctica<\/a><\/h2>\n\n\n\n<p><\/p>\n\n\n\n<p>Fuente: <a href=\"https:\/\/lat.motorsport.com\/f1\/news\/norris-lidera-fp3-hungria-checo-perez-resultado\/10636567\/\">https:\/\/lat.motorsport.com\/f1\/news\/norris-lidera-fp3-hungria-checo-perez-resultado\/10636567\/<\/a><\/p>\n","protected":false},"excerpt":{"rendered":"<p>Lando Norris volvi\u00f3 a quedar en lo m\u00e1s alto del clasificador en la \u00faltima pr\u00e1ctica libre del GP de Hungr\u00eda [&hellip;]<\/p>\n","protected":false},"author":1,"featured_media":80244,"comment_status":"open","ping_status":"open","sticky":false,"template":"","format":"standard","meta":{"site-sidebar-layout":"default","site-content-layout":"","ast-site-content-layout":"default","site-content-style":"default","site-sidebar-style":"default","ast-global-header-display":"","ast-banner-title-visibility":"","ast-main-header-display":"","ast-hfb-above-header-display":"","ast-hfb-below-header-display":"","ast-hfb-mobile-header-display":"","site-post-title":"","ast-breadcrumbs-content":"","ast-featured-img":"","footer-sml-layout":"","theme-transparent-header-meta":"","adv-header-id-meta":"","stick-header-meta":"","header-above-stick-meta":"","header-main-stick-meta":"","header-below-stick-meta":"","astra-migrate-meta-layouts":"default","ast-page-background-enabled":"default","ast-page-background-meta":{"desktop":{"background-color":"var(--ast-global-color-4)","background-image":"","background-repeat":"repeat","background-position":"center center","background-size":"auto","background-attachment":"scroll","background-type":"","background-media":"","overlay-type":"","overlay-color":"","overlay-opacity":"","overlay-gradient":""},"tablet":{"background-color":"","background-image":"","background-repeat":"repeat","background-position":"center center","background-size":"auto","background-attachment":"scroll","background-type":"","background-media":"","overlay-type":"","overlay-color":"","overlay-opacity":"","overlay-gradient":""},"mobile":{"background-color":"","background-image":"","background-repeat":"repeat","background-position":"center center","background-size":"auto","background-attachment":"scroll","background-type":"","background-media":"","overlay-type":"","overlay-color":"","overlay-opacity":"","overlay-gradient":""}},"ast-content-background-meta":{"desktop":{"background-color":"var(--ast-global-color-5)","background-image":"","background-repeat":"repeat","background-position":"center center","background-size":"auto","background-attachment":"scroll","background-type":"","background-media":"","overlay-type":"","overlay-color":"","overlay-opacity":"","overlay-gradient":""},"tablet":{"background-color":"var(--ast-global-color-5)","background-image":"","background-repeat":"repeat","background-position":"center center","background-size":"auto","background-attachment":"scroll","background-type":"","background-media":"","overlay-type":"","overlay-color":"","overlay-opacity":"","overlay-gradient":""},"mobile":{"background-color":"var(--ast-global-color-5)","background-image":"","background-repeat":"repeat","background-position":"center center","background-size":"auto","background-attachment":"scroll","background-type":"","background-media":"","overlay-type":"","overlay-color":"","overlay-opacity":"","overlay-gradient":""}},"footnotes":""},"categories":[8],"tags":[276,27752,7681,27754,27753],"class_list":["post-80243","post","type-post","status-publish","format-standard","has-post-thumbnail","hentry","category-noticias","tag-checo-perez","tag-fp3-hungria","tag-lando-norris","tag-mclaren-red-bull","tag-piastri"],"_links":{"self":[{"href":"https:\/\/losperiodistas.com.mx\/portal\/wp-json\/wp\/v2\/posts\/80243","targetHints":{"allow":["GET"]}}],"collection":[{"href":"https:\/\/losperiodistas.com.mx\/portal\/wp-json\/wp\/v2\/posts"}],"about":[{"href":"https:\/\/losperiodistas.com.mx\/portal\/wp-json\/wp\/v2\/types\/post"}],"author":[{"embeddable":true,"href":"https:\/\/losperiodistas.com.mx\/portal\/wp-json\/wp\/v2\/users\/1"}],"replies":[{"embeddable":true,"href":"https:\/\/losperiodistas.com.mx\/portal\/wp-json\/wp\/v2\/comments?post=80243"}],"version-history":[{"count":1,"href":"https:\/\/losperiodistas.com.mx\/portal\/wp-json\/wp\/v2\/posts\/80243\/revisions"}],"predecessor-version":[{"id":80245,"href":"https:\/\/losperiodistas.com.mx\/portal\/wp-json\/wp\/v2\/posts\/80243\/revisions\/80245"}],"wp:featuredmedia":[{"embeddable":true,"href":"https:\/\/losperiodistas.com.mx\/portal\/wp-json\/wp\/v2\/media\/80244"}],"wp:attachment":[{"href":"https:\/\/losperiodistas.com.mx\/portal\/wp-json\/wp\/v2\/media?parent=80243"}],"wp:term":[{"taxonomy":"category","embeddable":true,"href":"https:\/\/losperiodistas.com.mx\/portal\/wp-json\/wp\/v2\/categories?post=80243"},{"taxonomy":"post_tag","embeddable":true,"href":"https:\/\/losperiodistas.com.mx\/portal\/wp-json\/wp\/v2\/tags?post=80243"}],"curies":[{"name":"wp","href":"https:\/\/api.w.org\/{rel}","templated":true}]}}