{"id":80232,"date":"2024-07-20T07:58:36","date_gmt":"2024-07-20T12:58:36","guid":{"rendered":"https:\/\/losperiodistas.com.mx\/portal\/?p=80232"},"modified":"2024-07-20T07:58:38","modified_gmt":"2024-07-20T12:58:38","slug":"arturo-ripstein-y-su-homenaje-es-dificil-ser-cineasta-en-mexico-proceso","status":"publish","type":"post","link":"https:\/\/losperiodistas.com.mx\/portal\/arturo-ripstein-y-su-homenaje-es-dificil-ser-cineasta-en-mexico-proceso\/","title":{"rendered":"Arturo Ripstein y su homenaje: \u201cEs dif\u00edcil ser cineasta en M\u00e9xico\u201d | Proceso"},"content":{"rendered":"\n<p><strong>Cercano a los 81 a\u00f1os, el cineasta, ante el reconocimiento a su trayectoria que se le rendir\u00e1 este s\u00e1bado en el Festival Internacional de Cine de Guanajuato, manifiesta estar en un \u201cimpasse\u201d, pero a\u00fan integrado a su oficio: \u201cUno no se retira del cine\u201d, dice en este di\u00e1logo sobre su larga carrera.<\/strong><\/p>\n\n\n\n<figure class=\"wp-block-image\"><img decoding=\"async\" src=\"https:\/\/www.proceso.com.mx\/u\/fotografias\/m\/2024\/7\/19\/f685x385-203673_241366_7937.jpeg\" alt=\"Arturo Ripstein y su homenaje: \u201cEs dif\u00edcil ser cineasta en M\u00e9xico\u201d\"\/><\/figure>\n\n\n\n<p><\/p>\n\n\n\n<p class=\"has-vivid-red-color has-text-color has-medium-font-size\"><strong>Columba V\u00e9rtiz De La Fuente \/ Proceso<\/strong><\/p>\n\n\n\n<p>CIUDAD DE M\u00c9XICO (<strong>Proceso<\/strong>).\u2013 Con su voz muy grave e inconfundible, el cineasta Arturo Ripstein, quien cumplir\u00e1 el 13 de diciembre 81 a\u00f1os, exterioriza gozosamente sobre el homenaje que le rinde el Festival Internacional de Cine de Guanajuato (GIFF):<\/p>\n\n\n\n<p>\u201cMe siento bien.\u00a0Muy honrado, muy contento. Lo agradezco. Un homenaje, aunque me han hecho reconocimientos desde hace a\u00f1os, me hace pensar que ya pas\u00e9 la raya, entonces me llevo pasando muchas rayas\u201d.<\/p>\n\n\n\n<p><strong>NOTICIAS RELACIONADAS<\/strong><\/p>\n\n\n\n<ul class=\"wp-block-list\"><li><a href=\"https:\/\/www.proceso.com.mx\/cultura\/2023\/9\/18\/tras-decadas-recuperan-dos-peliculas-de-ripstein-315029.html\">Tras d\u00e9cadas, recuperan dos pel\u00edculas de Ripstein<\/a><\/li><li><a href=\"https:\/\/www.proceso.com.mx\/reportajes\/2021\/5\/22\/la-dura-historia-que-fascino-ripstein-264451.html\">La dura historia que fascin\u00f3 a Ripstein<\/a><\/li><li><a href=\"https:\/\/www.proceso.com.mx\/cultura\/2019\/10\/22\/coppola-loach-ripstein-se-suman-la-guerra-de-scorsese-contra-marvel-233143.html\">Coppola, Loach y Ripstein se suman a la guerra de Scorsese contra Marvel<\/a><\/li><\/ul>\n\n\n\n<p>Es la 27 edici\u00f3n del GIFF. Inici\u00f3 el viernes 19 y finalizar\u00e1 el d\u00eda 28, primero en Le\u00f3n, luego en San Miguel de Allende y finaliza en Irapuato. Este s\u00e1bado 20, Risptein (Ciudad de M\u00e9xico, 1944) recibe el galard\u00f3n de Plata M\u00e1s Cine y la Medalla Filmoteca UNAM, elaborada con el metal extra\u00eddo durante el proceso de revelado en el laboratorio fotoqu\u00edmico de la instituci\u00f3n.<\/p>\n\n\n\n<p>En San Miguel, el 22, participar\u00e1 en&nbsp;<em>Un di\u00e1logo con Ripstein<\/em>, moderado por el director y productor Roberto Fiesco, y se presentar\u00e1 el libro&nbsp;<em>Dec\u00e1logo (de y sobre) Arturo Ripstein<\/em>, editado por Alphaville Cinema. Adem\u00e1s se proyectar\u00e1n varios de sus filmes,&nbsp;<em>El castillo de la pureza<\/em>&nbsp;(1972),&nbsp;<em>La viuda negra&nbsp;<\/em>(1977),&nbsp;<em>Profundo carmes\u00ed<\/em>&nbsp;(1995),&nbsp;<em>La calle de la amargura<\/em>&nbsp;(2015) y&nbsp;<em>El diablo entre las piernas<\/em>&nbsp;(2019).<\/p>\n\n\n\n<p>Ha filmado 34 largometrajes. Rememora en entrevista que naci\u00f3 y creci\u00f3 en el cine. Su pap\u00e1, Alfredo (1916-2007) fue productor, cre\u00f3 Alameda Films, y colabor\u00f3 con directores como Joaqu\u00edn Pardav\u00e9, Ren\u00e9 Cardona, Alejandro Galindo, Alberto Isaac, Jorge Fons y Carlos Carrera, entre otros. Detalla:<\/p>\n\n\n\n<p>\u201cEl entusiasmo comenz\u00f3 cuando contaba con tres a\u00f1os: Carlos Savage, el editor del cineasta espa\u00f1ol Luis Bu\u00f1uel, me sent\u00f3 en sus piernas y me ense\u00f1\u00f3 un pedazo de pel\u00edcula en su moviola. Me pareci\u00f3 todo fascinante, y como acompa\u00f1aba mucho a mi pap\u00e1 a los rodajes, la vocaci\u00f3n se me fue formando desde muy peque\u00f1o. A la saz\u00f3n decid\u00ed eso, y me fui para adelante. Mi pap\u00e1 no recibi\u00f3 con tanto gusto mi determinaci\u00f3n. Me mand\u00f3 a estudiar. Curs\u00e9 tres carreras, de las cuales no termin\u00e9 ninguna, y no hab\u00eda escuela de cine, tambi\u00e9n hubiera sido un disgusto para mi pap\u00e1 que estudiara cine.&nbsp;<\/p>\n\n\n\n<p>\u201cPensaba que no iba a poder vivir de mi trabajo, pero se equivoc\u00f3&#8230; Siempre quise ser otro. Para tener una carrera como la m\u00eda, que ya es pr\u00e1cticamente imposible con tantas pel\u00edculas, se necesita suerte, y yo he sido muy afortunado, tuve muy buena suerte, pero no era la que quer\u00eda, yo quer\u00eda otra suerte, y en esa suerte me toc\u00f3 ser yo, pero no quer\u00eda ser yo\u201d.<\/p>\n\n\n\n<p>\u00ad\u00bfPor qu\u00e9 no quer\u00eda ser usted? -se le pregunta al ganador de seis premios Ariel y el Ariel de Oro en el 2014 que otorgan la Academia Mexicana de Artes y Ciencias Cinematogr\u00e1ficas (AMACC).<\/p>\n\n\n\n<p>\u00adPorque no confiaba mucho en que el resultado podr\u00eda se igual al del realizador japon\u00e9s Akira Kurosawa o del italiano Federico Fellini, o del austriaco-alem\u00e1n Fritz Lang o Luis Bu\u00f1uel, pero agradezco mi suerte, pero no era lo que yo buscaba.<\/p>\n\n\n\n<figure class=\"wp-block-image\"><img decoding=\"async\" src=\"https:\/\/www.proceso.com.mx\/u\/fotografias\/m\/2024\/7\/19\/f768x1-203674_203801_15.jpeg\" alt=\"\"\/><figcaption>El cineasta. 34 largometrajes. Foto: Especial<\/figcaption><\/figure>\n\n\n\n<p>\u00adEntonces, \u00bfAturo Ripstein qu\u00e9 ha buscado con el cine?<\/p>\n\n\n\n<p>\u00adEsa es una pregunta compleja. Lo que he buscado es poder compartir lo que hago. Mis pel\u00edculas son raras, extra\u00f1as y complejas, salvo mis largometrajes comerciales que tuve que realizar porque hay que poner pan y mantequilla en la mesa alguna vez en la vida, y no he tenido la suerte del \u00e9xito taquillero. Deseaba compartir y poder hablar de las cosas que a m\u00ed me inquietaban. Yo siempre he hecho cine por terror, sobre todas las cosas que a m\u00ed me dan terror, para ver si se me quitaba el terror, pero no se me quit\u00f3 nunca.<\/p>\n\n\n\n<p>\u00ad\u00bfEl terror a qu\u00e9?<\/p>\n\n\n\n<p>\u00adDigamos que pr\u00e1cticamente a todo..<\/p>\n\n\n\n<p>\u00ad\u00bfIncluso a la vida?<\/p>\n\n\n\n<p>\u00adLa vida es todo&#8230;<\/p>\n\n\n\n<p>\u00ad\u00bfPor eso en su filmograf\u00eda predominan los g\u00e9neros drama y suspenso?<\/p>\n\n\n\n<p>\u00adNo es drama y susupenso, es horror y temor.<\/p>\n\n\n\n<p>\u00adQuiz\u00e1 sea exageragada, \u00bfle ha sido f\u00e1cil exorcizarse as\u00ed con el s\u00e9ptimo arte?<\/p>\n\n\n\n<p>\u00adEs la \u00fanica forma que ten\u00eda clara. Nunca fui al Vaticano a pedir ayuda a los exorcistas, pretend\u00eda hacerlo yo solo, y los autodiagn\u00f3sticos generalmente son err\u00f3neos si no es uno especialista en eso. No sali\u00f3 mucho y segu\u00ed insistiendo, y sali\u00f3 lo que sali\u00f3. Quer\u00eda decir lo que quer\u00eda decir, y dije lo que dije.<\/p>\n\n\n\n<h2 class=\"wp-block-heading\">T\u00f3picos inquietantes<\/h2>\n\n\n\n<p>Los temas que ha abordado han sido muy variados, la familia, como en&nbsp;<em>El castillo de la pureza<\/em>, con guion de Jos\u00e9 Emilio Pacheco, en torno a un hombre que mantiene a su familia seuestrada en su domicilio para protegerla de la maldad del mundo exterior; como en&nbsp;<em>As\u00ed es la vida<\/em>&nbsp;(200), donde una se\u00f1ora es enga\u00f1ada por su esposo y decide vengarse; en<em>&nbsp;El lugar sin l\u00edmites<\/em>&nbsp;abord\u00f3 la homosexualidad, como la situaci\u00f3n de las prostitutas y el incesto en<em>&nbsp;La mujer del puerto<\/em>&nbsp;(1991), y la sexualidad en las personas de la tercera edad en&nbsp;<em>El diablo entre las piernas<\/em>&#8230;<\/p>\n\n\n\n<p>Se le cuestiona: \u201c\u00bfC\u00f3mo se conecta con los guiones?\u201d. Responde:<\/p>\n\n\n\n<p>\u201cMe quedo con los que se me trepan a los ojos y se me quedaban en el coraz\u00f3n y la panza, pero lo que hago es dirigir. Escribo poco, no se me dio ese talento. No son guiones ajenos a m\u00ed. En todos, los malos y los peores, siempre estuve presente en la escritura. No es que me sorprenda un guion que me hayan ofrecido, incluso los que me han brindado que son normalmente espantosos, yo pod\u00eda meter un poco el dedo. Y en los que labor\u00f3 Paz Alicia Garciadiego, quien es lo mejor que me he encontrado en ese terreno en mi vida, estaba muy cerca. No era sorpresa.<\/p>\n\n\n\n<p>\u201cCon los guiones hago una lectura muy lenta, muy larga, porque necesito que se me ocurra una imagen, y a partir de esa imagen hay que contestar las preguntas m\u00e1s dif\u00edciles cuando uno hace una nueva pel\u00edcula: \u00bfde qu\u00e9 va?, \u00bfde qu\u00e9 se trata? No es la trama a lo que me refiero, sino al sentido. Cuando encontraba el profundo sentido en algunas de mis pel\u00edculas, en una especialmente,&nbsp;<em>Mentiras piadosas<\/em>&nbsp;(1987), de pronto dije: \u2018Bueno, \u00bfesta pel\u00edcula de qu\u00e9 habla? Es de celos, perfecto, \u00bfqu\u00e9 son los celos?\u2019. Son un monstruo verde, como dec\u00edan los cl\u00e1sicos del Siglo de Oro, Pedro Calder\u00f3n de la Barca y Lope de Vega, etc\u00e9tera\u201d.<\/p>\n\n\n\n<p>Sigue:<\/p>\n\n\n\n<p>\u201cEs un ur\u00f3boro, a partir de que se dice que es una serpiente que se muerde de la cola, es una especie de c\u00edrculo, entonces empezaba a pensar que las tomas deb\u00edan ser circulares o aproximadamente circulares o tener el sentido de la circularidad, y as\u00ed era toda la pel\u00edcula a partir de contestarme la pregunta \u00bfde qu\u00e9 va? As\u00ed se lo ped\u00ed al camar\u00f3grafo y as\u00ed se instala todo el equipo para contar las cosas\u201d.<\/p>\n\n\n\n<p>Con su esposa Paz Alicia Garciadiego ha generado 15 largometrajes. Rememora:<\/p>\n\n\n\n<p>\u201cLa conoc\u00ed cont\u00e1ndole historias. Eera muy prolija y muy limpia en sus relatos, muy minuciosa, a partir de eso yo dije: \u2018Ella tiene que escribirme los guiones\u2019, y le ped\u00ed en alg\u00fan momento que hiciera para m\u00ed una adaptaci\u00f3n del cuento \u2018El gallo de oro\u2019 de Juan Rulfo que lo hab\u00eda creado veintitantos a\u00f1os antes. Ya hab\u00edan realizado una adaptaci\u00f3n Gabriel Garc\u00eda M\u00e1rquez y Carlos Fuentes. Paz me dijo: \u2018Yo no acepto hacer esto\u2019. Fue una batalla de convencimiento y finalmente lo logr\u00e9, gracias a las s\u00faplicas y las amenazas. Me dijo: \u2018Te ense\u00f1o c\u00f3mo se escribe un guion, es muy f\u00e1cil, es forma y minuciosidad en el relato\u2019. El primer guion que efectuamos fue \u2018El imperio de la fortuna\u2019, y como ella era muy prolija, cre\u00f3 un guion de trescientas setenta p\u00e1ginas o algo as\u00ed, cuando los guiones son normalmente de noventa p\u00e1ginas. Lo peinamos, le quitamos lo que era confuso\u201d.<\/p>\n\n\n\n<p>Enfatiza:<\/p>\n\n\n\n<p>\u201cA partir de entonces dije que he tenido la fortuna de tener magnificos escritores hacindo mis guiones, pero los de Paz como que estaban m\u00e1s cerca. Entonces ya no busqu\u00e9 escritores, dije \u2018si no est\u00e1 descompuesto, no lo arregles\u2019. Despu\u00e9s intent\u00e9 convencerla de que se viniera a vivir conmigo, y fue bastante m\u00e1s complicado, pero finalmente muy grato\u201d.<\/p>\n\n\n\n<figure class=\"wp-block-image\"><img decoding=\"async\" src=\"https:\/\/www.proceso.com.mx\/u\/fotografias\/m\/2024\/7\/19\/f768x1-203675_203802_174.jpeg\" alt=\"\"\/><figcaption>Con Paz Alicia Gardciadiego, su guionista. Foto: Archivo&nbsp;<strong>Proceso<\/strong>&nbsp;<\/figcaption><\/figure>\n\n\n\n<p>\u2013No es f\u00e1cil conformar un binomio con obras que ya forman parte de la historia del cine, no solamente mexicano, sino latinoamericano \u00bfno cree?<\/p>\n\n\n\n<p>\u2013S\u00edgale&#8230; latinoamericano y franc\u00e9s, en fin. Son pel\u00edculas que han sido muy afortunadas. Algunas tuvieron sentido. Por otro lado la convivencia es complicada porque compartimos, Paz y yo, la angustia, y eso es terrible. No soy un se\u00f1or que llega a su casa y la mujer le dice: \u201c\u00bfQu\u00e9 tal,? \u00bfc\u00f3mo te fue hoy en el trabajo?\u201d. Y yo deb\u00eda responderle: \u201cMe fue muy mal\u201d, y ella me comentar\u00eda: \u201cNo te preocupes, mira&#8230;\u201d, y te acaricia y te apapacha. Pues no,&nbsp;&nbsp;llego y le digo: \u201c\u00a1Se nos cay\u00f3 la pel\u00edcula!\u201d, y entonces debo terminar siendo el apapachador y el tranquilizante en todo eso. La convivencia funciona, como funcionan todas las convivencias de relaci\u00f3n, pero en este caso es compartir la angustia, lo que es terriblemente dif\u00edcil.<\/p>\n\n\n\n<p>Su obra ha sido premiada en los festivales de Cine de Venecia, San Sebasti\u00e1n, Lainoamericano de La Habana y Sundance en Estados Unidos, entre otros m\u00e1s.<\/p>\n\n\n\n<h2 class=\"wp-block-heading\">Pionero en lo digital<\/h2>\n\n\n\n<p><em>As\u00ed es la vida<\/em>&nbsp;(presentada en la selecci\u00f3n oficial del Festival de Cannes) fue grabada en cine digital con DVCAM DSR-500 y DSR-100 de Sony. Se convirti\u00f3 en la primera cinta en M\u00e9xico y en Latinoam\u00e9rica en utilizar estas c\u00e1maras.<\/p>\n\n\n\n<p>\u2013Usted es pionero de la la c\u00e1mara digital, \u00bfc\u00f3mo ha transformado la tecnolog\u00eda su forma de dirigir? Ahora se habla mucho del peligro de la inteligencia artificial, \u00bfqu\u00e9 opina?<\/p>\n\n\n\n<p>\u2013Estoy m\u00e1s preocupado por la estupidez natural que por la inteligencia artificial. Creo que la inteligencia artificial ser\u00e1 un instrumento del que nos valdremos igual que el tel\u00e9fono o la computadora. A m\u00ed me gustan mucho los&nbsp;gadgets&nbsp;(celulares inteligentes, tabletas, GPS, auriculares, micr\u00f3fonos, entecetera). Yo hice la primera pel\u00edcula en Am\u00e9rica Latina procesada en formato digital. Ahora todas son eso.<\/p>\n\n\n\n<p>\u2013\u00bfQu\u00e9 le preocupa con la tecnolog\u00eda?<\/p>\n\n\n\n<p>\u2013Me gusta la tecnolog\u00eda. Me preocupa cierta estandarizaci\u00f3n del pensamiento y cierta abolici\u00f3n de la reflexi\u00f3n gracias a la pantallita. La tecnolog\u00eda es un instrumento y en este momento ha dejado de serlo, se ha vuelto la forma de vida, y lo que se necesita es volver a que sea un instrumento a mi servicio, y no yo al suyo. Quiero que la tecnolog\u00eda sea mi compa\u00f1era, mi esclava, y no yo el esclavo de ella.<\/p>\n\n\n\n<p>\u2013Hace rato hablaba de esa suerte que ha tenido, \u00bfpero qu\u00e9 me dice de los obst\u00e1culos que ha enfrentado?, Como no lograr estrenar una pel\u00edcula&nbsp;<em>La mujer del puerto<\/em>&nbsp;(1991), que se qued\u00f3 muchos a\u00f1os as\u00ed hasta el 2023.<\/p>\n\n\n\n<p>\u2013Los obst\u00e1culos son el otro lado de la buena suerte. Es pr\u00e1cticamente normal la imposibilidad de llevar a cabo un proyecto, entonces han sido miles de obst\u00e1culos, pero hay que tener la enjundia de poder superarlos. Ha sido un trabajo invariable de insistencia, de contundencia, para poder llegar a buen t\u00e9rmino. Ninguna pel\u00edcula ha sido f\u00e1cil, ni las que me han ofrecido.<\/p>\n\n\n\n<p>\u2013\u00bfEs dif\u00edcil en M\u00e9xico ser cineasta?<\/p>\n\n\n\n<p>\u2013\u00a1Es dificil\u00edsimo en M\u00e9xico ser cineasta!, y probablemente es dificil\u00edsimo en cualquier lugar del mundo, hay que enfrentar toda clase de torbellinos, humillaciones y disputas. Hay que ser muy contumaz, eso necesariamente es un instrumento que ayuda.<\/p>\n\n\n\n<p>\u2013\u00bfSe ha puesto a analizar los 34 largometrajes que ha dirigido?<\/p>\n\n\n\n<p>\u2013Cuando me he puesto a verlos, la respuesta normalmente es agria, as\u00ed que trato de no hacerlo. Uno es el peor cr\u00edtico de s\u00ed mismo&#8230;<\/p>\n\n\n\n<p>\u2013\u00bfNo es usted muy severo consigo mismo?<\/p>\n\n\n\n<p>\u2013La contumacia va de un lado y del otro.<\/p>\n\n\n\n<p>\u2013\u00bfY ahora qu\u00e9 historias desea filmar?<\/p>\n\n\n\n<p>\u2013Por lo pronto estoy en un&nbsp;<em>impasse<\/em>. Tengo ochenta a\u00f1os. Es tiempo de sentarse y pensar en otra cosa. Nunca me he retirado, ni me retirar\u00e9. El cine lo retira a uno, no uno al cine. Es muy f\u00e1cil decir ya no vuelvo a hacer pel\u00edculas, como el h\u00fangaro B\u00e9la Tarr, quien lo ha cumplido. Lo que pasa es que ya no vuelve a haber oportunidades.<\/p>\n\n\n\n<figure class=\"wp-block-image\"><img decoding=\"async\" src=\"https:\/\/www.proceso.com.mx\/u\/fotografias\/m\/2024\/7\/19\/f768x1-203676_203803_0.jpeg\" alt=\"\"\/><figcaption>\u201cProfundo carmes\u00ed\u201d. Remasterizada. Foto: Archivo&nbsp;<strong>Proceso<\/strong><\/figcaption><\/figure>\n\n\n\n<p>\u2013Usted es considerado un destacado cineasta, \u00bfeso qu\u00e9 le hace sentir?<\/p>\n\n\n\n<p>\u2013\u00a1Dudas!<\/p>\n\n\n\n<p>\u2013\u00bfQu\u00e9 le gustar\u00eda filmar ahora?<\/p>\n\n\n\n<p>\u2013Recalco que estoy en un&nbsp;<em>impasse<\/em>. En este momento no estoy con el \u00e1nimo de empezar una m\u00e1s&#8230; Mis gigantes, Fellini, Kurozawa y Lang, su \u00faltima pel\u00edcula generalmente fue horrorosa. Yo hice&nbsp;<em>El diablo entre las piernas<\/em>,&nbsp;que es una pel\u00edcula digna, que a m\u00ed me satisface. La puedo dejar ah\u00ed.<\/p>\n\n\n\n<p>\u2013Se ver\u00e1 en el GIFF la pel\u00edcula&nbsp;<em>Profundo carmes\u00ed<\/em>, que usted trabaj\u00f3 para remasterizarla. \u00bfLe gustar\u00eda restaurar otra de sus pel\u00edculas?<\/p>\n\n\n\n<p>\u2013Si, a eso estoy dedic\u00e1ndome ahora. Tenerlas tecnicamente al d\u00eda. Esos trabajos son complejos, pero muy interesantes. Estoy remasterizando, o como se llame, algunas de mis cosas. Es lento, dif\u00edcil, porque el financiamiento tambi\u00e9n es complicado. Uno quisiera restaurar tres o cuatro o cinco pel\u00edculas, pero ojal\u00e1 y se pueda una.<\/p>\n\n\n\n<p>Fuente: <a href=\"https:\/\/www.proceso.com.mx\/cultura\/2024\/7\/20\/arturo-ripstein-su-homenaje-es-dificil-ser-cineasta-en-mexico-333244.html\">https:\/\/www.proceso.com.mx\/cultura\/2024\/7\/20\/arturo-ripstein-su-homenaje-es-dificil-ser-cineasta-en-mexico-333244.html<\/a><\/p>\n","protected":false},"excerpt":{"rendered":"<p>Cercano a los 81 a\u00f1os, el cineasta, ante el reconocimiento a su trayectoria que se le rendir\u00e1 este s\u00e1bado en [&hellip;]<\/p>\n","protected":false},"author":1,"featured_media":80233,"comment_status":"open","ping_status":"open","sticky":false,"template":"","format":"standard","meta":{"site-sidebar-layout":"default","site-content-layout":"","ast-site-content-layout":"default","site-content-style":"default","site-sidebar-style":"default","ast-global-header-display":"","ast-banner-title-visibility":"","ast-main-header-display":"","ast-hfb-above-header-display":"","ast-hfb-below-header-display":"","ast-hfb-mobile-header-display":"","site-post-title":"","ast-breadcrumbs-content":"","ast-featured-img":"","footer-sml-layout":"","theme-transparent-header-meta":"","adv-header-id-meta":"","stick-header-meta":"","header-above-stick-meta":"","header-main-stick-meta":"","header-below-stick-meta":"","astra-migrate-meta-layouts":"default","ast-page-background-enabled":"default","ast-page-background-meta":{"desktop":{"background-color":"var(--ast-global-color-4)","background-image":"","background-repeat":"repeat","background-position":"center center","background-size":"auto","background-attachment":"scroll","background-type":"","background-media":"","overlay-type":"","overlay-color":"","overlay-opacity":"","overlay-gradient":""},"tablet":{"background-color":"","background-image":"","background-repeat":"repeat","background-position":"center center","background-size":"auto","background-attachment":"scroll","background-type":"","background-media":"","overlay-type":"","overlay-color":"","overlay-opacity":"","overlay-gradient":""},"mobile":{"background-color":"","background-image":"","background-repeat":"repeat","background-position":"center center","background-size":"auto","background-attachment":"scroll","background-type":"","background-media":"","overlay-type":"","overlay-color":"","overlay-opacity":"","overlay-gradient":""}},"ast-content-background-meta":{"desktop":{"background-color":"var(--ast-global-color-5)","background-image":"","background-repeat":"repeat","background-position":"center center","background-size":"auto","background-attachment":"scroll","background-type":"","background-media":"","overlay-type":"","overlay-color":"","overlay-opacity":"","overlay-gradient":""},"tablet":{"background-color":"var(--ast-global-color-5)","background-image":"","background-repeat":"repeat","background-position":"center center","background-size":"auto","background-attachment":"scroll","background-type":"","background-media":"","overlay-type":"","overlay-color":"","overlay-opacity":"","overlay-gradient":""},"mobile":{"background-color":"var(--ast-global-color-5)","background-image":"","background-repeat":"repeat","background-position":"center center","background-size":"auto","background-attachment":"scroll","background-type":"","background-media":"","overlay-type":"","overlay-color":"","overlay-opacity":"","overlay-gradient":""}},"footnotes":""},"categories":[8],"tags":[167,4788,27750],"class_list":["post-80232","post","type-post","status-publish","format-standard","has-post-thumbnail","hentry","category-noticias","tag-arturo-ripstein","tag-cineastas-mexicanos","tag-festival-internacional-de-cine-de-guanajuato"],"_links":{"self":[{"href":"https:\/\/losperiodistas.com.mx\/portal\/wp-json\/wp\/v2\/posts\/80232","targetHints":{"allow":["GET"]}}],"collection":[{"href":"https:\/\/losperiodistas.com.mx\/portal\/wp-json\/wp\/v2\/posts"}],"about":[{"href":"https:\/\/losperiodistas.com.mx\/portal\/wp-json\/wp\/v2\/types\/post"}],"author":[{"embeddable":true,"href":"https:\/\/losperiodistas.com.mx\/portal\/wp-json\/wp\/v2\/users\/1"}],"replies":[{"embeddable":true,"href":"https:\/\/losperiodistas.com.mx\/portal\/wp-json\/wp\/v2\/comments?post=80232"}],"version-history":[{"count":1,"href":"https:\/\/losperiodistas.com.mx\/portal\/wp-json\/wp\/v2\/posts\/80232\/revisions"}],"predecessor-version":[{"id":80234,"href":"https:\/\/losperiodistas.com.mx\/portal\/wp-json\/wp\/v2\/posts\/80232\/revisions\/80234"}],"wp:featuredmedia":[{"embeddable":true,"href":"https:\/\/losperiodistas.com.mx\/portal\/wp-json\/wp\/v2\/media\/80233"}],"wp:attachment":[{"href":"https:\/\/losperiodistas.com.mx\/portal\/wp-json\/wp\/v2\/media?parent=80232"}],"wp:term":[{"taxonomy":"category","embeddable":true,"href":"https:\/\/losperiodistas.com.mx\/portal\/wp-json\/wp\/v2\/categories?post=80232"},{"taxonomy":"post_tag","embeddable":true,"href":"https:\/\/losperiodistas.com.mx\/portal\/wp-json\/wp\/v2\/tags?post=80232"}],"curies":[{"name":"wp","href":"https:\/\/api.w.org\/{rel}","templated":true}]}}