{"id":80150,"date":"2024-07-19T07:26:39","date_gmt":"2024-07-19T12:26:39","guid":{"rendered":"https:\/\/losperiodistas.com.mx\/portal\/?p=80150"},"modified":"2024-07-19T07:26:41","modified_gmt":"2024-07-19T12:26:41","slug":"la-revolucion-que-red-bull-estrena-en-hungria-con-los-cambios-al-rb20-motorsport","status":"publish","type":"post","link":"https:\/\/losperiodistas.com.mx\/portal\/la-revolucion-que-red-bull-estrena-en-hungria-con-los-cambios-al-rb20-motorsport\/","title":{"rendered":"La revoluci\u00f3n que Red Bull estrena en Hungr\u00eda con los cambios al RB20 | Motorsport"},"content":{"rendered":"\n<h2 class=\"has-background wp-block-heading\" style=\"background-color:#ec8d49\">Red Bull llev\u00f3 a Budapest una versi\u00f3n completamente revisada del RB20 en busca de una mejor refrigeraci\u00f3n y una mayor eficiencia aerodin\u00e1mica. Aqu\u00ed te contamos los detalles de los cambios, que este fin de semana solo llevar\u00e1 Max Verstappen.<\/h2>\n\n\n\n<figure class=\"wp-block-image size-large\"><img fetchpriority=\"high\" decoding=\"async\" width=\"1024\" height=\"682\" src=\"https:\/\/losperiodistas.com.mx\/portal\/wp-content\/uploads\/2024\/07\/dettaglio-tecnico-della-red-bu-2-1024x682.jpeg\" alt=\"\" class=\"wp-image-80151\" srcset=\"https:\/\/losperiodistas.com.mx\/portal\/wp-content\/uploads\/2024\/07\/dettaglio-tecnico-della-red-bu-2-1024x682.jpeg 1024w, https:\/\/losperiodistas.com.mx\/portal\/wp-content\/uploads\/2024\/07\/dettaglio-tecnico-della-red-bu-2-300x200.jpeg 300w, https:\/\/losperiodistas.com.mx\/portal\/wp-content\/uploads\/2024\/07\/dettaglio-tecnico-della-red-bu-2-768x511.jpeg 768w, https:\/\/losperiodistas.com.mx\/portal\/wp-content\/uploads\/2024\/07\/dettaglio-tecnico-della-red-bu-2.jpeg 1200w\" sizes=\"(max-width: 1024px) 100vw, 1024px\" \/><\/figure>\n\n\n\n<p><\/p>\n\n\n\n<p class=\"has-vivid-red-color has-text-color has-medium-font-size\"><strong>Franco Nugnes \/ Giorgio Piola \/ Motorsport<\/strong><\/p>\n\n\n\n<p>Hay un&nbsp;<strong>RB20<\/strong>&nbsp;modificado en Hungaroring, solo para&nbsp;<a href=\"https:\/\/lat.motorsport.com\/driver\/max-verstappen\/465982\/\" target=\"_blank\" rel=\"noreferrer noopener\">Max Verstappen<\/a>. Red Bull est\u00e1 haciendo todo lo posible por devolver el coche de Milton Keynes a la cima t\u00e9cnica del Circo despu\u00e9s de que McLaren parezca haber completado un adelantamiento que parec\u00eda impensable a principios de temporada.<\/p>\n\n\n\n<p>El neerland\u00e9s puede contar con una buena ventaja de 84 puntos sobre&nbsp;<a href=\"https:\/\/lat.motorsport.com\/driver\/lando-norris\/468557\/\" target=\"_blank\" rel=\"noreferrer noopener\">Lando Norris<\/a>&nbsp;en el campeonato de pilotos, pero la supremac\u00eda en el campeonato de constructores no est\u00e1 nada garantizada si Sergio P\u00e9rez sigue sin contribuir a la causa&nbsp;<a href=\"https:\/\/lat.motorsport.com\/team\/scuderia-ferrari\/25733\/\" target=\"_blank\" rel=\"noreferrer noopener\">(Ferrari<\/a>&nbsp;est\u00e1 a 71 puntos y McLaren a 78 de Red Bull).<\/p>\n\n\n\n<p>En Budapest se present\u00f3 un RB20 profundamente diferente. De hecho, incluso se podr\u00eda decir que representa un punto de diversificaci\u00f3n con la filosof\u00eda de construcci\u00f3n del coche de 2024, con un replanteamiento del concepto aerodin\u00e1mico adelantado este a\u00f1o, casi como si quisiera retomar el hilo de los anteriores Red Bull que hab\u00edan dominado la escena sin rivales a la vista.<img decoding=\"async\" src=\"https:\/\/cdn.motorsport.com\/images\/mgl\/YXRPMON0\/s1000\/red-bull-racing-rb20-technical.jpg\" alt=\"Dettaglio tecnico Red Bull Racing RB20\" width=\"1200\" height=\"800\"><\/p>\n\n\n\n<p>Detalle t\u00e9cnico del Red Bull Racing RB20<\/p>\n\n\n\n<p>Foto de:&nbsp;<a href=\"https:\/\/www.giorgiopiola.com\/\" target=\"_blank\" rel=\"noreferrer noopener\">Giorgio Piola<\/a><\/p>\n\n\n\n<p>El aspecto m\u00e1s innovador es la desaparici\u00f3n del bazooka, el elemento tan llamativo en la base del cap\u00f3 motor: Enrico Balbo, jefe de los aerodinamistas, ha optado por una soluci\u00f3n profundamente diferente, sin afectar al complejo sistema de refrigeraci\u00f3n de cuatro etapas del RB20.<\/p>\n\n\n\n<p>Llama la atenci\u00f3n el llamativo adelgazamiento del coche de Verstappen por detr\u00e1s de los hombros del piloto, al tiempo que muestra unos laterales que han sido redise\u00f1ados y que van exactamente en la direcci\u00f3n opuesta.<\/p>\n\n\n\n<p><strong>Red Bull<\/strong>&nbsp;parece perseguir la eficiencia aerodin\u00e1mica en paralelo al perfecto control de la temperatura de la unidad de potencia&nbsp;<strong>Honda<\/strong>, para as\u00ed mejorar el rendimiento sin afectar a la fiabilidad. Recordemos que Verstappen ya ha montado el cuarto, y \u00faltimo motor que puede usar sin penalizaci\u00f3n, mientras que \u00abCheco\u00bb P\u00e9rez est\u00e1 en el quinto motor endot\u00e9rmico y ya pag\u00f3 una penalizaci\u00f3n en parrilla en Silverstone, por lo que hay conciencia de que el RB20 ofrec\u00eda soluciones de dise\u00f1o extremas, mostrando debilidades en el control de la temperatura que era necesario solucionar.<img decoding=\"async\" src=\"https:\/\/cdn.motorsport.com\/images\/mgl\/27vEjBx0\/s1000\/red-bull-racing-rb20-technical.jpg\" alt=\"Red Bull RB20: la pance sono state ridisegnate\" width=\"1200\" height=\"800\"><\/p>\n\n\n\n<p>Red Bull RB20: los vientres han sido redise\u00f1ados<\/p>\n\n\n\n<p>Foto de:&nbsp;<a href=\"https:\/\/www.giorgiopiola.com\/\" target=\"_blank\" rel=\"noreferrer noopener\">Giorgio Piola<\/a><\/p>\n\n\n\n<p>Y es interesante ver que Pierre Wach\u00e9, director t\u00e9cnico de Milton Keynes, ha decidido llevar el \u00abnuevo\u00bb RB20 a Budapest en una pista donde la capacidad de disipar el calor es mucho m\u00e1s importante que la b\u00fasqueda de la eficiencia aerodin\u00e1mica, que en Hungaroring se convierte en marginal en favor de la b\u00fasqueda de la m\u00e1xima carga.<\/p>\n\n\n\n<p>Si Red Bull no tiene temores de fiabilidad en el temible trazado h\u00fangaro, podr\u00e1 afrontar el resto de la temporada con m\u00e1s tranquilidad, ocup\u00e1ndose en detalle \u00fanicamente del desarrollo aerodin\u00e1mico. Sin embargo, el equipo tambi\u00e9n ha trabajado a fondo en este aspecto.<\/p>\n\n\n\n<p>El flanco tiene un dise\u00f1o completamente diferente: la tendencia desde principios de a\u00f1o hab\u00eda sido estrechar el dise\u00f1o de la panza para reducir la resistencia aerodin\u00e1mica. El RB20 de Verstappen tiene un flanco m\u00e1s llamativo que el de P\u00e9rez (abajo a la izquierda), para evitar p\u00e9rdidas por turbulencias en la rueda delantera y facilitar la disipaci\u00f3n del calor.<img loading=\"lazy\" decoding=\"async\" src=\"https:\/\/cdn.motorsport.com\/images\/mgl\/01WLEorY\/s1000\/red-bull-racing-rb20-technical.jpg\" alt=\"Red Bull RB20: a sinistra la vecchia pancia affidata a Perez e a destra la nuova per Verstappen\" width=\"1200\" height=\"800\"><\/p>\n\n\n\n<p>Red Bull RB20: a la izquierda la antigua panza confiada a P\u00e9rez y a la derecha la nueva para Verstappen.<\/p>\n\n\n\n<p>Foto de:&nbsp;<a href=\"https:\/\/www.giorgiopiola.com\/\" target=\"_blank\" rel=\"noreferrer noopener\">Giorgio Piola<\/a><\/p>\n\n\n\n<p>La actualizaci\u00f3n tambi\u00e9n incluye un aler\u00f3n delantero completamente nuevo en sus cuatro elementos: se ha puesto mayor cuidado en los flaps, yendo hacia la l\u00f3gica de desarrollo que ha permitido a&nbsp;<a href=\"https:\/\/lat.motorsport.com\/team\/mercedes-amg-f1\/25731\/\" target=\"_blank\" rel=\"noreferrer noopener\">Mercedes<\/a>&nbsp;encontrar un buen equilibrio en el W15.<img loading=\"lazy\" decoding=\"async\" src=\"https:\/\/cdn.motorsport.com\/images\/mgl\/YN1gjlP2\/s1000\/red-bull-racing-rb20-technical.jpg\" alt=\"Red Bull RB20: l'ala anteriore \u00e8 completamente nuova\" width=\"1200\" height=\"800\"><\/p>\n\n\n\n<p>Red Bull RB20: el aler\u00f3n delantero es completamente nuevo<\/p>\n\n\n\n<p>Foto de:&nbsp;<a href=\"https:\/\/www.giorgiopiola.com\/\" target=\"_blank\" rel=\"noreferrer noopener\">Giorgio Piola<\/a><\/p>\n\n\n\n<p>El dise\u00f1o del aler\u00f3n tambi\u00e9n ha influido en el brazo inferior de la suspensi\u00f3n delantera, que ahora tiene una cubierta reperfilada con la intenci\u00f3n de favorecer un patr\u00f3n de flujo diferente. Para completar el importante paquete, no se pueden olvidar las modificaciones en los conductos de los frenos para garantizar el flujo de aire necesario a los discos y las pinzas.<\/p>\n\n\n\n<p>Fuente: <a href=\"https:\/\/lat.motorsport.com\/f1\/news\/red-bull-cambios-coche-rb20-hungria-f1\/10636089\/\">https:\/\/lat.motorsport.com\/f1\/news\/red-bull-cambios-coche-rb20-hungria-f1\/10636089\/<\/a><\/p>\n","protected":false},"excerpt":{"rendered":"<p>Red Bull llev\u00f3 a Budapest una versi\u00f3n completamente revisada del RB20 en busca de una mejor refrigeraci\u00f3n y una mayor [&hellip;]<\/p>\n","protected":false},"author":1,"featured_media":80151,"comment_status":"open","ping_status":"open","sticky":false,"template":"","format":"standard","meta":{"site-sidebar-layout":"default","site-content-layout":"","ast-site-content-layout":"default","site-content-style":"default","site-sidebar-style":"default","ast-global-header-display":"","ast-banner-title-visibility":"","ast-main-header-display":"","ast-hfb-above-header-display":"","ast-hfb-below-header-display":"","ast-hfb-mobile-header-display":"","site-post-title":"","ast-breadcrumbs-content":"","ast-featured-img":"","footer-sml-layout":"","theme-transparent-header-meta":"","adv-header-id-meta":"","stick-header-meta":"","header-above-stick-meta":"","header-main-stick-meta":"","header-below-stick-meta":"","astra-migrate-meta-layouts":"default","ast-page-background-enabled":"default","ast-page-background-meta":{"desktop":{"background-color":"var(--ast-global-color-4)","background-image":"","background-repeat":"repeat","background-position":"center center","background-size":"auto","background-attachment":"scroll","background-type":"","background-media":"","overlay-type":"","overlay-color":"","overlay-opacity":"","overlay-gradient":""},"tablet":{"background-color":"","background-image":"","background-repeat":"repeat","background-position":"center center","background-size":"auto","background-attachment":"scroll","background-type":"","background-media":"","overlay-type":"","overlay-color":"","overlay-opacity":"","overlay-gradient":""},"mobile":{"background-color":"","background-image":"","background-repeat":"repeat","background-position":"center center","background-size":"auto","background-attachment":"scroll","background-type":"","background-media":"","overlay-type":"","overlay-color":"","overlay-opacity":"","overlay-gradient":""}},"ast-content-background-meta":{"desktop":{"background-color":"var(--ast-global-color-5)","background-image":"","background-repeat":"repeat","background-position":"center center","background-size":"auto","background-attachment":"scroll","background-type":"","background-media":"","overlay-type":"","overlay-color":"","overlay-opacity":"","overlay-gradient":""},"tablet":{"background-color":"var(--ast-global-color-5)","background-image":"","background-repeat":"repeat","background-position":"center center","background-size":"auto","background-attachment":"scroll","background-type":"","background-media":"","overlay-type":"","overlay-color":"","overlay-opacity":"","overlay-gradient":""},"mobile":{"background-color":"var(--ast-global-color-5)","background-image":"","background-repeat":"repeat","background-position":"center center","background-size":"auto","background-attachment":"scroll","background-type":"","background-media":"","overlay-type":"","overlay-color":"","overlay-opacity":"","overlay-gradient":""}},"footnotes":""},"categories":[8],"tags":[27708,466,27707,8077],"class_list":["post-80150","post","type-post","status-publish","format-standard","has-post-thumbnail","hentry","category-noticias","tag-aleron-delantero-nuevo","tag-red-bull","tag-rediseno-del-rb20","tag-verstappen"],"_links":{"self":[{"href":"https:\/\/losperiodistas.com.mx\/portal\/wp-json\/wp\/v2\/posts\/80150","targetHints":{"allow":["GET"]}}],"collection":[{"href":"https:\/\/losperiodistas.com.mx\/portal\/wp-json\/wp\/v2\/posts"}],"about":[{"href":"https:\/\/losperiodistas.com.mx\/portal\/wp-json\/wp\/v2\/types\/post"}],"author":[{"embeddable":true,"href":"https:\/\/losperiodistas.com.mx\/portal\/wp-json\/wp\/v2\/users\/1"}],"replies":[{"embeddable":true,"href":"https:\/\/losperiodistas.com.mx\/portal\/wp-json\/wp\/v2\/comments?post=80150"}],"version-history":[{"count":1,"href":"https:\/\/losperiodistas.com.mx\/portal\/wp-json\/wp\/v2\/posts\/80150\/revisions"}],"predecessor-version":[{"id":80152,"href":"https:\/\/losperiodistas.com.mx\/portal\/wp-json\/wp\/v2\/posts\/80150\/revisions\/80152"}],"wp:featuredmedia":[{"embeddable":true,"href":"https:\/\/losperiodistas.com.mx\/portal\/wp-json\/wp\/v2\/media\/80151"}],"wp:attachment":[{"href":"https:\/\/losperiodistas.com.mx\/portal\/wp-json\/wp\/v2\/media?parent=80150"}],"wp:term":[{"taxonomy":"category","embeddable":true,"href":"https:\/\/losperiodistas.com.mx\/portal\/wp-json\/wp\/v2\/categories?post=80150"},{"taxonomy":"post_tag","embeddable":true,"href":"https:\/\/losperiodistas.com.mx\/portal\/wp-json\/wp\/v2\/tags?post=80150"}],"curies":[{"name":"wp","href":"https:\/\/api.w.org\/{rel}","templated":true}]}}