{"id":80145,"date":"2024-07-19T07:14:52","date_gmt":"2024-07-19T12:14:52","guid":{"rendered":"https:\/\/losperiodistas.com.mx\/portal\/?p=80145"},"modified":"2024-07-19T07:14:54","modified_gmt":"2024-07-19T12:14:54","slug":"opinion-acuexcomac-lucha-por-desprivatizar-el-agua","status":"publish","type":"post","link":"https:\/\/losperiodistas.com.mx\/portal\/opinion-acuexcomac-lucha-por-desprivatizar-el-agua\/","title":{"rendered":"Opini\u00f3n | Acuexcomac lucha por desprivatizar el agua"},"content":{"rendered":"\n<p class=\"has-medium-font-size\">*Hace falta la Ley de Participaci\u00f3n Ciudadana; Camarillo apoya reformas del PRI<\/p>\n\n\n\n<figure class=\"wp-block-image size-large\"><img fetchpriority=\"high\" decoding=\"async\" width=\"1024\" height=\"575\" src=\"https:\/\/losperiodistas.com.mx\/portal\/wp-content\/uploads\/2024\/07\/SE-SECO\u0301-EL-MANANTIAL-ACUEXCOMAC-1024x575.jpg\" alt=\"\" class=\"wp-image-80147\" srcset=\"https:\/\/losperiodistas.com.mx\/portal\/wp-content\/uploads\/2024\/07\/SE-SECO\u0301-EL-MANANTIAL-ACUEXCOMAC-1024x575.jpg 1024w, https:\/\/losperiodistas.com.mx\/portal\/wp-content\/uploads\/2024\/07\/SE-SECO\u0301-EL-MANANTIAL-ACUEXCOMAC-300x168.jpg 300w, https:\/\/losperiodistas.com.mx\/portal\/wp-content\/uploads\/2024\/07\/SE-SECO\u0301-EL-MANANTIAL-ACUEXCOMAC-768x431.jpg 768w, https:\/\/losperiodistas.com.mx\/portal\/wp-content\/uploads\/2024\/07\/SE-SECO\u0301-EL-MANANTIAL-ACUEXCOMAC.jpg 1332w\" sizes=\"(max-width: 1024px) 100vw, 1024px\" \/><\/figure>\n\n\n\n<p class=\"has-vivid-red-color has-text-color\" style=\"font-size:26px\"><br><strong><em>Por Ra\u00fal Torres Salmer\u00f3n<\/em><\/strong><\/p>\n\n\n\n<p><br>Los vecinos y autoridades de la junta auxiliar de Santa Mar\u00eda Acuexcomac de San Pedro Cholula y<br>el colectivo Los Doscientos Libres, consideran que la soluci\u00f3n a la crisis h\u00eddrica que padecen<br>atraviesa por la desprivatizaci\u00f3n del servicio en la entidad, tal y como los expresar\u00e1n en el<br>Congreso Anal\u00edtico sobre el Agua, convocado por la Benem\u00e9rita Sociedad Mexicana de Geograf\u00eda y<br>Estad\u00edstica a celebrarse a partir del 31 de julio y al que han sido invitados.<br>El manantial de Santa Mar\u00eda Acuexcomac que ha abastecido de agua a Puebla Capital y a su zona<br>conurbada ha quedado totalmente extinto.<br>Los diversos procedimientos emprendidos por los vecinos y la autoridad auxiliar de la comunidad<br>de Santa Mar\u00eda Acuexcomac, asesorados por el Abogado Atilio Alberto Peralta Merino, tienen<br>como fin, adem\u00e1s de resarcir el da\u00f1o causado a la comunidad, revertir el proceso de privatizaci\u00f3n<br>que ha resultado nefasto para su comunidad y para los usuarios del servicio en su conjunto.<br>En consecuencia, anunciaron que han emprendido un procedimiento de reparaci\u00f3n de da\u00f1o<br>patrimonial, debidamente respaldado por un peritaje de alto nivel a cargo del Profesionista<br><\/p>\n\n\n\n<p>Rodolfo Sol\u00eds Tovar que establece el da\u00f1o causado en un monto de 3 mil 500 millones de pesos,<br>debidamente levantado con plena solidez profesional a diferencia del falaz e inexistente peritaje<br>actuarial invocado en fechas recientes para aducir una supuesta imposibilidad de rescindir el t\u00edtulo<br>de concesi\u00f3n que se encuentra actualmente en vigor.<br>Tras una primera reclamaci\u00f3n por un monto que supera los 16 millones, es su prop\u00f3sito presentar<br>reclamaciones adicionales, hasta involucrar a toda la comunidad pues en fechas pr\u00f3ximas<br>presentar\u00e1n las correspondientes a las \u00e1reas conocidas con La Ci\u00e9nega y Ocho Surcos por un<br>monto de 40 millones de peses, en virtud de que se vieron afectadas en la proclividad agr\u00edcola de<br>sus huertos y en el cultivo pisc\u00edcola de la carca a ra\u00edz de la extinci\u00f3n del manantial.<br>Han presentado juicios de amparo por falta de respuesta que, a instancia de los jueces de amparo,<br>han sido ampliadas en sus agravios para hacer valer la transgresi\u00f3n al derecho de acceso al agua<br>previsto en el Art\u00edculo 4\u00b0 de la Constituci\u00f3n.<br>Se han iniciado procedimientos que actualmente est\u00e1n en curso ante la Procuradur\u00eda Federal de<br>Protecci\u00f3n al Ambiente y el Tribunal Federal de Justicia Administrativa; incluso, se formul\u00f3<br>solicitud al Cabildo de San Pedro Cholula para que dicha autoridad interponga demanda de<br>controversia ante la Suprema Corte de Justicia de la Naci\u00f3n; a la fecha no se ha obtenido<br>respuesta.<br>Finalmente se\u00f1alaron los quejosos que la Federaci\u00f3n y las autoridades locales que tienen el<br>dominio de las aguas, han incurrido en el abuso de un derecho en contra de lo expresamente<br>pactado con la comunidad y se encuentran obligadas a resarcir el da\u00f1o causado.<\/p>\n\n\n\n<p>FALTA LEY CIUDADANA<br>La LXI Legislatura del Congreso de Puebla concluir\u00e1 sin que los diputados salden la deuda de<br>aprobar una Ley de Participaci\u00f3n Ciudadana, provocando que el estado se encuentre entre los<br>cuatro del pa\u00eds m\u00e1s atrasados en la materia, inform\u00f3 Ernesto Garc\u00eda Hern\u00e1ndez, integrante de la<br>asociaci\u00f3n civil Opci\u00f3n Ciudadana.<\/p>\n\n\n\n<p><br>Al solicitar que se legisle en la materia, record\u00f3 que el Congreso poblano ten\u00eda de plazo hasta junio<br>de 2021 para aprobar la normatividad pendiente, por lo que se encuentra en un desacato<br>escandaloso de tres a\u00f1os.<br>Explic\u00f3 que la omisi\u00f3n de los diputados impide a los habitantes de la entidad federativa hacer uso<br>de los instrumentos de la democracia directa a nivel local, el refer\u00e9ndum y plebiscito y piden que<br>la Suprema Corte de Justicia exhorte al Congreso a legislar sobre la Ley de Participaci\u00f3n Ciudadana<br>y la homologaci\u00f3n de la Ley de Revocaci\u00f3n de Mandato<br>Por ese motivo, Opci\u00f3n Ciudadana inici\u00f3 en 2022 un litigio para que la Suprema Corte de Justicia<br>de la Naci\u00f3n (SCJN), compruebe la omisi\u00f3n legislativa del Congreso y tome acciones que<br>garanticen su conclusi\u00f3n.<br>Urgi\u00f3 la respuesta del m\u00e1xima tribunal de justicia del pa\u00eds, para que Puebla no quede en un estado<br>de indefensi\u00f3n. Puebla es uno de los cuatro estados del pa\u00eds que no cuenta con una Ley de<br>Participaci\u00f3n Ciudadana.<br>Durante el 2022 el Colectivo Opci\u00f3n Ciudadana se acerc\u00f3 al entonces titular de la Comisi\u00f3n de<br>Participaci\u00f3n Ciudadana y Combate a la Corrupci\u00f3n, el diputado panista Gabriel Oswaldo Jim\u00e9nez,<br>para presentar el proyecto de Ley de Participaci\u00f3n Ciudadana obteniendo solo promesas sin<br>cumplir por parte del diputado.<br>CAMARILLO APOYA LA REFORMA<br>El Presidente del Comit\u00e9 Estatal del PRI, N\u00e9stor Camarillo Medina, respald\u00f3 las reformas realizadas<br>en la 24\u00aa. Asamblea Nacional, donde se modificaron la Declaraci\u00f3n de Principios, el Programa de<br>Acci\u00f3n, los Estatutos y el C\u00f3digo de \u00c9tica, las cuales dieron como resultado la creaci\u00f3n de las<br>Secretar\u00edas de Innovaci\u00f3n Tecnol\u00f3gica, de la Diversidad Sexual y de Pueblos Ind\u00edgenas y<br>Afromexicanos; la renovaci\u00f3n del Consejo Pol\u00edtico Nacional y el impulso con el 60 por ciento de las<br>posiciones para las mujeres, entre otras.<br>El tambi\u00e9n Senador de la Rep\u00fablica Electo afirm\u00f3 que dichos cambios tienen la intenci\u00f3n de crear<br>una nueva etapa para el PRI, la cual estar\u00e1 ligada con la participaci\u00f3n y cercan\u00eda con la militancia y<br>adelant\u00f3 que posteriormente se realizar\u00e1 una reforma profunda al instituto pol\u00edtico.<br>Dijo que todas las opiniones son recibidas en el PRI, siempre y cuando sean de verdaderos pri\u00edstas,<br>de territorio y de trabajo, no de perfiles que cayeron en la simulaci\u00f3n o que abanderaron otros<br>proyectos.<br>Camarillo Medina a\u00f1adi\u00f3 que no se van a tolerar a personajes mezquinos que nunca aceptaron la<br>coalici\u00f3n y hoy se sienten con el derecho de se\u00f1alar al pri\u00edsmo que sin chantajes ni mezquindades<br>actu\u00f3 con valor ante los retos del proceso electoral.<\/p>\n\n\n\n<figure class=\"wp-block-image size-large\"><img decoding=\"async\" width=\"1024\" height=\"667\" src=\"https:\/\/losperiodistas.com.mx\/portal\/wp-content\/uploads\/2024\/07\/OPCIO\u0301N-CIUDADANA-1024x667.jpg\" alt=\"\" class=\"wp-image-80148\" srcset=\"https:\/\/losperiodistas.com.mx\/portal\/wp-content\/uploads\/2024\/07\/OPCIO\u0301N-CIUDADANA-1024x667.jpg 1024w, https:\/\/losperiodistas.com.mx\/portal\/wp-content\/uploads\/2024\/07\/OPCIO\u0301N-CIUDADANA-300x195.jpg 300w, https:\/\/losperiodistas.com.mx\/portal\/wp-content\/uploads\/2024\/07\/OPCIO\u0301N-CIUDADANA-768x500.jpg 768w, https:\/\/losperiodistas.com.mx\/portal\/wp-content\/uploads\/2024\/07\/OPCIO\u0301N-CIUDADANA.jpg 1213w\" sizes=\"(max-width: 1024px) 100vw, 1024px\" \/><\/figure>\n\n\n\n<p>Camarillo Medina enfatiz\u00f3 que los tiempos electorales ya concluyeron y es momento de dar<br>resultados; el PRI extiende su mano para construir con las autoridades electas como el<br>Gobernador Alejandro Armenta para trabajar en todo lo que sea en beneficio de Puebla.<br>En una rueda de prensa, estuvieron presentes la Secretaria General Delfina Pozos Vergara; el<br>Delegado Nacional Roberto Padilla M\u00e1rquez, la estructura del CDE, representantes de sectores,<br>organizaciones y organismos especializados y liderazgos partidistas.<br>En fin, como escribi\u00f3 Octavio Paz (M\u00e9xico, 1914-1998), en su poema Ret\u00f3rica:<br>Cantan los p\u00e1jaros, cantan<br>sin saber lo que cantan:<br>Todo su entendimiento es su garganta.<br>La forma que se ajusta al movimiento<br>no es prisi\u00f3n sino piel del pensamiento.<br>La claridad del cristal transparente<br>no es claridad para m\u00ed suficiente:<br>el agua clara es el agua corriente.<br>raultorress@hotmail.com<\/p>\n","protected":false},"excerpt":{"rendered":"<p>*Hace falta la Ley de Participaci\u00f3n Ciudadana; Camarillo apoya reformas del PRI Por Ra\u00fal Torres Salmer\u00f3n Los vecinos y autoridades [&hellip;]<\/p>\n","protected":false},"author":1,"featured_media":80147,"comment_status":"open","ping_status":"open","sticky":false,"template":"","format":"standard","meta":{"site-sidebar-layout":"default","site-content-layout":"","ast-site-content-layout":"default","site-content-style":"default","site-sidebar-style":"default","ast-global-header-display":"","ast-banner-title-visibility":"","ast-main-header-display":"","ast-hfb-above-header-display":"","ast-hfb-below-header-display":"","ast-hfb-mobile-header-display":"","site-post-title":"","ast-breadcrumbs-content":"","ast-featured-img":"","footer-sml-layout":"","theme-transparent-header-meta":"","adv-header-id-meta":"","stick-header-meta":"","header-above-stick-meta":"","header-main-stick-meta":"","header-below-stick-meta":"","astra-migrate-meta-layouts":"default","ast-page-background-enabled":"default","ast-page-background-meta":{"desktop":{"background-color":"var(--ast-global-color-4)","background-image":"","background-repeat":"repeat","background-position":"center center","background-size":"auto","background-attachment":"scroll","background-type":"","background-media":"","overlay-type":"","overlay-color":"","overlay-opacity":"","overlay-gradient":""},"tablet":{"background-color":"","background-image":"","background-repeat":"repeat","background-position":"center center","background-size":"auto","background-attachment":"scroll","background-type":"","background-media":"","overlay-type":"","overlay-color":"","overlay-opacity":"","overlay-gradient":""},"mobile":{"background-color":"","background-image":"","background-repeat":"repeat","background-position":"center center","background-size":"auto","background-attachment":"scroll","background-type":"","background-media":"","overlay-type":"","overlay-color":"","overlay-opacity":"","overlay-gradient":""}},"ast-content-background-meta":{"desktop":{"background-color":"var(--ast-global-color-5)","background-image":"","background-repeat":"repeat","background-position":"center center","background-size":"auto","background-attachment":"scroll","background-type":"","background-media":"","overlay-type":"","overlay-color":"","overlay-opacity":"","overlay-gradient":""},"tablet":{"background-color":"var(--ast-global-color-5)","background-image":"","background-repeat":"repeat","background-position":"center center","background-size":"auto","background-attachment":"scroll","background-type":"","background-media":"","overlay-type":"","overlay-color":"","overlay-opacity":"","overlay-gradient":""},"mobile":{"background-color":"var(--ast-global-color-5)","background-image":"","background-repeat":"repeat","background-position":"center center","background-size":"auto","background-attachment":"scroll","background-type":"","background-media":"","overlay-type":"","overlay-color":"","overlay-opacity":"","overlay-gradient":""}},"footnotes":""},"categories":[8],"tags":[27705,27706],"class_list":["post-80145","post","type-post","status-publish","format-standard","has-post-thumbnail","hentry","category-noticias","tag-santa-maria-acuexcomac","tag-sequia-acuexcomac"],"_links":{"self":[{"href":"https:\/\/losperiodistas.com.mx\/portal\/wp-json\/wp\/v2\/posts\/80145","targetHints":{"allow":["GET"]}}],"collection":[{"href":"https:\/\/losperiodistas.com.mx\/portal\/wp-json\/wp\/v2\/posts"}],"about":[{"href":"https:\/\/losperiodistas.com.mx\/portal\/wp-json\/wp\/v2\/types\/post"}],"author":[{"embeddable":true,"href":"https:\/\/losperiodistas.com.mx\/portal\/wp-json\/wp\/v2\/users\/1"}],"replies":[{"embeddable":true,"href":"https:\/\/losperiodistas.com.mx\/portal\/wp-json\/wp\/v2\/comments?post=80145"}],"version-history":[{"count":1,"href":"https:\/\/losperiodistas.com.mx\/portal\/wp-json\/wp\/v2\/posts\/80145\/revisions"}],"predecessor-version":[{"id":80149,"href":"https:\/\/losperiodistas.com.mx\/portal\/wp-json\/wp\/v2\/posts\/80145\/revisions\/80149"}],"wp:featuredmedia":[{"embeddable":true,"href":"https:\/\/losperiodistas.com.mx\/portal\/wp-json\/wp\/v2\/media\/80147"}],"wp:attachment":[{"href":"https:\/\/losperiodistas.com.mx\/portal\/wp-json\/wp\/v2\/media?parent=80145"}],"wp:term":[{"taxonomy":"category","embeddable":true,"href":"https:\/\/losperiodistas.com.mx\/portal\/wp-json\/wp\/v2\/categories?post=80145"},{"taxonomy":"post_tag","embeddable":true,"href":"https:\/\/losperiodistas.com.mx\/portal\/wp-json\/wp\/v2\/tags?post=80145"}],"curies":[{"name":"wp","href":"https:\/\/api.w.org\/{rel}","templated":true}]}}