{"id":80142,"date":"2024-07-19T07:04:12","date_gmt":"2024-07-19T12:04:12","guid":{"rendered":"https:\/\/losperiodistas.com.mx\/portal\/?p=80142"},"modified":"2024-07-19T07:04:14","modified_gmt":"2024-07-19T12:04:14","slug":"dia-mundial-de-sacar-la-lengua-did","status":"publish","type":"post","link":"https:\/\/losperiodistas.com.mx\/portal\/dia-mundial-de-sacar-la-lengua-did\/","title":{"rendered":"D\u00eda Mundial de Sacar la Lengua | DID"},"content":{"rendered":"\n<div class=\"wp-block-image\"><figure class=\"alignright size-full is-resized\"><img fetchpriority=\"high\" decoding=\"async\" src=\"https:\/\/losperiodistas.com.mx\/portal\/wp-content\/uploads\/2024\/07\/07-19_dia-mundial-sacar-len.jpg\" alt=\"\" class=\"wp-image-80143\" width=\"467\" height=\"311\" srcset=\"https:\/\/losperiodistas.com.mx\/portal\/wp-content\/uploads\/2024\/07\/07-19_dia-mundial-sacar-len.jpg 305w, https:\/\/losperiodistas.com.mx\/portal\/wp-content\/uploads\/2024\/07\/07-19_dia-mundial-sacar-len-300x200.jpg 300w\" sizes=\"(max-width: 467px) 100vw, 467px\" \/><\/figure><\/div>\n\n\n\n<p><\/p>\n\n\n\n<p class=\"has-vivid-red-color has-text-color has-medium-font-size\"><strong>REDACCI\u00d3N D\u00cdA INTERNACIONAL DE<\/strong><\/p>\n\n\n\n<p>Cada 19 de julio miles de personas alrededor del mundo sacan la lengua para celebrar esta divertida ocasi\u00f3n \u00a1As\u00ed como lo lees! Se celebra el&nbsp;<strong>D\u00eda Mundial de Sacar la Lengua<\/strong>.<\/p>\n\n\n\n<p>Si nos ponemos serios, diremos que la lengua es un m\u00fasculo m\u00f3vil situado en el interior de la boca, ejerciendo las funciones de masticaci\u00f3n, degluci\u00f3n, el sentido del gusto y el lenguaje.<\/p>\n\n\n\n<p>Pero otra de las funciones de la lengua, es hacer reir, tener un momento divertido, porque sacar la lengua hoy es un s\u00edmbolo de tomarse la vida con mucha positividad y alegr\u00eda.<\/p>\n\n\n\n<p>Es cierto que tradicionalmente se ha considerado que sacar la lengua es sin\u00f3nimo de mala educaci\u00f3n, pero en este d\u00eda es absolutamente v\u00e1lido y especial \u00bfQui\u00e9n no se ha hecho un selfie con el gesto de sacar la lengua?<img decoding=\"async\" src=\"https:\/\/www.diainternacionalde.com\/imagenes\/dias\/julio\/07-19_dia-sacar-lengua_m.jpg\" srcset=\"https:\/\/www.diainternacionalde.com\/imagenes\/dias\/julio\/07-19_dia-sacar-lengua_s.jpg 300w, https:\/\/www.diainternacionalde.com\/imagenes\/dias\/julio\/07-19_dia-sacar-lengua_m.jpg 650w\" alt=\"\"><\/p>\n\n\n\n<figure class=\"wp-block-image\"><img decoding=\"async\" src=\"https:\/\/www.diainternacionalde.com\/imagenes\/dias-raros\/julio\/07-19_dia-sacar-lengua_m.jpg\" alt=\"\" title=\"\"\/><\/figure>\n\n\n\n<h2 class=\"wp-block-heading\">\u00bfSab\u00edas Que?<\/h2>\n\n\n\n<p>Te mostramos algunos datos curiosos e interesantes acerca de la lengua, para que tengas mucho de lo que hablar sobre ella:<\/p>\n\n\n\n<ul class=\"wp-block-list\"><li>Es considerado el m\u00fasculo m\u00e1s fuerte del cuerpo.<\/li><li>Posee huellas que contienen informaci\u00f3n \u00fanica de la identidad de las personas.<\/li><li>Contiene unas tres mil papilas gustativas que ayudan a identificar cinco tipos de sabores: amargo, salado, agrio, dulce y picante.<\/li><li>Es un m\u00fasculo m\u00f3vil que tiene la capacidad de contraerse, expandirse, aplanarse y enrollarse.<\/li><li>Durante la \u00e9poca victoriana en Inglaterra las mujeres sacaban la lengua para ofrecer sus servicios.<\/li><li>Actualmente en la cultura maor\u00ed se acostumbra a sacar la lengua en la danza que precede a la batalla.<\/li><\/ul>\n\n\n\n<p>Comparte fotos y videos divertidos sobre el\u00a0<strong>D\u00eda Mundial de Sacar la Lengua<\/strong>, en las redes sociales. Utiliza el hashtag\u00a0<strong><em>#sacarlalengua<\/em><\/strong><\/p>\n\n\n\n<p>Fuente: <a href=\"https:\/\/www.diainternacionalde.com\/dias-raros\/dia-mundial-sacar-lengua\">https:\/\/www.diainternacionalde.com\/dias-raros\/dia-mundial-sacar-lengua<\/a><\/p>\n","protected":false},"excerpt":{"rendered":"<p>REDACCI\u00d3N D\u00cdA INTERNACIONAL DE Cada 19 de julio miles de personas alrededor del mundo sacan la lengua para celebrar esta [&hellip;]<\/p>\n","protected":false},"author":1,"featured_media":80143,"comment_status":"open","ping_status":"open","sticky":false,"template":"","format":"standard","meta":{"site-sidebar-layout":"default","site-content-layout":"","ast-site-content-layout":"default","site-content-style":"default","site-sidebar-style":"default","ast-global-header-display":"","ast-banner-title-visibility":"","ast-main-header-display":"","ast-hfb-above-header-display":"","ast-hfb-below-header-display":"","ast-hfb-mobile-header-display":"","site-post-title":"","ast-breadcrumbs-content":"","ast-featured-img":"","footer-sml-layout":"","theme-transparent-header-meta":"","adv-header-id-meta":"","stick-header-meta":"","header-above-stick-meta":"","header-main-stick-meta":"","header-below-stick-meta":"","astra-migrate-meta-layouts":"default","ast-page-background-enabled":"default","ast-page-background-meta":{"desktop":{"background-color":"var(--ast-global-color-4)","background-image":"","background-repeat":"repeat","background-position":"center center","background-size":"auto","background-attachment":"scroll","background-type":"","background-media":"","overlay-type":"","overlay-color":"","overlay-opacity":"","overlay-gradient":""},"tablet":{"background-color":"","background-image":"","background-repeat":"repeat","background-position":"center center","background-size":"auto","background-attachment":"scroll","background-type":"","background-media":"","overlay-type":"","overlay-color":"","overlay-opacity":"","overlay-gradient":""},"mobile":{"background-color":"","background-image":"","background-repeat":"repeat","background-position":"center center","background-size":"auto","background-attachment":"scroll","background-type":"","background-media":"","overlay-type":"","overlay-color":"","overlay-opacity":"","overlay-gradient":""}},"ast-content-background-meta":{"desktop":{"background-color":"var(--ast-global-color-5)","background-image":"","background-repeat":"repeat","background-position":"center center","background-size":"auto","background-attachment":"scroll","background-type":"","background-media":"","overlay-type":"","overlay-color":"","overlay-opacity":"","overlay-gradient":""},"tablet":{"background-color":"var(--ast-global-color-5)","background-image":"","background-repeat":"repeat","background-position":"center center","background-size":"auto","background-attachment":"scroll","background-type":"","background-media":"","overlay-type":"","overlay-color":"","overlay-opacity":"","overlay-gradient":""},"mobile":{"background-color":"var(--ast-global-color-5)","background-image":"","background-repeat":"repeat","background-position":"center center","background-size":"auto","background-attachment":"scroll","background-type":"","background-media":"","overlay-type":"","overlay-color":"","overlay-opacity":"","overlay-gradient":""}},"footnotes":""},"categories":[8],"tags":[27703,27704],"class_list":["post-80142","post","type-post","status-publish","format-standard","has-post-thumbnail","hentry","category-noticias","tag-sacarlalengua","tag-dia-mundial-de-sacar-la-lengua"],"_links":{"self":[{"href":"https:\/\/losperiodistas.com.mx\/portal\/wp-json\/wp\/v2\/posts\/80142","targetHints":{"allow":["GET"]}}],"collection":[{"href":"https:\/\/losperiodistas.com.mx\/portal\/wp-json\/wp\/v2\/posts"}],"about":[{"href":"https:\/\/losperiodistas.com.mx\/portal\/wp-json\/wp\/v2\/types\/post"}],"author":[{"embeddable":true,"href":"https:\/\/losperiodistas.com.mx\/portal\/wp-json\/wp\/v2\/users\/1"}],"replies":[{"embeddable":true,"href":"https:\/\/losperiodistas.com.mx\/portal\/wp-json\/wp\/v2\/comments?post=80142"}],"version-history":[{"count":1,"href":"https:\/\/losperiodistas.com.mx\/portal\/wp-json\/wp\/v2\/posts\/80142\/revisions"}],"predecessor-version":[{"id":80144,"href":"https:\/\/losperiodistas.com.mx\/portal\/wp-json\/wp\/v2\/posts\/80142\/revisions\/80144"}],"wp:featuredmedia":[{"embeddable":true,"href":"https:\/\/losperiodistas.com.mx\/portal\/wp-json\/wp\/v2\/media\/80143"}],"wp:attachment":[{"href":"https:\/\/losperiodistas.com.mx\/portal\/wp-json\/wp\/v2\/media?parent=80142"}],"wp:term":[{"taxonomy":"category","embeddable":true,"href":"https:\/\/losperiodistas.com.mx\/portal\/wp-json\/wp\/v2\/categories?post=80142"},{"taxonomy":"post_tag","embeddable":true,"href":"https:\/\/losperiodistas.com.mx\/portal\/wp-json\/wp\/v2\/tags?post=80142"}],"curies":[{"name":"wp","href":"https:\/\/api.w.org\/{rel}","templated":true}]}}