{"id":80138,"date":"2024-07-19T06:54:35","date_gmt":"2024-07-19T11:54:35","guid":{"rendered":"https:\/\/losperiodistas.com.mx\/portal\/?p=80138"},"modified":"2024-07-19T06:54:37","modified_gmt":"2024-07-19T11:54:37","slug":"donald-trump-anuncia-el-plan-de-deportacion-mas-grande-de-la-historia-terminar-el-muro-con-mexico-e-imposicion-de-aranceles-animal-politico","status":"publish","type":"post","link":"https:\/\/losperiodistas.com.mx\/portal\/donald-trump-anuncia-el-plan-de-deportacion-mas-grande-de-la-historia-terminar-el-muro-con-mexico-e-imposicion-de-aranceles-animal-politico\/","title":{"rendered":"Donald Trump anuncia el plan de deportaci\u00f3n \u201cm\u00e1s grande de la historia\u201d, terminar el muro con M\u00e9xico e imposici\u00f3n de aranceles | Animal Pol\u00edtico"},"content":{"rendered":"\n<p class=\"has-medium-font-size\">Donald Trump acept\u00f3 formalmente la nominaci\u00f3n como candidato republicano a la presidencia de Estados Unidos, anunci\u00f3 que de ganar la elecci\u00f3n, su primera acci\u00f3n ser\u00e1 un plan masivo de deportaciones.<\/p>\n\n\n\n<figure class=\"wp-block-image size-large\"><img fetchpriority=\"high\" decoding=\"async\" width=\"1024\" height=\"683\" src=\"https:\/\/losperiodistas.com.mx\/portal\/wp-content\/uploads\/2024\/07\/AleGlez-2024-07-18T204218-1024x683.jpeg\" alt=\"\" class=\"wp-image-80140\" srcset=\"https:\/\/losperiodistas.com.mx\/portal\/wp-content\/uploads\/2024\/07\/AleGlez-2024-07-18T204218-1024x683.jpeg 1024w, https:\/\/losperiodistas.com.mx\/portal\/wp-content\/uploads\/2024\/07\/AleGlez-2024-07-18T204218-300x200.jpeg 300w, https:\/\/losperiodistas.com.mx\/portal\/wp-content\/uploads\/2024\/07\/AleGlez-2024-07-18T204218-768x512.jpeg 768w, https:\/\/losperiodistas.com.mx\/portal\/wp-content\/uploads\/2024\/07\/AleGlez-2024-07-18T204218.jpeg 1200w\" sizes=\"(max-width: 1024px) 100vw, 1024px\" \/><figcaption>Donald Trump durante la Asamblea Nacional Republicana. Foto: AFP<\/figcaption><\/figure>\n\n\n\n<p><\/p>\n\n\n\n<p class=\"has-vivid-red-color has-text-color has-medium-font-size\"><strong>Redacci\u00f3n Animal Pol\u00edtico<\/strong><\/p>\n\n\n\n<p>El candidato republicano a la presidencia de Estados Unidos,&nbsp;<a href=\"https:\/\/animalpolitico.com\/internacional\/donald-trump-recibe-respaldo-exrivales-republicanos\" target=\"_blank\" rel=\"noreferrer noopener\">Donald Trump<\/a>, prometi\u00f3&nbsp;<strong>acabar con la crisis migratoria<\/strong>&nbsp;<strong>y concluir el muro en la frontera sur con M\u00e9xico.<\/strong><\/p>\n\n\n\n<p>\u201cPondremos fin a la crisis de inmigraci\u00f3n ilegal cerrando nuestra frontera y terminando el muro, la mayor parte del cual ya he construido\u201d, asegur\u00f3 el exgobernante. \u201cLa invasi\u00f3n en nuestra frontera sur la vamos a detener y lo haremos r\u00e1pido\u201d, dijo.<\/p>\n\n\n\n<p class=\"has-cyan-bluish-gray-background-color has-background\">Te puede interesar |\u00a0<a href=\"https:\/\/animalpolitico.com\/internacional\/donald-trump-herido-tiroteo-pensilvania\">El FBI confirma \u201cintento de asesinato\u201d contra Trump; abaten al presunto tirador y muere un civil<\/a><\/p>\n\n\n\n<p>Este jueves, Donald Trump emiti\u00f3 un discurso en la Convenci\u00f3n Nacional Republicana en Milwaukee y&nbsp;<strong>acept\u00f3 su nominaci\u00f3n como candidato republicano a la presidencia de Estados Unidos.<\/strong><\/p>\n\n\n\n<p>Durante su discurso de m\u00e1s de una hora, el candidato republicano se comprometi\u00f3 a hacer dos cosas desde el primer d\u00eda que llegue a la presidencia \u201cperforar\u201d, en relaci\u00f3n a la extracci\u00f3n petrolera y \u201ccerrar nuestras fronteras\u201d.<\/p>\n\n\n\n<p>Tambi\u00e9n hizo referencia al ataque que vivi\u00f3 y agradeci\u00f3 a Dios por seguir en la contienda, asegur\u00f3 que de llegar a la presidencia frenar\u00e1 la migraci\u00f3n, combatir\u00e1 la inflaci\u00f3n en EU, crear\u00e1 m\u00e1s empleos y mencion\u00f3 que terminar\u00e1 con problemas internacionales como la guerra entre Rusia y Ucrania y la crisis en Medio Oriente, \u201cque no hubieran ocurrido si \u00e9l fuera el presidente\u201d.<\/p>\n\n\n\n<figure class=\"wp-block-image\" id=\"attachment_1425442\"><img decoding=\"async\" src=\"https:\/\/ap-cdn.sfo3.cdn.digitaloceanspaces.com\/uploads\/2024\/07\/DonaldTrump-1-600x400.jpg\" alt=\"DonaldTrump- (1)\" class=\"wp-image-1425442\"\/><figcaption>Donald Trump. Foto: AFP<\/figcaption><\/figure>\n\n\n\n<h2 class=\"wp-block-heading\"><strong>Trump se lanza contra migrantes, acusa que roban empleos en EU<\/strong><\/h2>\n\n\n\n<p>El candidato dijo que<strong>&nbsp;Estados Unidos est\u00e1 siendo \u201cinvadido\u201d por migrantes<\/strong>&nbsp;y mencion\u00f3 que est\u00e1n causando una crisis \u201cque mata a miles de personas\u201d.<\/p>\n\n\n\n<p>\u201cVamos a impedir la invasi\u00f3n de la frontera, restaurar las fronteras sagradas y lo vamos a hacer desde el primer d\u00eda, vamos a cerrar fronteras (\u2026) queremos que llegue gente pero que lo haga legalmente\u201d.<\/p>\n\n\n\n<p>Al igual que su compa\u00f1ero de f\u00f3rmula JD Vance, Trump hizo referencia a que los<strong>\u00a0migrantes ilegales est\u00e1n \u201crobando\u201d el empleo<\/strong>\u00a0\u201ca los negros y a las comunidades hispanas\u201d.<\/p>\n\n\n\n<p class=\"has-cyan-bluish-gray-background-color has-background\">Te recomendamos leer |<a href=\"https:\/\/animalpolitico.com\/internacional\/bbc\/thomas-matthew-crooks-atacante-tirador-trump-abatido\">Qui\u00e9n es Thomas Matthew Crooks, el joven de 20 a\u00f1os identificado como el presunto atacante de Trump y que fue abatido<\/a><\/p>\n\n\n\n<p>Incluso, se\u00f1al\u00f3 que en pa\u00edses como Venezuela y El Salvador hay una ca\u00edda en las cifras de violencia mientras que en Estados Unidos va al alza, y dijo que esto se debe a que dichos pa\u00edses \u201cenv\u00edan a sus criminales y asesinos\u201d.<\/p>\n\n\n\n<p>\u201cVienen de c\u00e1rceles, separos, penales, instituciones mentales. Entran terroristas. Nuestra delincuencia va subiendo y en el mundo va bajando, nos meten a los delincuentes a nuestro pa\u00eds\u201d.<\/p>\n\n\n\n<p>Al hablar sobre migraci\u00f3n, critic\u00f3 que el gobierno de Biden haya implementado medidas para \u201cflexibilizar\u201d el ingreso de inmigrantes por la frontera sur y dijo que cuando fue presidente, le<strong>&nbsp;exigi\u00f3 a M\u00e9xico poner en marcha programas para que quienes buscaban llegar a EU se quedaran en el pa\u00eds<\/strong>, de lo contrario \u201chabr\u00eda consecuencias\u201d.<\/p>\n\n\n\n<figure class=\"wp-block-image\" id=\"attachment_1425443\"><a href=\"https:\/\/ap-cdn.sfo3.cdn.digitaloceanspaces.com\/uploads\/2024\/07\/DonaldTrump-2.jpg\"><img decoding=\"async\" src=\"https:\/\/ap-cdn.sfo3.cdn.digitaloceanspaces.com\/uploads\/2024\/07\/DonaldTrump-2-600x400.jpg\" alt=\"DonaldTrump- (2)\" class=\"wp-image-1425443\"\/><\/a><figcaption>El republicano Donald Trump durante la Asamblea Nacional Republicana. Foto: AFP<\/figcaption><\/figure>\n\n\n\n<h2 class=\"wp-block-heading\"><strong>Donald Trump va contra sector automotriz en M\u00e9xico<\/strong><\/h2>\n\n\n\n<p>En otra de sus declaraciones, Trump se comprometi\u00f3 a devolver la manufactura automotriz a Estados Unidos al mencionar que el&nbsp;<strong>68% de la industria la tiene M\u00e9xico y China.<\/strong><\/p>\n\n\n\n<p>El candidato se pronunci\u00f3 contra la supuesta instalaci\u00f3n de armadoras chinas en M\u00e9xico al mencionar que despu\u00e9s intentan vender esos veh\u00edculos en EU \u201csin pagar impuestos\u201d, por lo que que de no construir las plantas en su pa\u00eds,&nbsp;<strong>impondr\u00e1 aranceles equivalentes al 100 o 200% por cada auto.<\/strong><\/p>\n\n\n\n<p>\u201cQue la manufactura de coches vuelva, vamos a regresar las plantas m\u00e1s grandes del mundo y nuestro pueblo va a dar la mano de obra. Si no est\u00e1n de acuerdo pondremos un arancel de 100 o 200 por ciento. Perdimos empleos e ingresos, acabaron con nuestros negocios,<strong>&nbsp;no permitiremos que lleguen pa\u00edses a quitrarnos empleos y saquear nuestra naci\u00f3n<\/strong>, en lugar de vender sus productos que se hagan en Estados Unidos\u201d.<\/p>\n\n\n\n<p>Trump tambi\u00e9n dijo que terminar\u00e1 con el apoyo a veh\u00edculos el\u00e9ctricos impulsado por Joe Biden.<\/p>\n\n\n\n<p>Con informaci\u00f3n de AFP<\/p>\n\n\n\n<p>Fuente: <a href=\"https:\/\/www.animalpolitico.com\/internacional\/bbc\/tsimane-comunidad-indigena-mas-sana\">https:\/\/www.animalpolitico.com\/internacional\/bbc\/tsimane-comunidad-indigena-mas-sana<\/a><\/p>\n\n\n\n<h2 class=\"wp-block-heading\"><\/h2>\n\n\n\n<p><\/p>\n","protected":false},"excerpt":{"rendered":"<p>Donald Trump acept\u00f3 formalmente la nominaci\u00f3n como candidato republicano a la presidencia de Estados Unidos, anunci\u00f3 que de ganar la [&hellip;]<\/p>\n","protected":false},"author":1,"featured_media":80140,"comment_status":"open","ping_status":"open","sticky":false,"template":"","format":"standard","meta":{"site-sidebar-layout":"default","site-content-layout":"","ast-site-content-layout":"default","site-content-style":"default","site-sidebar-style":"default","ast-global-header-display":"","ast-banner-title-visibility":"","ast-main-header-display":"","ast-hfb-above-header-display":"","ast-hfb-below-header-display":"","ast-hfb-mobile-header-display":"","site-post-title":"","ast-breadcrumbs-content":"","ast-featured-img":"","footer-sml-layout":"","theme-transparent-header-meta":"","adv-header-id-meta":"","stick-header-meta":"","header-above-stick-meta":"","header-main-stick-meta":"","header-below-stick-meta":"","astra-migrate-meta-layouts":"default","ast-page-background-enabled":"default","ast-page-background-meta":{"desktop":{"background-color":"var(--ast-global-color-4)","background-image":"","background-repeat":"repeat","background-position":"center center","background-size":"auto","background-attachment":"scroll","background-type":"","background-media":"","overlay-type":"","overlay-color":"","overlay-opacity":"","overlay-gradient":""},"tablet":{"background-color":"","background-image":"","background-repeat":"repeat","background-position":"center center","background-size":"auto","background-attachment":"scroll","background-type":"","background-media":"","overlay-type":"","overlay-color":"","overlay-opacity":"","overlay-gradient":""},"mobile":{"background-color":"","background-image":"","background-repeat":"repeat","background-position":"center center","background-size":"auto","background-attachment":"scroll","background-type":"","background-media":"","overlay-type":"","overlay-color":"","overlay-opacity":"","overlay-gradient":""}},"ast-content-background-meta":{"desktop":{"background-color":"var(--ast-global-color-5)","background-image":"","background-repeat":"repeat","background-position":"center center","background-size":"auto","background-attachment":"scroll","background-type":"","background-media":"","overlay-type":"","overlay-color":"","overlay-opacity":"","overlay-gradient":""},"tablet":{"background-color":"var(--ast-global-color-5)","background-image":"","background-repeat":"repeat","background-position":"center center","background-size":"auto","background-attachment":"scroll","background-type":"","background-media":"","overlay-type":"","overlay-color":"","overlay-opacity":"","overlay-gradient":""},"mobile":{"background-color":"var(--ast-global-color-5)","background-image":"","background-repeat":"repeat","background-position":"center center","background-size":"auto","background-attachment":"scroll","background-type":"","background-media":"","overlay-type":"","overlay-color":"","overlay-opacity":"","overlay-gradient":""}},"footnotes":""},"categories":[8],"tags":[17118,7599,27701,27702],"class_list":["post-80138","post","type-post","status-publish","format-standard","has-post-thumbnail","hentry","category-noticias","tag-aranceles","tag-industria-automotriz","tag-migrantes-roban-empleo","tag-trump-vs-mexico"],"_links":{"self":[{"href":"https:\/\/losperiodistas.com.mx\/portal\/wp-json\/wp\/v2\/posts\/80138","targetHints":{"allow":["GET"]}}],"collection":[{"href":"https:\/\/losperiodistas.com.mx\/portal\/wp-json\/wp\/v2\/posts"}],"about":[{"href":"https:\/\/losperiodistas.com.mx\/portal\/wp-json\/wp\/v2\/types\/post"}],"author":[{"embeddable":true,"href":"https:\/\/losperiodistas.com.mx\/portal\/wp-json\/wp\/v2\/users\/1"}],"replies":[{"embeddable":true,"href":"https:\/\/losperiodistas.com.mx\/portal\/wp-json\/wp\/v2\/comments?post=80138"}],"version-history":[{"count":1,"href":"https:\/\/losperiodistas.com.mx\/portal\/wp-json\/wp\/v2\/posts\/80138\/revisions"}],"predecessor-version":[{"id":80141,"href":"https:\/\/losperiodistas.com.mx\/portal\/wp-json\/wp\/v2\/posts\/80138\/revisions\/80141"}],"wp:featuredmedia":[{"embeddable":true,"href":"https:\/\/losperiodistas.com.mx\/portal\/wp-json\/wp\/v2\/media\/80140"}],"wp:attachment":[{"href":"https:\/\/losperiodistas.com.mx\/portal\/wp-json\/wp\/v2\/media?parent=80138"}],"wp:term":[{"taxonomy":"category","embeddable":true,"href":"https:\/\/losperiodistas.com.mx\/portal\/wp-json\/wp\/v2\/categories?post=80138"},{"taxonomy":"post_tag","embeddable":true,"href":"https:\/\/losperiodistas.com.mx\/portal\/wp-json\/wp\/v2\/tags?post=80138"}],"curies":[{"name":"wp","href":"https:\/\/api.w.org\/{rel}","templated":true}]}}