{"id":80132,"date":"2024-07-19T06:27:05","date_gmt":"2024-07-19T11:27:05","guid":{"rendered":"https:\/\/losperiodistas.com.mx\/portal\/?p=80132"},"modified":"2024-07-19T06:27:07","modified_gmt":"2024-07-19T11:27:07","slug":"dior-y-armani-son-investigadas-por-presuntas-malas-practicas-laborales-la-lista","status":"publish","type":"post","link":"https:\/\/losperiodistas.com.mx\/portal\/dior-y-armani-son-investigadas-por-presuntas-malas-practicas-laborales-la-lista\/","title":{"rendered":"Dior y Armani son investigadas por presuntas malas pr\u00e1cticas laborales | La-Lista"},"content":{"rendered":"\n<p class=\"has-pale-pink-background-color has-background has-medium-font-size\">El desenlace de estas investigaciones podr\u00eda marcar un precedente importante en la industria de la moda, presionando a otras marcas a revisar sus pr\u00e1cticas laborales y su relaci\u00f3n con proveedores para evitar situaciones similares en el futuro.<\/p>\n\n\n\n<figure class=\"wp-block-image size-large\"><img fetchpriority=\"high\" decoding=\"async\" width=\"1024\" height=\"576\" src=\"https:\/\/losperiodistas.com.mx\/portal\/wp-content\/uploads\/2024\/07\/Dior-1024x576.jpg\" alt=\"\" class=\"wp-image-80133\" srcset=\"https:\/\/losperiodistas.com.mx\/portal\/wp-content\/uploads\/2024\/07\/Dior-1024x576.jpg 1024w, https:\/\/losperiodistas.com.mx\/portal\/wp-content\/uploads\/2024\/07\/Dior-300x169.jpg 300w, https:\/\/losperiodistas.com.mx\/portal\/wp-content\/uploads\/2024\/07\/Dior-768x432.jpg 768w, https:\/\/losperiodistas.com.mx\/portal\/wp-content\/uploads\/2024\/07\/Dior.jpg 1280w\" sizes=\"(max-width: 1024px) 100vw, 1024px\" \/><figcaption>Investigaci\u00f3n a Armani y Dior por presuntas malas pr\u00e1cticas laborales. Foto: Unsplash\/ Lili Cambalova<\/figcaption><\/figure>\n\n\n\n<p><\/p>\n\n\n\n<p class=\"has-vivid-red-color has-text-color has-medium-font-size\"><strong>REDACCI\u00d3N La-Lista<\/strong><\/p>\n\n\n\n<p>En medio del glamuroso mundo de la moda, dos gigantes de la industria, Armani y Dior, se enfrentan a graves acusaciones que podr\u00edan empa\u00f1ar su imagen cuidadosamente construida. Las autoridades financieras y antimonopolio de Italia han iniciado investigaciones separadas sobre ambas marcas de lujo, se\u00f1al\u00e1ndolas por presuntos salarios inapropiados y condiciones laborales precarias.<\/p>\n\n\n\n<div class=\"wp-block-image\"><figure class=\"alignleft is-resized\"><a href=\"https:\/\/la-lista.com\/estilo-y-bienestar\/moda\/famosos-se-reunen-en-paris-fashion-week-para-conocer-la-nueva-coleccion-de-dior\" target=\"_blank\" rel=\"noreferrer noopener\"><img decoding=\"async\" src=\"https:\/\/la-lista.com\/wp-content\/uploads\/2023\/09\/coleccion-dior-paris-fashion-week-600x338.jpg\" alt=\"Dior y Armani son investigadas por presuntas malas pr\u00e1cticas laborales - coleccion-dior-paris-fashion-week-600x338\" width=\"-352\" height=\"-198\" title=\"Celebridades se re\u00fanen en Par\u00eds para conocer la nueva colecci\u00f3n de Dior\"\/><\/a><\/figure><\/div>\n\n\n\n<p><strong><a target=\"_blank\" href=\"https:\/\/la-lista.com\/estilo-y-bienestar\/moda\/famosos-se-reunen-en-paris-fashion-week-para-conocer-la-nueva-coleccion-de-dior\" rel=\"noreferrer noopener\">Celebridades se re\u00fanen en Par\u00eds para conocer la nueva colecci\u00f3n de Dior<\/a><\/strong><a target=\"_blank\" href=\"https:\/\/la-lista.com\/estilo-y-bienestar\/moda\/famosos-se-reunen-en-paris-fashion-week-para-conocer-la-nueva-coleccion-de-dior\" rel=\"noreferrer noopener\">LEER MAS<\/a><\/p>\n\n\n\n<p><\/p>\n\n\n\n<p>El comunicado emitido por la<em>\u00a0Autoridad de la Competencia de Italia<\/em>\u00a0el mi\u00e9rcoles detalla que las empresas est\u00e1n bajo escrutinio por, presuntamente, exigir a sus empleados trabajar m\u00e1s all\u00e1 de los l\u00edmites legales, en condiciones que no cumplen con los est\u00e1ndares de salud y seguridad. Estas acusaciones surgen a pesar de las afirmaciones de ambas empresas sobre su compromiso con la \u00e9tica y la responsabilidad social.<\/p>\n\n\n\n<p>Las investigaciones apuntan a que Armani y Dior podr\u00edan haber presentado declaraciones enga\u00f1osas respecto a sus pr\u00e1cticas laborales y las condiciones de trabajo en sus cadenas de suministro. La denuncia se centra en el uso de insumos de proveedores que, supuestamente, operan con salarios bajos y jornadas laborales excesivas. En el caso de Dior, una imagen del desfile de la colecci\u00f3n de Alta Costura Oto\u00f1o\/Invierno 2024-2025 en Par\u00eds, realizada el 24 de junio de 2024, ha sido utilizada para ilustrar el contraste entre la opulencia de la marca y las acusaciones en su contra.<\/p>\n\n\n\n<figure class=\"wp-block-embed is-type-rich is-provider-twitter wp-block-embed-twitter\"><div class=\"wp-block-embed__wrapper\">\n<blockquote class=\"twitter-tweet\" data-width=\"500\" data-dnt=\"true\"><p lang=\"es\" dir=\"ltr\">Italia investiga a Armani y Dior por condiciones ilegales de trabajo en sus proveedores.<a href=\"https:\/\/t.co\/hXArJobwCD\">https:\/\/t.co\/hXArJobwCD<\/a> <a href=\"https:\/\/t.co\/CqBWsmaY36\">pic.twitter.com\/CqBWsmaY36<\/a><\/p>&mdash; EFE Noticias (@EFEnoticias) <a href=\"https:\/\/twitter.com\/EFEnoticias\/status\/1813634973460742174?ref_src=twsrc%5Etfw\">July 17, 2024<\/a><\/blockquote><script async src=\"https:\/\/platform.twitter.com\/widgets.js\" charset=\"utf-8\"><\/script>\n<\/div><\/figure>\n\n\n\n<p>Los fiscales de Mil\u00e1n han revelado el hallazgo de talleres ilegales en las afueras de la ciudad, donde inmigrantes, en situaci\u00f3n irregular, trabajaban en la producci\u00f3n de bolsos de cuero para Armani y Dior. Estos productos eran adquiridos por las marcas a precios considerablemente bajos en comparaci\u00f3n con sus costos minoristas. Este descubrimiento refuerza las alegaciones de pr\u00e1cticas comerciales desleales y explotaci\u00f3n laboral.<\/p>\n\n\n\n<p>La situaci\u00f3n plantea serias preguntas sobre la integridad de las pol\u00edticas laborales de las casas de moda. De confirmarse las acusaciones, Armani y Dior podr\u00edan enfrentar no solo sanciones legales, sino tambi\u00e9n un da\u00f1o irreparable a su reputaci\u00f3n. Las investigaciones contin\u00faan, y tanto las autoridades como el p\u00fablico esperan declaraciones formales por parte de las empresas involucradas.<\/p>\n\n\n\n<figure class=\"wp-block-embed is-type-video is-provider-youtube wp-block-embed-youtube wp-embed-aspect-16-9 wp-has-aspect-ratio\"><div class=\"wp-block-embed__wrapper\">\n<iframe title=\"Armani y Dior investigadas por presuntos salarios inapropiados y condiciones laborales precarias\" width=\"500\" height=\"281\" src=\"https:\/\/www.youtube.com\/embed\/7uzNkuI7tdo?feature=oembed\" frameborder=\"0\" allow=\"accelerometer; autoplay; clipboard-write; encrypted-media; gyroscope; picture-in-picture; web-share\" referrerpolicy=\"strict-origin-when-cross-origin\" allowfullscreen><\/iframe>\n<\/div><\/figure>\n\n\n\n<p><\/p>\n\n\n\n<h2 class=\"wp-block-heading\" id=\"h-dior-y-armani-responden\">Dior y Armani responden<\/h2>\n\n\n\n<p>Armani consider\u00f3 \u201cinfundadas las hip\u00f3tesis esbozadas\u201d por Antimonopolio, asegur\u00f3 \u201cla plena colaboraci\u00f3n\u201d con la AGMC y mostr\u00f3 su \u201cconfianza en que las investigaciones tendr\u00e1n un resultado positivo\u201d, en un comunicado.<\/p>\n\n\n\n<p>Dior asegur\u00f3 que colabora con la Justicia y que es \u201cconsciente de la gravedad de las infracciones cometidas\u201d por sus proveedores.<\/p>\n\n\n\n<p>Tambi\u00e9n remarc\u00f3 que trabajar\u00e1 \u201cpara mejorar sus controles y procedimientos\u201d ante pr\u00e1cticas que \u201cle fueron ocultadas\u201d, y a\u00f1adi\u00f3 que \u201cen el futuro no har\u00e1 m\u00e1s pedidos a estos proveedores\u201d.PUBLICIDAD<\/p>\n\n\n\n<p>En junio pasado, Manifactures Dior Srl, que se ocupaba de la producci\u00f3n interna de parte de la colecci\u00f3n de bolsos y accesorios de 2024 de la firma francesa y subcontrataba a otras sociedades, fue puesta bajo administraci\u00f3n judicial.<\/p>\n\n\n\n<p>\u201cEl precio del modelo de bolso de piel Dior marcado por ejemplo con el c\u00f3digo PO312YKY que cuesta a los clientes 2.600 euros en la tienda, Dior lo pagaba a 53 euros para comprarlo en la f\u00e1brica de trabajadores chinos\u201d, asegur\u00f3 entonces el diario&nbsp;<em>Corriere della Sera.<\/em><\/p>\n\n\n\n<p><em>Redacci\u00f3n con informaci\u00f3n de EFE<\/em><\/p>\n\n\n\n<p>Fuente: <a href=\"https:\/\/la-lista.com\/estilo-y-bienestar\/moda\/dior-y-armani-son-investigadas-por-presuntas-malas-practicas-laborales\">https:\/\/la-lista.com\/estilo-y-bienestar\/moda\/dior-y-armani-son-investigadas-por-presuntas-malas-practicas-laborales<\/a><\/p>\n","protected":false},"excerpt":{"rendered":"<p>El desenlace de estas investigaciones podr\u00eda marcar un precedente importante en la industria de la moda, presionando a otras marcas [&hellip;]<\/p>\n","protected":false},"author":1,"featured_media":80133,"comment_status":"open","ping_status":"open","sticky":false,"template":"","format":"standard","meta":{"site-sidebar-layout":"default","site-content-layout":"","ast-site-content-layout":"default","site-content-style":"default","site-sidebar-style":"default","ast-global-header-display":"","ast-banner-title-visibility":"","ast-main-header-display":"","ast-hfb-above-header-display":"","ast-hfb-below-header-display":"","ast-hfb-mobile-header-display":"","site-post-title":"","ast-breadcrumbs-content":"","ast-featured-img":"","footer-sml-layout":"","theme-transparent-header-meta":"","adv-header-id-meta":"","stick-header-meta":"","header-above-stick-meta":"","header-main-stick-meta":"","header-below-stick-meta":"","astra-migrate-meta-layouts":"default","ast-page-background-enabled":"default","ast-page-background-meta":{"desktop":{"background-color":"var(--ast-global-color-4)","background-image":"","background-repeat":"repeat","background-position":"center center","background-size":"auto","background-attachment":"scroll","background-type":"","background-media":"","overlay-type":"","overlay-color":"","overlay-opacity":"","overlay-gradient":""},"tablet":{"background-color":"","background-image":"","background-repeat":"repeat","background-position":"center center","background-size":"auto","background-attachment":"scroll","background-type":"","background-media":"","overlay-type":"","overlay-color":"","overlay-opacity":"","overlay-gradient":""},"mobile":{"background-color":"","background-image":"","background-repeat":"repeat","background-position":"center center","background-size":"auto","background-attachment":"scroll","background-type":"","background-media":"","overlay-type":"","overlay-color":"","overlay-opacity":"","overlay-gradient":""}},"ast-content-background-meta":{"desktop":{"background-color":"var(--ast-global-color-5)","background-image":"","background-repeat":"repeat","background-position":"center center","background-size":"auto","background-attachment":"scroll","background-type":"","background-media":"","overlay-type":"","overlay-color":"","overlay-opacity":"","overlay-gradient":""},"tablet":{"background-color":"var(--ast-global-color-5)","background-image":"","background-repeat":"repeat","background-position":"center center","background-size":"auto","background-attachment":"scroll","background-type":"","background-media":"","overlay-type":"","overlay-color":"","overlay-opacity":"","overlay-gradient":""},"mobile":{"background-color":"var(--ast-global-color-5)","background-image":"","background-repeat":"repeat","background-position":"center center","background-size":"auto","background-attachment":"scroll","background-type":"","background-media":"","overlay-type":"","overlay-color":"","overlay-opacity":"","overlay-gradient":""}},"footnotes":""},"categories":[8],"tags":[27695,27694,27696,27697],"class_list":["post-80132","post","type-post","status-publish","format-standard","has-post-thumbnail","hentry","category-noticias","tag-dior-armani","tag-italia-moda","tag-practicas-laborales","tag-proveedores-moda"],"_links":{"self":[{"href":"https:\/\/losperiodistas.com.mx\/portal\/wp-json\/wp\/v2\/posts\/80132","targetHints":{"allow":["GET"]}}],"collection":[{"href":"https:\/\/losperiodistas.com.mx\/portal\/wp-json\/wp\/v2\/posts"}],"about":[{"href":"https:\/\/losperiodistas.com.mx\/portal\/wp-json\/wp\/v2\/types\/post"}],"author":[{"embeddable":true,"href":"https:\/\/losperiodistas.com.mx\/portal\/wp-json\/wp\/v2\/users\/1"}],"replies":[{"embeddable":true,"href":"https:\/\/losperiodistas.com.mx\/portal\/wp-json\/wp\/v2\/comments?post=80132"}],"version-history":[{"count":1,"href":"https:\/\/losperiodistas.com.mx\/portal\/wp-json\/wp\/v2\/posts\/80132\/revisions"}],"predecessor-version":[{"id":80134,"href":"https:\/\/losperiodistas.com.mx\/portal\/wp-json\/wp\/v2\/posts\/80132\/revisions\/80134"}],"wp:featuredmedia":[{"embeddable":true,"href":"https:\/\/losperiodistas.com.mx\/portal\/wp-json\/wp\/v2\/media\/80133"}],"wp:attachment":[{"href":"https:\/\/losperiodistas.com.mx\/portal\/wp-json\/wp\/v2\/media?parent=80132"}],"wp:term":[{"taxonomy":"category","embeddable":true,"href":"https:\/\/losperiodistas.com.mx\/portal\/wp-json\/wp\/v2\/categories?post=80132"},{"taxonomy":"post_tag","embeddable":true,"href":"https:\/\/losperiodistas.com.mx\/portal\/wp-json\/wp\/v2\/tags?post=80132"}],"curies":[{"name":"wp","href":"https:\/\/api.w.org\/{rel}","templated":true}]}}