{"id":80126,"date":"2024-07-19T05:56:10","date_gmt":"2024-07-19T10:56:10","guid":{"rendered":"https:\/\/losperiodistas.com.mx\/portal\/?p=80126"},"modified":"2024-07-19T05:56:12","modified_gmt":"2024-07-19T10:56:12","slug":"aumentan-las-expectativas-entre-los-democratas-de-que-biden-reconsiderara-su-postura-nyt","status":"publish","type":"post","link":"https:\/\/losperiodistas.com.mx\/portal\/aumentan-las-expectativas-entre-los-democratas-de-que-biden-reconsiderara-su-postura-nyt\/","title":{"rendered":"Aumentan las expectativas entre los dem\u00f3cratas de que Biden reconsiderar\u00e1 su postura | NYT"},"content":{"rendered":"\n<p class=\"has-medium-font-size\">Seg\u00fan varias personas cercanas a \u00e9l, el presidente no ha cambiado de opini\u00f3n hasta el momento. La \u00faltima deserci\u00f3n dem\u00f3crata que se hizo p\u00fablica fue la del representante Jamie Raskin de Maryland.<\/p>\n\n\n\n<figure class=\"wp-block-image size-large\"><img fetchpriority=\"high\" decoding=\"async\" width=\"1024\" height=\"683\" src=\"https:\/\/losperiodistas.com.mx\/portal\/wp-content\/uploads\/2024\/07\/18biden-democrats-header-1p-wlfg-superJumbo-1024x683.jpeg\" alt=\"\" class=\"wp-image-80127\" srcset=\"https:\/\/losperiodistas.com.mx\/portal\/wp-content\/uploads\/2024\/07\/18biden-democrats-header-1p-wlfg-superJumbo-1024x683.jpeg 1024w, https:\/\/losperiodistas.com.mx\/portal\/wp-content\/uploads\/2024\/07\/18biden-democrats-header-1p-wlfg-superJumbo-300x200.jpeg 300w, https:\/\/losperiodistas.com.mx\/portal\/wp-content\/uploads\/2024\/07\/18biden-democrats-header-1p-wlfg-superJumbo-768x512.jpeg 768w, https:\/\/losperiodistas.com.mx\/portal\/wp-content\/uploads\/2024\/07\/18biden-democrats-header-1p-wlfg-superJumbo-1536x1024.jpeg 1536w, https:\/\/losperiodistas.com.mx\/portal\/wp-content\/uploads\/2024\/07\/18biden-democrats-header-1p-wlfg-superJumbo.jpeg 2048w\" sizes=\"(max-width: 1024px) 100vw, 1024px\" \/><figcaption>El presidente Biden regres\u00f3 a Delaware desde Las Vegas el mi\u00e9rcoles despu\u00e9s de dar positivo por Covid.Cr\u00e9dito&#8230;Eric Lee\/The New York Times<\/figcaption><\/figure>\n\n\n\n<p class=\"has-vivid-red-color has-text-color has-medium-font-size\"><strong>Michael D. Shear\u00a0,\u00a0\u00a0Peter Baker\u00a0y\u00a0Katie Rogers \/ The New York Times<\/strong><\/p>\n\n\n\n<h2 class=\"has-medium-font-size wp-block-heading\" id=\"post-title-QXJ0aWNsZTpueXQ6Ly9hcnRpY2xlL2NhODA5YTlmLTgxOGItNTMwZC04OWVhLTBlNDk0NzRkOWEzMA==\">Aqu\u00ed est\u00e1n las \u00faltimas novedades sobre la campa\u00f1a dem\u00f3crata.<\/h2>\n\n\n\n<p>Varias personas cercanas al presidente Biden dijeron que creen que ha comenzado a aceptar la idea de que tal vez no pueda ganar en noviembre y que tal vez tenga que abandonar la carrera. Las cuatro personas describieron la situaci\u00f3n como extremadamente delicada y hablaron bajo condici\u00f3n de anonimato para no ofender al presidente.<\/p>\n\n\n\n<p>Una de las personas advirti\u00f3 que Biden no hab\u00eda tomado una decisi\u00f3n despu\u00e9s de tres semanas de insistir en que continuar\u00eda con su campa\u00f1a. Pero otra dijo que \u201cla realidad se est\u00e1 imponiendo\u201d y que no ser\u00eda una sorpresa si Biden anunciara pronto que respalda a la vicepresidenta Kamala Harris como su reemplazante.<\/p>\n\n\n\n<p>Muchos dem\u00f3cratas que est\u00e1n m\u00e1s alejados de la Casa Blanca dijeron que la expectativa era que el presidente retirar\u00eda pronto su candidatura, cediendo a las crecientes demandas de muchos legisladores dem\u00f3cratas ansiosos, en un cambio respecto de cuando muchos se desesperaban ante la perspectiva de que cambiara de opini\u00f3n. Pero tambi\u00e9n advirtieron que no se deben leer las se\u00f1ales de un presidente con un c\u00edrculo de confidentes extremadamente peque\u00f1o.<\/p>\n\n\n\n<p>Biden permaneci\u00f3 aislado en su casa de vacaciones en Rehoboth Beach, Delaware, despu\u00e9s de que le diagnosticaran Covid-19 en Las Vegas el mi\u00e9rcoles.&nbsp;<a href=\"https:\/\/www.nytimes.com\/live\/2024\/07\/18\/us\/biden-election-news#biden-covid-democrats\">Parec\u00eda fr\u00e1gil<\/a>&nbsp;a su regreso a la Costa Este.<\/p>\n\n\n\n<p>Los funcionarios de la Casa Blanca negaron que el presidente est\u00e9 pensando en abandonar la contienda y desestimaron las noticias que dec\u00edan lo contrario como el producto de una serie coordinada de filtraciones por parte de los l\u00edderes dem\u00f3cratas para intensificar la presi\u00f3n sobre Biden. Dijeron que estaba escuchando las preocupaciones y tom\u00e1ndolas en serio, pero que Biden no hab\u00eda cambiado de postura y, de hecho, enfatiz\u00f3 a sus asistentes en las \u00faltimas 24 horas que segu\u00eda decidido a seguir en la contienda.<\/p>\n\n\n\n<p>El drama pol\u00edtico que rodea el futuro de Biden se profundiz\u00f3 mientras su rival, el expresidente Donald J. Trump, se preparaba para su coronaci\u00f3n en el \u00faltimo d\u00eda de la&nbsp;<a href=\"https:\/\/www.nytimes.com\/live\/2024\/07\/18\/us\/trump-rnc-republican-convention\">Convenci\u00f3n Nacional Republicana<\/a>&nbsp;en Milwaukee.<\/p>\n\n\n\n<p>Esto es lo que m\u00e1s debes saber:<\/p>\n\n\n\n<ul class=\"wp-block-list\"><li><strong>Creciente presi\u00f3n:<\/strong>&nbsp;La representante Nancy Pelosi de California, expresidenta de la C\u00e1mara de Representantes y una de las mayores defensoras del presidente, le ha dicho a Biden que&nbsp;<a href=\"https:\/\/www.nytimes.com\/2024\/07\/18\/us\/politics\/pelosi-told-biden-she-is-pessimistic-about-his-chances-to-win-re-election.html\">es pesimista sobre sus posibilidades<\/a>&nbsp;, y ha hecho uso de su conocimiento del mapa pol\u00edtico, los datos de las encuestas y la recaudaci\u00f3n de fondos para presionar en su caso. Un portavoz de Pelosi no neg\u00f3 que hubiera compartido con el presidente datos que mostraban que no pod\u00eda ganar y lo presion\u00f3 sobre en qu\u00e9 otros datos podr\u00eda basar su decisi\u00f3n. \u00abLa presidenta Pelosi respeta la confidencialidad de sus reuniones y conversaciones con el presidente de los Estados Unidos\u00bb, dijo el portavoz. Y cuatro personas informadas sobre las finanzas de la campa\u00f1a de Biden dijeron que el apoyo de los principales donantes en julio estaba en camino de&nbsp;<a href=\"https:\/\/www.nytimes.com\/live\/2024\/07\/18\/us\/biden-election-news#biden-fundraising\">desplomarse a aproximadamente la mitad del monto del mes anterior<\/a>&nbsp;si permanec\u00eda en la carrera.<\/li><li><strong>Carta a Biden:<\/strong>&nbsp;El jueves, el representante Jamie Raskin de Maryland, un miembro clave del comit\u00e9 de la C\u00e1mara de Representantes que investig\u00f3 el ataque al Capitolio el 6 de enero de 2021, confirm\u00f3 que hab\u00eda enviado al presidente Biden una carta de cuatro p\u00e1ginas a principios de este mes&nbsp;<a href=\"https:\/\/www.nytimes.com\/live\/2024\/07\/18\/us\/biden-election-news#jamie-raskin-biden-letter\">sugiriendo que Biden consulte con sus compa\u00f1eros dem\u00f3cratas sobre si continuar con su campa\u00f1a<\/a>&nbsp;.<\/li><\/ul>\n\n\n\n<ul class=\"wp-block-list\"><li><strong>Se\u00f1ales de impaciencia:<\/strong>&nbsp;si bien 27 miembros dem\u00f3cratas del Congreso&nbsp;<a href=\"https:\/\/www.nytimes.com\/interactive\/2024\/us\/elections\/biden-drop-out-democrats.html\">han pedido p\u00fablicamente que Biden se retire<\/a>&nbsp;, muchos m\u00e1s han dicho en privado que deber\u00eda hacerlo. Y si bien esas conversaciones, y las conversaciones entre los l\u00edderes del Congreso y Biden, se mantuvieron inicialmente en secreto, est\u00e1n comenzando a discutirse m\u00e1s abiertamente, una se\u00f1al de que la impaciencia est\u00e1 creciendo ante las desafiantes negativas del presidente a hacerse a un lado.<\/li><li><strong>Profunda preocupaci\u00f3n:<\/strong>&nbsp;el senador Chuck Schumer y el representante Hakeem Jeffries, los dos dem\u00f3cratas de mayor rango en el Congreso, le dijeron a Biden en privado durante la \u00faltima semana que sus miembros estaban profundamente preocupados por sus posibilidades en noviembre y por el destino de los candidatos a la C\u00e1mara de Representantes y al Senado si permanec\u00eda en la cima de la lista, seg\u00fan dos personas informadas sobre las conversaciones.<\/li><li><strong>Un partidario leal deserta:<\/strong>&nbsp;Joe Scarborough, presentador del programa \u201cMorning Joe\u201d de MSNBC y uno de los mayores partidarios de Biden,&nbsp;<a href=\"https:\/\/www.nytimes.com\/2024\/07\/18\/us\/politics\/biden-joe-scarborough-election-withdraw.html\">pr\u00e1cticamente pidi\u00f3 que se retire de la contienda<\/a>&nbsp;. Citando encuestas que muestran que los dem\u00f3cratas est\u00e1n teniendo dificultades en estados clave y advertencias de donantes de larga data de que su apoyo financiero se ha agotado, Scarborough dijo que era hora de que las personas cercanas al presidente \u201cden un paso adelante en este punto y ayuden al presidente, y ayuden al hombre que aman, y hagan lo correcto. Esto no va a terminar bien si contin\u00faa alarg\u00e1ndose\u201d.<\/li><li><strong>El presidente est\u00e1 enfermo:<\/strong>&nbsp;el presidente tiene s\u00edntomas leves de Covid, seg\u00fan su m\u00e9dico, que incluyen congesti\u00f3n nasal y tos. No tiene eventos p\u00fablicos el jueves y su campa\u00f1a no dio ninguna indicaci\u00f3n de cu\u00e1ndo se reanudar\u00e1n. Biden ha comenzado a tomar Paxlovid, un tratamiento que puede aliviar los s\u00edntomas de Covid.<\/li><\/ul>\n\n\n\n<p>Fuente: <a href=\"https:\/\/www.nytimes.com\/live\/2024\/07\/18\/us\/biden-election-news\">https:\/\/www.nytimes.com\/live\/2024\/07\/18\/us\/biden-election-news<\/a><\/p>\n","protected":false},"excerpt":{"rendered":"<p>Seg\u00fan varias personas cercanas a \u00e9l, el presidente no ha cambiado de opini\u00f3n hasta el momento. La \u00faltima deserci\u00f3n dem\u00f3crata [&hellip;]<\/p>\n","protected":false},"author":1,"featured_media":80127,"comment_status":"open","ping_status":"open","sticky":false,"template":"","format":"standard","meta":{"site-sidebar-layout":"default","site-content-layout":"","ast-site-content-layout":"default","site-content-style":"default","site-sidebar-style":"default","ast-global-header-display":"","ast-banner-title-visibility":"","ast-main-header-display":"","ast-hfb-above-header-display":"","ast-hfb-below-header-display":"","ast-hfb-mobile-header-display":"","site-post-title":"","ast-breadcrumbs-content":"","ast-featured-img":"","footer-sml-layout":"","theme-transparent-header-meta":"","adv-header-id-meta":"","stick-header-meta":"","header-above-stick-meta":"","header-main-stick-meta":"","header-below-stick-meta":"","astra-migrate-meta-layouts":"default","ast-page-background-enabled":"default","ast-page-background-meta":{"desktop":{"background-color":"var(--ast-global-color-4)","background-image":"","background-repeat":"repeat","background-position":"center center","background-size":"auto","background-attachment":"scroll","background-type":"","background-media":"","overlay-type":"","overlay-color":"","overlay-opacity":"","overlay-gradient":""},"tablet":{"background-color":"","background-image":"","background-repeat":"repeat","background-position":"center center","background-size":"auto","background-attachment":"scroll","background-type":"","background-media":"","overlay-type":"","overlay-color":"","overlay-opacity":"","overlay-gradient":""},"mobile":{"background-color":"","background-image":"","background-repeat":"repeat","background-position":"center center","background-size":"auto","background-attachment":"scroll","background-type":"","background-media":"","overlay-type":"","overlay-color":"","overlay-opacity":"","overlay-gradient":""}},"ast-content-background-meta":{"desktop":{"background-color":"var(--ast-global-color-5)","background-image":"","background-repeat":"repeat","background-position":"center center","background-size":"auto","background-attachment":"scroll","background-type":"","background-media":"","overlay-type":"","overlay-color":"","overlay-opacity":"","overlay-gradient":""},"tablet":{"background-color":"var(--ast-global-color-5)","background-image":"","background-repeat":"repeat","background-position":"center center","background-size":"auto","background-attachment":"scroll","background-type":"","background-media":"","overlay-type":"","overlay-color":"","overlay-opacity":"","overlay-gradient":""},"mobile":{"background-color":"var(--ast-global-color-5)","background-image":"","background-repeat":"repeat","background-position":"center center","background-size":"auto","background-attachment":"scroll","background-type":"","background-media":"","overlay-type":"","overlay-color":"","overlay-opacity":"","overlay-gradient":""}},"footnotes":""},"categories":[8],"tags":[27690,696,27689],"class_list":["post-80126","post","type-post","status-publish","format-standard","has-post-thumbnail","hentry","category-noticias","tag-biden-covid","tag-joe-biden","tag-presiones-sobre-biden"],"_links":{"self":[{"href":"https:\/\/losperiodistas.com.mx\/portal\/wp-json\/wp\/v2\/posts\/80126","targetHints":{"allow":["GET"]}}],"collection":[{"href":"https:\/\/losperiodistas.com.mx\/portal\/wp-json\/wp\/v2\/posts"}],"about":[{"href":"https:\/\/losperiodistas.com.mx\/portal\/wp-json\/wp\/v2\/types\/post"}],"author":[{"embeddable":true,"href":"https:\/\/losperiodistas.com.mx\/portal\/wp-json\/wp\/v2\/users\/1"}],"replies":[{"embeddable":true,"href":"https:\/\/losperiodistas.com.mx\/portal\/wp-json\/wp\/v2\/comments?post=80126"}],"version-history":[{"count":1,"href":"https:\/\/losperiodistas.com.mx\/portal\/wp-json\/wp\/v2\/posts\/80126\/revisions"}],"predecessor-version":[{"id":80128,"href":"https:\/\/losperiodistas.com.mx\/portal\/wp-json\/wp\/v2\/posts\/80126\/revisions\/80128"}],"wp:featuredmedia":[{"embeddable":true,"href":"https:\/\/losperiodistas.com.mx\/portal\/wp-json\/wp\/v2\/media\/80127"}],"wp:attachment":[{"href":"https:\/\/losperiodistas.com.mx\/portal\/wp-json\/wp\/v2\/media?parent=80126"}],"wp:term":[{"taxonomy":"category","embeddable":true,"href":"https:\/\/losperiodistas.com.mx\/portal\/wp-json\/wp\/v2\/categories?post=80126"},{"taxonomy":"post_tag","embeddable":true,"href":"https:\/\/losperiodistas.com.mx\/portal\/wp-json\/wp\/v2\/tags?post=80126"}],"curies":[{"name":"wp","href":"https:\/\/api.w.org\/{rel}","templated":true}]}}