{"id":80116,"date":"2024-07-18T22:38:35","date_gmt":"2024-07-19T03:38:35","guid":{"rendered":"http:\/\/losperiodistas.com.mx\/portal\/?p=80116"},"modified":"2024-07-18T22:38:37","modified_gmt":"2024-07-19T03:38:37","slug":"terremoto-sacude-chile-tambien-se-siente-en-peru","status":"publish","type":"post","link":"https:\/\/losperiodistas.com.mx\/portal\/terremoto-sacude-chile-tambien-se-siente-en-peru\/","title":{"rendered":"Terremoto sacude Chile: Sismo magnitud 7.3 tambi\u00e9n se siente en Per\u00fa | Radio F\u00f3rmula"},"content":{"rendered":"\n<p>Un terremoto de magnitud 7,3 sacudi\u00f3 este jueves a Chile y Per\u00fa.<\/p>\n\n\n\n<figure class=\"wp-block-image size-large\"><img fetchpriority=\"high\" decoding=\"async\" width=\"1024\" height=\"569\" src=\"https:\/\/losperiodistas.com.mx\/portal\/wp-content\/uploads\/2024\/07\/Captura-de-pantalla-2024-07-18-213021-1024x569.png\" alt=\"Terremoto en Chile\" class=\"wp-image-80117\" srcset=\"https:\/\/losperiodistas.com.mx\/portal\/wp-content\/uploads\/2024\/07\/Captura-de-pantalla-2024-07-18-213021-1024x569.png 1024w, https:\/\/losperiodistas.com.mx\/portal\/wp-content\/uploads\/2024\/07\/Captura-de-pantalla-2024-07-18-213021-300x167.png 300w, https:\/\/losperiodistas.com.mx\/portal\/wp-content\/uploads\/2024\/07\/Captura-de-pantalla-2024-07-18-213021-768x427.png 768w, https:\/\/losperiodistas.com.mx\/portal\/wp-content\/uploads\/2024\/07\/Captura-de-pantalla-2024-07-18-213021.png 1192w\" sizes=\"(max-width: 1024px) 100vw, 1024px\" \/><figcaption>Sismo sacude Chile y Per\u00fa. Cr\u00e9ditos: Especial <\/figcaption><\/figure>\n\n\n\n<p class=\"has-vivid-red-color has-text-color\">Redacci\u00f3n \/ Radio F\u00f3rmula<\/p>\n\n\n\n<p>Un terremoto de magnitud 7,3 sacudi\u00f3 el jueves Antofagasta, en Chile, inform\u00f3 el Centro Sismol\u00f3gico Europeo-Mediterr\u00e1neo (ESMC). El sismo, que\u00a0ocurri\u00f3 a una profundidad de 165.5\u00a0kil\u00f3metros, tambi\u00e9n se sinti\u00f3 en las regiones sure\u00f1as de\u00a0Tacna y Arequipa, en Per\u00fa.\u00a0<\/p>\n\n\n\n<blockquote class=\"twitter-tweet\"><p lang=\"es\" dir=\"ltr\">As\u00ed la sacudida por el sismo de esta noche en <a href=\"https:\/\/twitter.com\/hashtag\/Chile?src=hash&amp;ref_src=twsrc%5Etfw\">#Chile<\/a>.<br><br>Magnitud preliminar 7.3 (USGS). <a href=\"https:\/\/t.co\/GzKrgF8FT0\">https:\/\/t.co\/GzKrgF8FT0<\/a><\/p>&mdash; SkyAlert (@SkyAlertMx) <a href=\"https:\/\/twitter.com\/SkyAlertMx\/status\/1814120981847220547?ref_src=twsrc%5Etfw\">July 19, 2024<\/a><\/blockquote> <script async src=\"https:\/\/platform.twitter.com\/widgets.js\" charset=\"utf-8\"><\/script> \n\n\n\n<p>El sismo tipificado como de \u00abmediana intensidad\u00bb se registr\u00f3 a las 21:51 hora local y se localiz\u00f3 a 20 kil\u00f3metros al Sur de San Pedro de Atacama, por lo que fue percibido en las regiones de Arica y Parinacota y Coquimbo, en la frontera con Per\u00fa.<\/p>\n\n\n\n<blockquote class=\"twitter-tweet\"><p lang=\"es\" dir=\"ltr\">As\u00ed se percibi\u00f3 en Tocopilla el sismo de 7.3 y que se localiz\u00f3 a 20 Kms al Sur de San Pedro de Atacama. C\u00e1mara de vigilancia de mi casa <a href=\"https:\/\/t.co\/geI00DKTvU\">pic.twitter.com\/geI00DKTvU<\/a><\/p>&mdash; Claudia Fabiola &#x1f339;&#x1f1e8;&#x1f1f1; (@clasalga) <a href=\"https:\/\/twitter.com\/clasalga\/status\/1814127664501768501?ref_src=twsrc%5Etfw\">July 19, 2024<\/a><\/blockquote> <script async src=\"https:\/\/platform.twitter.com\/widgets.js\" charset=\"utf-8\"><\/script> \n\n\n\n<p>El Servicio Hidrogr\u00e1fico y Oceanogr\u00e1fico de la Armada de Chile descart\u00f3 que el sismo pudiera generar un tsunami en las costas del pa\u00eds.<\/p>\n\n\n\n<p>El presidente Gabriel Boric inform\u00f3 que tras el sismo se reportan algunos rodados (deslizamientos de piedras y nieve) en la ruta de Calama a Tocopilla y corte de luz en San Pedro de Atacama, pero hasta el momento no se reportan heridos ni accidentes.<\/p>\n\n\n\n<blockquote class=\"wp-block-quote is-style-large is-layout-flow wp-block-quote-is-layout-flow\"><p>\u00abTenemos algunos rodados en la ruta de Calama a Tocopilla y corte de luz en San Pedro de Atacama. No hay reporte de heridos ni accidentes por el momento. El Ministro de Defensa se comunic\u00f3 con Generales a cargo de resguardo de frontera y todo el contingente desplegado est\u00e1 bien. Constituiremos de inmediato COGRID provincial en El Loa para evaluaci\u00f3n y tomar las medidas que sean necesarias\u00bb, escribi\u00f3 en su cuenta de X.<\/p><\/blockquote>\n\n\n\n<blockquote class=\"twitter-tweet\"><p lang=\"es\" dir=\"ltr\"><a href=\"https:\/\/twitter.com\/hashtag\/IQUIQUE?src=hash&amp;ref_src=twsrc%5Etfw\">#IQUIQUE<\/a> 22:20 <br>Deslizamientos de piedra y tierra en Ruta Costera B-1, salida desde Tocopilla hacia el norte, luego del fuerte sismo con caracter\u00edsticas de terremoto con epicentro en San Pedro de Atacama <a href=\"https:\/\/twitter.com\/hashtag\/Antofagasta?src=hash&amp;ref_src=twsrc%5Etfw\">#Antofagasta<\/a>\u2026 <a href=\"https:\/\/twitter.com\/biobio?ref_src=twsrc%5Etfw\">@biobio<\/a> <a href=\"https:\/\/t.co\/pFPchaze9E\">pic.twitter.com\/pFPchaze9E<\/a><\/p>&mdash; Cristi\u00e1n Nu\u00f1ez Fica (@HombredeRadio) <a href=\"https:\/\/twitter.com\/HombredeRadio\/status\/1814125962151235860?ref_src=twsrc%5Etfw\">July 19, 2024<\/a><\/blockquote> <script async src=\"https:\/\/platform.twitter.com\/widgets.js\" charset=\"utf-8\"><\/script> \n\n\n\n<p>Tras el terremoto se presentaron varias r\u00e9plicas de diversas magnitudes, la m\u00e1s importante ocurri\u00f3 a las 22:15 horas, a 29 km al SE de San Pedro de Atacama y fue de magnitud 5.1.<\/p>\n\n\n\n<h2 class=\"wp-block-heading\">Sismo se siente en Per\u00fa&nbsp;<\/h2>\n\n\n\n<p>El sismo tambi\u00e9n fue percibido en Per\u00fa, donde alcanz\u00f3 una magnitud de 7.1\u00a0en las regiones sure\u00f1as de Tacna y Arequipa causando alarma en la poblaci\u00f3n.<\/p>\n\n\n\n<p>En este pa\u00eds, el movimiento se registr\u00f3 a las 20:50 hora local con epicentro a 542 kil\u00f3metros al sur de Tacna, en la frontera con Chile, de acuerdo con el Centro Sismol\u00f3gico Nacional. Adem\u00e1s, el sismo se sinti\u00f3 con una intensidad III en la escala Mercalli.<\/p>\n\n\n\n<p>Hasta el momento no se ha reportado de da\u00f1os personales o materiales en esas regiones, aunque los pobladores manifestaron, en las redes sociales, que se sinti\u00f3 tambi\u00e9n en Arequipa, una regi\u00f3n vecina a Tacna y con mayor n\u00famero de habitantes.<\/p>\n\n\n\n<p>Por su parte, Defensa Civil inform\u00f3 en sus redes sociales que el sismo de Tacna fue percibido leve por la poblaci\u00f3n y que contin\u00faa el monitoreo en las zonas vulnerables de esa regi\u00f3n peruana.<\/p>\n\n\n\n<p>Fuente: <a href=\"https:\/\/www.radioformula.com.mx\/mundo\/2024\/7\/18\/terremoto-sacude-chile-sismo-magnitud-73-tambien-se-siente-en-peru-825227.html\" target=\"_blank\" rel=\"noreferrer noopener\">Radio F\u00f3rmula<\/a><\/p>\n","protected":false},"excerpt":{"rendered":"<p>Un terremoto de magnitud 7,3 sacudi\u00f3 este jueves a Chile y Per\u00fa.<\/p>\n","protected":false},"author":1,"featured_media":80117,"comment_status":"open","ping_status":"open","sticky":false,"template":"","format":"standard","meta":{"site-sidebar-layout":"default","site-content-layout":"","ast-site-content-layout":"default","site-content-style":"default","site-sidebar-style":"default","ast-global-header-display":"","ast-banner-title-visibility":"","ast-main-header-display":"","ast-hfb-above-header-display":"","ast-hfb-below-header-display":"","ast-hfb-mobile-header-display":"","site-post-title":"","ast-breadcrumbs-content":"","ast-featured-img":"","footer-sml-layout":"","theme-transparent-header-meta":"","adv-header-id-meta":"","stick-header-meta":"","header-above-stick-meta":"","header-main-stick-meta":"","header-below-stick-meta":"","astra-migrate-meta-layouts":"default","ast-page-background-enabled":"default","ast-page-background-meta":{"desktop":{"background-color":"var(--ast-global-color-4)","background-image":"","background-repeat":"repeat","background-position":"center center","background-size":"auto","background-attachment":"scroll","background-type":"","background-media":"","overlay-type":"","overlay-color":"","overlay-opacity":"","overlay-gradient":""},"tablet":{"background-color":"","background-image":"","background-repeat":"repeat","background-position":"center center","background-size":"auto","background-attachment":"scroll","background-type":"","background-media":"","overlay-type":"","overlay-color":"","overlay-opacity":"","overlay-gradient":""},"mobile":{"background-color":"","background-image":"","background-repeat":"repeat","background-position":"center center","background-size":"auto","background-attachment":"scroll","background-type":"","background-media":"","overlay-type":"","overlay-color":"","overlay-opacity":"","overlay-gradient":""}},"ast-content-background-meta":{"desktop":{"background-color":"var(--ast-global-color-5)","background-image":"","background-repeat":"repeat","background-position":"center center","background-size":"auto","background-attachment":"scroll","background-type":"","background-media":"","overlay-type":"","overlay-color":"","overlay-opacity":"","overlay-gradient":""},"tablet":{"background-color":"var(--ast-global-color-5)","background-image":"","background-repeat":"repeat","background-position":"center center","background-size":"auto","background-attachment":"scroll","background-type":"","background-media":"","overlay-type":"","overlay-color":"","overlay-opacity":"","overlay-gradient":""},"mobile":{"background-color":"var(--ast-global-color-5)","background-image":"","background-repeat":"repeat","background-position":"center center","background-size":"auto","background-attachment":"scroll","background-type":"","background-media":"","overlay-type":"","overlay-color":"","overlay-opacity":"","overlay-gradient":""}},"footnotes":""},"categories":[8],"tags":[27686,11001,3887,21280],"class_list":["post-80116","post","type-post","status-publish","format-standard","has-post-thumbnail","hentry","category-noticias","tag-antofagasta","tag-chile","tag-peru","tag-terremoto"],"_links":{"self":[{"href":"https:\/\/losperiodistas.com.mx\/portal\/wp-json\/wp\/v2\/posts\/80116","targetHints":{"allow":["GET"]}}],"collection":[{"href":"https:\/\/losperiodistas.com.mx\/portal\/wp-json\/wp\/v2\/posts"}],"about":[{"href":"https:\/\/losperiodistas.com.mx\/portal\/wp-json\/wp\/v2\/types\/post"}],"author":[{"embeddable":true,"href":"https:\/\/losperiodistas.com.mx\/portal\/wp-json\/wp\/v2\/users\/1"}],"replies":[{"embeddable":true,"href":"https:\/\/losperiodistas.com.mx\/portal\/wp-json\/wp\/v2\/comments?post=80116"}],"version-history":[{"count":1,"href":"https:\/\/losperiodistas.com.mx\/portal\/wp-json\/wp\/v2\/posts\/80116\/revisions"}],"predecessor-version":[{"id":80118,"href":"https:\/\/losperiodistas.com.mx\/portal\/wp-json\/wp\/v2\/posts\/80116\/revisions\/80118"}],"wp:featuredmedia":[{"embeddable":true,"href":"https:\/\/losperiodistas.com.mx\/portal\/wp-json\/wp\/v2\/media\/80117"}],"wp:attachment":[{"href":"https:\/\/losperiodistas.com.mx\/portal\/wp-json\/wp\/v2\/media?parent=80116"}],"wp:term":[{"taxonomy":"category","embeddable":true,"href":"https:\/\/losperiodistas.com.mx\/portal\/wp-json\/wp\/v2\/categories?post=80116"},{"taxonomy":"post_tag","embeddable":true,"href":"https:\/\/losperiodistas.com.mx\/portal\/wp-json\/wp\/v2\/tags?post=80116"}],"curies":[{"name":"wp","href":"https:\/\/api.w.org\/{rel}","templated":true}]}}