{"id":80110,"date":"2024-07-18T19:30:13","date_gmt":"2024-07-19T00:30:13","guid":{"rendered":"http:\/\/losperiodistas.com.mx\/portal\/?p=80110"},"modified":"2024-07-18T19:30:15","modified_gmt":"2024-07-19T00:30:15","slug":"obama-insta-a-biden-replantearse-su-candidatura","status":"publish","type":"post","link":"https:\/\/losperiodistas.com.mx\/portal\/obama-insta-a-biden-replantearse-su-candidatura\/","title":{"rendered":"Obama y l\u00edderes dem\u00f3cratas instan a Biden a replantearse su candidatura | Informador"},"content":{"rendered":"\n<p>Obama ha dicho a sus c\u00edrculos cercanos que Biden debe \u00abreconsiderar seriamente\u00bb el futuro de su candidatura<\/p>\n\n\n\n<figure class=\"wp-block-image size-full\"><img fetchpriority=\"high\" decoding=\"async\" width=\"960\" height=\"574\" src=\"https:\/\/losperiodistas.com.mx\/portal\/wp-content\/uploads\/2024\/07\/Captura-de-pantalla-2024-07-18-181905.png\" alt=\"Biden replantea su candidatura\" class=\"wp-image-80111\" srcset=\"https:\/\/losperiodistas.com.mx\/portal\/wp-content\/uploads\/2024\/07\/Captura-de-pantalla-2024-07-18-181905.png 960w, https:\/\/losperiodistas.com.mx\/portal\/wp-content\/uploads\/2024\/07\/Captura-de-pantalla-2024-07-18-181905-300x179.png 300w, https:\/\/losperiodistas.com.mx\/portal\/wp-content\/uploads\/2024\/07\/Captura-de-pantalla-2024-07-18-181905-768x459.png 768w\" sizes=\"(max-width: 960px) 100vw, 960px\" \/><figcaption>Fuentes de la campa\u00f1a dijeron que Biden no tiene planes de retirarse y est\u00e1 comprometido a honrar a los votantes que lo eligieron. EFE<\/figcaption><\/figure>\n\n\n\n<p class=\"has-vivid-red-color has-text-color\">Redacci\u00f3n \/ Informador<\/p>\n\n\n\n<p>En las \u00faltimas horas, el expresidente de EU. <strong>Barack Obama<\/strong> (2009-2017) <strong>y otros destacados l\u00edderes del Partido Dem\u00f3crata han intensificado la presi\u00f3n sobre el presidente Joe Biden <\/strong>para que reeval\u00fae su candidatura para las elecciones de noviembre.<\/p>\n\n\n\n<p>Diversos medios sugieren que una renuncia podr\u00eda ser inminente: el portal Axios se\u00f1ala que algunos altos funcionarios dem\u00f3cratas creen que Biden podr\u00eda abandonar la campa\u00f1a este fin de semana, mientras que CBS, citando a dos legisladores del partido, indica que la situaci\u00f3n podr\u00eda resolverse en los pr\u00f3ximos tres a cinco d\u00edas.<\/p>\n\n\n\n<p>Mientras tanto,<strong> fuentes de la campa\u00f1a dijeron que Biden no tiene planes de retirarse y est\u00e1 comprometido a honrar a los votantes que lo eligieron durante las primarias del Partido Dem\u00f3crata<\/strong>, en las que recibi\u00f3 m\u00e1s del 87 % de los votos y en las que compiti\u00f3 sin apenas rivales significativos.<\/p>\n\n\n\n<p>Seg\u00fan las citadas fuentes de la campa\u00f1a, Biden se encuentra actualmente trabajando y atendiendo \u00abtemas oficiales\u00bb desde su residencia en Delaware, donde permanece aislado tras haber dado el mi\u00e9rcoles positivo por la covid-19 mientras hac\u00eda campa\u00f1a en Nevada, estado clave para los comicios de noviembre.<\/p>\n\n\n\n<h2 class=\"wp-block-heading\">Falta de respaldo en la c\u00fapula dem\u00f3crata<\/h2>\n\n\n\n<p><strong>La presi\u00f3n sobre Biden se ha intensificado en las \u00faltimas horas<\/strong> con varios medios de comunicaci\u00f3n se\u00f1alando que carece de respaldo entre figuras destacadas del partido.<\/p>\n\n\n\n<p>Una fuente cercana al partido dijo que esa presi\u00f3n podr\u00eda obligar a Biden a reconsiderar su candidatura, especialmente por el peso que tienen en \u00e9l las palabras de Obama, con quien ejerci\u00f3 de vicepresidente.<\/p>\n\n\n\n<p>Seg\u00fan inform\u00f3 este jueves The Washington Post, <strong>Obama ha dicho a sus c\u00edrculos cercanos que Biden debe \u00abreconsiderar seriamente\u00bb <\/strong>el futuro de su candidatura ya que las posibilidades de victoria \u00abse han reducido considerablemente\u00bb.<\/p>\n\n\n\n<p>El rotativo capitalino, que cita a m\u00faltiples fuentes, explica que Obama en las \u00faltimas semanas ha estado profundamente involucrado en conversaciones sobre el futuro de la campa\u00f1a de Biden, atendiendo llamadas de muchos dem\u00f3cratas nerviosos por la situaci\u00f3n, incluida la influyente legisladora Nancy Pelosi, expresidenta de la C\u00e1mara de Representantes.<\/p>\n\n\n\n<p>En p\u00fablico, Pelosi se ha mostrado cr\u00edptica sobre el futuro de Biden; pero, seg\u00fan CNN, en privado le ha dicho a Biden que las encuestas muestran que no puede vencer al expresidente republicano Donald Trump en noviembre y que podr\u00eda arrastrar con \u00e9l al Congreso si contin\u00faa buscando un segundo mandato.<\/p>\n\n\n\n<p>La conversaci\u00f3n en privado de Biden con Pelosi se suma a las que tambi\u00e9n ha mantenido en la misma l\u00ednea con los l\u00edderes dem\u00f3cratas en el Senado, Chuck Schumer, y en la C\u00e1mara, Hakeem Jeffries, sucesor de Pelosi.<\/p>\n\n\n\n<p>Tanto Schumer como Jeffries advirtieron a Biden en dos reuniones por separado que su candidatura pone en peligro la actual mayor\u00eda dem\u00f3crata en el Senado y dificulta la recuperaci\u00f3n de la C\u00e1mara de Representantes, seg\u00fan The Washington Post.<\/p>\n\n\n\n<h2 class=\"wp-block-heading\">Dudas en el seno del Congreso<\/h2>\n\n\n\n<p>Adem\u00e1s de estas importantes figuras, las dudas sobre la candidatura de Biden tambi\u00e9n se sienten en el seno del Congreso. Hasta el momento, 23 legisladores dem\u00f3cratas, entre ellos 22 representantes y un senador, han pedido p\u00fablicamente que el presidente abandone la carrera electoral y ceda el testigo a otro aspirante.<\/p>\n\n\n\n<p>Tambi\u00e9n se ha filtrado en las \u00faltimas horas que el congresista dem\u00f3crata Jamie Raskin le pidi\u00f3 a Biden en una carta enviada el 6 de julio que reconsidere su candidatura a la Casa Blanca, inform\u00f3 este jueves The New York Times.<\/p>\n\n\n\n<p>Los sondeos tampoco auguran buenas noticias para Biden. <strong>Seg\u00fan una encuesta de YouGov para CBS News publicada este jueves, Trump sacar\u00eda un 52 % de los votos en las elecciones de noviembre por un 47 % Biden,<\/strong> un incremento de tres puntos en la diferencia entre los dos respecto a su \u00faltimo sondeo del 3 de julio, que reflejaba un 50 % a 48 %.<\/p>\n\n\n\n<p>Preguntados por la hip\u00f3tesis de que sea la vicepresidenta de EU., Kamala Harris, la candidata a la Casa Blanca, mejora los n\u00fameros de Biden aunque tambi\u00e9n perder\u00eda frente a Trump, con un 51 % a 48 %.<\/p>\n\n\n\n<p>Fuente: <a href=\"https:\/\/www.informador.mx\/internacional\/Obama-y-lideres-democratas-instan-a-Biden-a-replantearse-su-candidatura-20240718-0181.html\" target=\"_blank\" rel=\"noreferrer noopener\">El Informador<\/a><\/p>\n","protected":false},"excerpt":{"rendered":"<p>Obama ha dicho a sus c\u00edrculos cercanos que Biden debe \u00abreconsiderar seriamente\u00bb el futuro de su candidatura<\/p>\n","protected":false},"author":1,"featured_media":80111,"comment_status":"open","ping_status":"open","sticky":false,"template":"","format":"standard","meta":{"site-sidebar-layout":"default","site-content-layout":"","ast-site-content-layout":"default","site-content-style":"default","site-sidebar-style":"default","ast-global-header-display":"","ast-banner-title-visibility":"","ast-main-header-display":"","ast-hfb-above-header-display":"","ast-hfb-below-header-display":"","ast-hfb-mobile-header-display":"","site-post-title":"","ast-breadcrumbs-content":"","ast-featured-img":"","footer-sml-layout":"","theme-transparent-header-meta":"","adv-header-id-meta":"","stick-header-meta":"","header-above-stick-meta":"","header-main-stick-meta":"","header-below-stick-meta":"","astra-migrate-meta-layouts":"default","ast-page-background-enabled":"default","ast-page-background-meta":{"desktop":{"background-color":"var(--ast-global-color-4)","background-image":"","background-repeat":"repeat","background-position":"center center","background-size":"auto","background-attachment":"scroll","background-type":"","background-media":"","overlay-type":"","overlay-color":"","overlay-opacity":"","overlay-gradient":""},"tablet":{"background-color":"","background-image":"","background-repeat":"repeat","background-position":"center center","background-size":"auto","background-attachment":"scroll","background-type":"","background-media":"","overlay-type":"","overlay-color":"","overlay-opacity":"","overlay-gradient":""},"mobile":{"background-color":"","background-image":"","background-repeat":"repeat","background-position":"center center","background-size":"auto","background-attachment":"scroll","background-type":"","background-media":"","overlay-type":"","overlay-color":"","overlay-opacity":"","overlay-gradient":""}},"ast-content-background-meta":{"desktop":{"background-color":"var(--ast-global-color-5)","background-image":"","background-repeat":"repeat","background-position":"center center","background-size":"auto","background-attachment":"scroll","background-type":"","background-media":"","overlay-type":"","overlay-color":"","overlay-opacity":"","overlay-gradient":""},"tablet":{"background-color":"var(--ast-global-color-5)","background-image":"","background-repeat":"repeat","background-position":"center center","background-size":"auto","background-attachment":"scroll","background-type":"","background-media":"","overlay-type":"","overlay-color":"","overlay-opacity":"","overlay-gradient":""},"mobile":{"background-color":"var(--ast-global-color-5)","background-image":"","background-repeat":"repeat","background-position":"center center","background-size":"auto","background-attachment":"scroll","background-type":"","background-media":"","overlay-type":"","overlay-color":"","overlay-opacity":"","overlay-gradient":""}},"footnotes":""},"categories":[8],"tags":[23728,696,1115,27477],"class_list":["post-80110","post","type-post","status-publish","format-standard","has-post-thumbnail","hentry","category-noticias","tag-elecciones-estados-unidos","tag-joe-biden","tag-kamala-harris","tag-obama"],"_links":{"self":[{"href":"https:\/\/losperiodistas.com.mx\/portal\/wp-json\/wp\/v2\/posts\/80110","targetHints":{"allow":["GET"]}}],"collection":[{"href":"https:\/\/losperiodistas.com.mx\/portal\/wp-json\/wp\/v2\/posts"}],"about":[{"href":"https:\/\/losperiodistas.com.mx\/portal\/wp-json\/wp\/v2\/types\/post"}],"author":[{"embeddable":true,"href":"https:\/\/losperiodistas.com.mx\/portal\/wp-json\/wp\/v2\/users\/1"}],"replies":[{"embeddable":true,"href":"https:\/\/losperiodistas.com.mx\/portal\/wp-json\/wp\/v2\/comments?post=80110"}],"version-history":[{"count":1,"href":"https:\/\/losperiodistas.com.mx\/portal\/wp-json\/wp\/v2\/posts\/80110\/revisions"}],"predecessor-version":[{"id":80112,"href":"https:\/\/losperiodistas.com.mx\/portal\/wp-json\/wp\/v2\/posts\/80110\/revisions\/80112"}],"wp:featuredmedia":[{"embeddable":true,"href":"https:\/\/losperiodistas.com.mx\/portal\/wp-json\/wp\/v2\/media\/80111"}],"wp:attachment":[{"href":"https:\/\/losperiodistas.com.mx\/portal\/wp-json\/wp\/v2\/media?parent=80110"}],"wp:term":[{"taxonomy":"category","embeddable":true,"href":"https:\/\/losperiodistas.com.mx\/portal\/wp-json\/wp\/v2\/categories?post=80110"},{"taxonomy":"post_tag","embeddable":true,"href":"https:\/\/losperiodistas.com.mx\/portal\/wp-json\/wp\/v2\/tags?post=80110"}],"curies":[{"name":"wp","href":"https:\/\/api.w.org\/{rel}","templated":true}]}}