{"id":80100,"date":"2024-07-18T17:41:21","date_gmt":"2024-07-18T22:41:21","guid":{"rendered":"http:\/\/losperiodistas.com.mx\/portal\/?p=80100"},"modified":"2024-07-18T17:41:23","modified_gmt":"2024-07-18T22:41:23","slug":"repunte-de-covid-en-mexico-cuantos-contagios-se-registraron-en-la-primera-semana-de-julio","status":"publish","type":"post","link":"https:\/\/losperiodistas.com.mx\/portal\/repunte-de-covid-en-mexico-cuantos-contagios-se-registraron-en-la-primera-semana-de-julio\/","title":{"rendered":"Repunte de COVID-19 en M\u00e9xico: \u00bfCu\u00e1ntos contagios se registraron en la primera semana de julio? | EF"},"content":{"rendered":"\n<p>Las autoridades sanitarias detallaron que en la mayor\u00eda de los casos, los s\u00edntomas son leves y 64 por ciento son de tipo ambulatorio, por lo que no hay motivo de alarma.<\/p>\n\n\n\n<figure class=\"wp-block-image size-large\"><img fetchpriority=\"high\" decoding=\"async\" width=\"1024\" height=\"657\" src=\"https:\/\/losperiodistas.com.mx\/portal\/wp-content\/uploads\/2024\/07\/Captura-de-pantalla-2024-07-18-163431-1024x657.png\" alt=\"\" class=\"wp-image-80101\" srcset=\"https:\/\/losperiodistas.com.mx\/portal\/wp-content\/uploads\/2024\/07\/Captura-de-pantalla-2024-07-18-163431-1024x657.png 1024w, https:\/\/losperiodistas.com.mx\/portal\/wp-content\/uploads\/2024\/07\/Captura-de-pantalla-2024-07-18-163431-300x193.png 300w, https:\/\/losperiodistas.com.mx\/portal\/wp-content\/uploads\/2024\/07\/Captura-de-pantalla-2024-07-18-163431-768x493.png 768w, https:\/\/losperiodistas.com.mx\/portal\/wp-content\/uploads\/2024\/07\/Captura-de-pantalla-2024-07-18-163431.png 1176w\" sizes=\"(max-width: 1024px) 100vw, 1024px\" \/><figcaption>Desde la semana epidemiol\u00f3gica 19 los contagios de COVID-19 en nuestro pa\u00eds comenzaron a tener un repunte importante, seg\u00fan las autoridades sanitarias. (Cuartoscuro).<\/figcaption><\/figure>\n\n\n\n<p class=\"has-vivid-red-color has-text-color\">Redacci\u00f3n \/ El Financiero<\/p>\n\n\n\n<p>En las \u00faltimas semanas, nuestro pa\u00eds se <strong>ha enfrentado a un repunte de casos<\/strong> de COVID-19. Los contagios son mayores que en el mismo periodo del 2023.<\/p>\n\n\n\n<p>Como cada semana, la Secretar\u00eda de Salud, inform\u00f3 sobre la cantidad de casos confirmados por la enfermedad respiratoria.<\/p>\n\n\n\n<p>Al corte de la semana epidemiol\u00f3gica 27, <strong>al 6 de julio, <\/strong>las autoridades sanitarias informaron que hay <strong>8 mil 075 casos confirmados de COVID<\/strong>, que representan 8.2 por ciento de positividad con respecto al total de casos sospechosos.<\/p>\n\n\n\n<p>Se detalla que a partir de la semana epidemiol\u00f3gica 19, es decir, hace desde dos meses, los casos han vuelto a aumentar.<\/p>\n\n\n\n<p>En la mayor\u00eda de los casos, los s\u00edntomas son leves y 64 por ciento son de tipo ambulatorio, por lo que no hay motivo de alarma, se\u00f1alaron las autoridades sanitarias en un comunicado.<\/p>\n\n\n\n<h2 class=\"wp-block-heading\">\u00bfCu\u00e1les son los estados con m\u00e1s casos de COVID-19?<\/h2>\n\n\n\n<p>Seg\u00fan las autoridades sanitarias,<strong> los estados con m\u00e1s casos confirmados de COVID-19 son<\/strong> la Ciudad de M\u00e9xico, Estado de M\u00e9xico, Nuevo Le\u00f3n y Puebla, seg\u00fan las unidades de salud monitoras de enfermedad respiratoria (USMER).<\/p>\n\n\n\n<p>Adem\u00e1s, al 15 de julio, la Universidad Nacional Aut\u00f3noma de M\u00e9xico (UNAM) y la Secretar\u00eda de Salud informaron que<strong>\u00a0hay 19 hospitales <\/strong>en todo el pa\u00eds con el 50 por ciento o m\u00e1s de <strong>ocupaci\u00f3n\u00a0en sus camas, posiblemente por COVID <\/strong>e influenza, as\u00ed como otras infecciones.<\/p>\n\n\n\n<p>En la CDMX, el \u00fanico hospital con <strong>saturaci\u00f3n <\/strong>en el \u00e1rea de enfermedades respiratorias es el <strong>Hospital 20 de Noviembre,<\/strong> en la alcald\u00eda Benito Ju\u00e1rez.<\/p>\n\n\n\n<h2 class=\"wp-block-heading\">\u00bfCu\u00e1les son las 2 nuevas variantes de COVID-19 en M\u00e9xico?<\/h2>\n\n\n\n<p>Seg\u00fan datos de la plataforma GSAID (Global Iniciative in Sharing All Influenza Data), las nuevas variantes de COVID-19 son KP.2 y KP.3.<\/p>\n\n\n\n<p>Estas pertenecen a la familia \u00f3micron y<strong> se consideran\u00a0m\u00e1s contagiosas que otras cepas. En M\u00e9xico<\/strong> se registran\u00a0ocho casos asociados a <strong>la variante KP.2<\/strong> y un caso relacionado con la variante KP.3, seg\u00fan el Instituto Nacional de Medicina Gen\u00f3mica (Inmegen) y el Instituto Nacional de Enfermedades Respiratorias (INER).<\/p>\n\n\n\n<p>El paciente contagiado con la variante KP.3 ha sido detectado en un hombre de 50 a\u00f1os procedente de los Estados Unidos y que lleg\u00f3 a la CDMX a mediados de junio.<\/p>\n\n\n\n<p>Fuente: <a href=\"https:\/\/www.elfinanciero.com.mx\/salud\/2024\/07\/17\/repunte-de-covid-19-en-mexico-cuantos-contagios-se-registraron-en-la-primera-semana-de-julio\/\" target=\"_blank\" rel=\"noreferrer noopener\">El Financiero<\/a><\/p>\n","protected":false},"excerpt":{"rendered":"<p>Las autoridades sanitarias detallaron que en la mayor\u00eda de los casos, los s\u00edntomas son leves y 64 por ciento son de tipo ambulatorio, por lo que no hay motivo de alarma. <\/p>\n","protected":false},"author":1,"featured_media":80101,"comment_status":"open","ping_status":"open","sticky":false,"template":"","format":"standard","meta":{"site-sidebar-layout":"default","site-content-layout":"","ast-site-content-layout":"default","site-content-style":"default","site-sidebar-style":"default","ast-global-header-display":"","ast-banner-title-visibility":"","ast-main-header-display":"","ast-hfb-above-header-display":"","ast-hfb-below-header-display":"","ast-hfb-mobile-header-display":"","site-post-title":"","ast-breadcrumbs-content":"","ast-featured-img":"","footer-sml-layout":"","theme-transparent-header-meta":"","adv-header-id-meta":"","stick-header-meta":"","header-above-stick-meta":"","header-main-stick-meta":"","header-below-stick-meta":"","astra-migrate-meta-layouts":"default","ast-page-background-enabled":"default","ast-page-background-meta":{"desktop":{"background-color":"var(--ast-global-color-4)","background-image":"","background-repeat":"repeat","background-position":"center center","background-size":"auto","background-attachment":"scroll","background-type":"","background-media":"","overlay-type":"","overlay-color":"","overlay-opacity":"","overlay-gradient":""},"tablet":{"background-color":"","background-image":"","background-repeat":"repeat","background-position":"center center","background-size":"auto","background-attachment":"scroll","background-type":"","background-media":"","overlay-type":"","overlay-color":"","overlay-opacity":"","overlay-gradient":""},"mobile":{"background-color":"","background-image":"","background-repeat":"repeat","background-position":"center center","background-size":"auto","background-attachment":"scroll","background-type":"","background-media":"","overlay-type":"","overlay-color":"","overlay-opacity":"","overlay-gradient":""}},"ast-content-background-meta":{"desktop":{"background-color":"var(--ast-global-color-5)","background-image":"","background-repeat":"repeat","background-position":"center center","background-size":"auto","background-attachment":"scroll","background-type":"","background-media":"","overlay-type":"","overlay-color":"","overlay-opacity":"","overlay-gradient":""},"tablet":{"background-color":"var(--ast-global-color-5)","background-image":"","background-repeat":"repeat","background-position":"center center","background-size":"auto","background-attachment":"scroll","background-type":"","background-media":"","overlay-type":"","overlay-color":"","overlay-opacity":"","overlay-gradient":""},"mobile":{"background-color":"var(--ast-global-color-5)","background-image":"","background-repeat":"repeat","background-position":"center center","background-size":"auto","background-attachment":"scroll","background-type":"","background-media":"","overlay-type":"","overlay-color":"","overlay-opacity":"","overlay-gradient":""}},"footnotes":""},"categories":[8],"tags":[7058,3137,27681,2672,27680],"class_list":["post-80100","post","type-post","status-publish","format-standard","has-post-thumbnail","hentry","category-noticias","tag-contagios","tag-covid19","tag-iner","tag-unam","tag-usmer"],"_links":{"self":[{"href":"https:\/\/losperiodistas.com.mx\/portal\/wp-json\/wp\/v2\/posts\/80100","targetHints":{"allow":["GET"]}}],"collection":[{"href":"https:\/\/losperiodistas.com.mx\/portal\/wp-json\/wp\/v2\/posts"}],"about":[{"href":"https:\/\/losperiodistas.com.mx\/portal\/wp-json\/wp\/v2\/types\/post"}],"author":[{"embeddable":true,"href":"https:\/\/losperiodistas.com.mx\/portal\/wp-json\/wp\/v2\/users\/1"}],"replies":[{"embeddable":true,"href":"https:\/\/losperiodistas.com.mx\/portal\/wp-json\/wp\/v2\/comments?post=80100"}],"version-history":[{"count":1,"href":"https:\/\/losperiodistas.com.mx\/portal\/wp-json\/wp\/v2\/posts\/80100\/revisions"}],"predecessor-version":[{"id":80102,"href":"https:\/\/losperiodistas.com.mx\/portal\/wp-json\/wp\/v2\/posts\/80100\/revisions\/80102"}],"wp:featuredmedia":[{"embeddable":true,"href":"https:\/\/losperiodistas.com.mx\/portal\/wp-json\/wp\/v2\/media\/80101"}],"wp:attachment":[{"href":"https:\/\/losperiodistas.com.mx\/portal\/wp-json\/wp\/v2\/media?parent=80100"}],"wp:term":[{"taxonomy":"category","embeddable":true,"href":"https:\/\/losperiodistas.com.mx\/portal\/wp-json\/wp\/v2\/categories?post=80100"},{"taxonomy":"post_tag","embeddable":true,"href":"https:\/\/losperiodistas.com.mx\/portal\/wp-json\/wp\/v2\/tags?post=80100"}],"curies":[{"name":"wp","href":"https:\/\/api.w.org\/{rel}","templated":true}]}}