{"id":801,"date":"2020-11-03T06:07:10","date_gmt":"2020-11-03T12:07:10","guid":{"rendered":"http:\/\/losperiodistas.com.mx\/portal\/?p=801"},"modified":"2020-11-03T06:07:10","modified_gmt":"2020-11-03T12:07:10","slug":"la-fgr-pidio-orden-para-capturar-a-videgaray-por-cohecho-y-delito-electoral-y-juez-la-nego-latinus","status":"publish","type":"post","link":"https:\/\/losperiodistas.com.mx\/portal\/la-fgr-pidio-orden-para-capturar-a-videgaray-por-cohecho-y-delito-electoral-y-juez-la-nego-latinus\/","title":{"rendered":"La FGR pidi\u00f3 orden para capturar a Videgaray por cohecho y delito electoral, y Juez la neg\u00f3: Latinus"},"content":{"rendered":"\n<p style=\"font-size:18px\"><em>Emilio Lozoya acus\u00f3 a Luis Videgaray Caso de formar parte de la trama de sobornos generada por la empresa Odebrecht<\/em><\/p>\n\n\n\n<p class=\"has-vivid-cyan-blue-color has-text-color has-medium-font-size\">REDACCI\u00d3N \/ SINEMBARGO<\/p>\n\n\n\n<p>Ciudad de M\u00e9xico, 2 de noviembre (SinEmbargo).- La&nbsp;<strong>Fiscal\u00eda General de la Rep\u00fablica<\/strong>&nbsp;(FGR) hab\u00eda solicitado una&nbsp;<strong>orden de aprehensi\u00f3n en contra de Luis Videgaray Caso<\/strong>, exsecretario de Relaciones Exteriores con Enrique Pe\u00f1a Nieto, por presuntos delitos electorales, revel\u00f3 el periodista Carlos Loret de Mola en el sitio&nbsp;<em>Latinus<\/em>.<\/p>\n\n\n\n<p>Sin embargo, detall\u00f3 el periodista, un Juez neg\u00f3 la orden de aprehensi\u00f3n e impidi\u00f3 que el tambi\u00e9n exsecretario de Hacienda y Cr\u00e9dito P\u00fablico fuera detenido.<\/p>\n\n\n\n<p>La orden de aprehensi\u00f3n era por\u00a0<strong>delitos electorales, cohecho, traici\u00f3n a la patria y asociaci\u00f3n delictuosa<\/strong>.<\/p>\n\n\n\n<figure class=\"wp-block-image size-large\"><img fetchpriority=\"high\" decoding=\"async\" width=\"1024\" height=\"426\" src=\"https:\/\/losperiodistas.com.mx\/portal\/wp-content\/uploads\/2020\/11\/Captura-de-Pantalla-2020-11-03-a-las-6.04.15-1024x426.jpg\" alt=\"\" class=\"wp-image-802\" srcset=\"https:\/\/losperiodistas.com.mx\/portal\/wp-content\/uploads\/2020\/11\/Captura-de-Pantalla-2020-11-03-a-las-6.04.15-1024x426.jpg 1024w, https:\/\/losperiodistas.com.mx\/portal\/wp-content\/uploads\/2020\/11\/Captura-de-Pantalla-2020-11-03-a-las-6.04.15-300x125.jpg 300w, https:\/\/losperiodistas.com.mx\/portal\/wp-content\/uploads\/2020\/11\/Captura-de-Pantalla-2020-11-03-a-las-6.04.15-768x319.jpg 768w, https:\/\/losperiodistas.com.mx\/portal\/wp-content\/uploads\/2020\/11\/Captura-de-Pantalla-2020-11-03-a-las-6.04.15.jpg 1126w\" sizes=\"(max-width: 1024px) 100vw, 1024px\" \/><\/figure>\n\n\n\n<p>La FGR habr\u00eda solicitado la orden tras las declaraciones que Emilio Lozoya Austin, exdirector de Petr\u00f3leos Mexicanos (Pemex), dio a la dependencia de investigaci\u00f3n.<\/p>\n\n\n\n<p>Loret de Mola agreg\u00f3 que el hecho le fue confinado por fuentes de \u201cprimer nivel\u201d en el Poder Judicial de la Federaci\u00f3n y de la FGR.<\/p>\n\n\n\n<p>Agreg\u00f3 que la dependencia al mando de Alejandro Gertz Manero puede replantear su solicitud e insistir obtener la orden de aprehensi\u00f3n.<\/p>\n\n\n\n<p>El periodista puntualiz\u00f3 que la solicitud de la PGR ten\u00eda m\u00e1s de 100 p\u00e1ginas y tras el rechazo, la dependencia est\u00e1 replanteando su petici\u00f3n.<img decoding=\"async\" src=\"https:\/\/i0.wp.com\/sinembargo.mx\/wp-content\/uploads\/2020\/11\/vide-epn.jpeg\" alt=\"\" width=\"700\" height=\"467\" srcset=\"https:\/\/i0.wp.com\/sinembargo.mx\/wp-content\/uploads\/2020\/11\/vide-epn.jpeg 700w, https:\/\/i0.wp.com\/sinembargo.mx\/wp-content\/uploads\/2020\/11\/vide-epn-300x200.jpeg 300w\"><\/p>\n\n\n\n<p>Videgaray y Pe\u00f1a Nieto. Foto: Galo Ca\u00f1as, Cuartoscuro.<\/p>\n\n\n\n<p><strong>LA ACUSACI\u00d3N<\/strong><\/p>\n\n\n\n<p>El pasado 11 de agosto, Lozoya Austin acus\u00f3 que Pe\u00f1a Nieto y Videgaray participaron y autorizaron la entrega de sobornos de Odebrecht a pol\u00edticos mexicanos.<\/p>\n\n\n\n<blockquote class=\"wp-block-quote is-layout-flow wp-block-quote-is-layout-flow\"><p>\u201cHoy por la ma\u00f1ana,&nbsp;Emilio&nbsp;\u2018L\u2019 present\u00f3 una denuncia de hechos ante la Fiscal\u00eda General de la Rep\u00fablica respecto a su participaci\u00f3n en el caso&nbsp;Odebrecht&nbsp;y en varios otros casos. [\u2026] En el caso de&nbsp;Odebrecht, este individuo est\u00e1 se\u00f1alando que hubo sobornos por una cantidad que pasa de 100 millones de pesos, los cuales fueron fundamentalmente utilizados en la campa\u00f1a de 2012 para la Presidencia de la Rep\u00fablica, y quien despu\u00e9s fue Presidente [Enrique Pe\u00f1a Nieto] y su Secretario de Hacienda [Luis Videgaray Caso] son las personas que este individuo le ordenaron que ese dinero fuera entregado a varios asesores electorales extranjeros que trabajaron y colaboraron para la campa\u00f1a de estas dos personas\u201d, revel\u00f3 Gertz Manero en conferencia de prensa.<\/p><\/blockquote>\n\n\n\n<p>En un breve mensaje a medios de comunicaci\u00f3n, el funcionario dio avances tambi\u00e9n sobre&nbsp;la compra de votos para las reformas estructurales de 2013 y 2014, como la Reforma Energ\u00e9tica impulsada en el sexenio del priista&nbsp;Enrique Pe\u00f1a Nieto&nbsp;para abrir&nbsp;el sector a la inversi\u00f3n privada.<\/p>\n\n\n\n<p>En este caso se habla tambi\u00e9n de 120 millones de pesos que, seg\u00fan el denunciante, fueron ordenados por las mismas personas,&nbsp;Pe\u00f1a Nieto y Videgaray&nbsp;para que se entregaran a un Diputado y cinco senadores de la Rep\u00fablica.<\/p>\n\n\n\n<blockquote class=\"wp-block-quote is-layout-flow wp-block-quote-is-layout-flow\"><p>\u201cEs la compra de votos para las reformas estructurales en 2013 y 2014, en ese caso espec\u00edfico se habla de 120 millones de pesos (unos 5.3 millones de d\u00f3lares) que fueron ordenados por las mismas personas\u201d, detall\u00f3.<\/p><\/blockquote>\n\n\n\n<p>En todos estos casos, dijo Gertz Manero, \u201clos sistemas que \u00e9l se\u00f1ala que se usaron fueron que estas dos personas a las que hizo referencia [Pe\u00f1a y Videgaray] le dieron instrucciones para que \u00e9l entregara 84 millones de pesos a varios legisladores [cuyos nombres son semejantes a los citados] y a un secretario de Finanzas de un partido pol\u00edtico\u201d.<img decoding=\"async\" src=\"https:\/\/i0.wp.com\/sinembargo.mx\/wp-content\/uploads\/2020\/08\/lozoyavideepn.jpg\" alt=\"\"><\/p>\n\n\n\n<h4 class=\"wp-block-heading\"><a href=\"https:\/\/www.sinembargo.mx\/12-08-2020\/3840119\">VER M\u00c1S<\/a><\/h4>\n\n\n\n<h5 class=\"wp-block-heading\"><a href=\"https:\/\/www.sinembargo.mx\/12-08-2020\/3840119\" target=\"_blank\" rel=\"noreferrer noopener\">Lozoya hunde a Videgaray y Pe\u00f1a para salvarse y embarra a Meade, Calder\u00f3n, senadores, diputados\u2026<\/a><\/h5>\n\n\n\n<p>D\u00edas despu\u00e9s, el 10 de octubre, Videgaray Caso neg\u00f3 que estuviera pensando en abandonar su puesto como profesor titular en el Instituto Tecnol\u00f3gico de Massachussetts (MIT, por sus siglas en ingl\u00e9s) para&nbsp;buscar refugio en Israel,&nbsp;como revel\u00f3 el periodista Salvador Garc\u00eda Soto en&nbsp;<em>El Universal<\/em>.<\/p>\n\n\n\n<p>El desmentido de Videgaray Caso fue confirmado por la periodista Dolia Est\u00e9vez, mediante un correo electr\u00f3nico.<\/p>\n\n\n\n<p>Est\u00e9vez envi\u00f3 un correo al exfuncionario con EPN para preguntarle si abandonar\u00eda su puesto en el MIT, a lo que Videgaray Caso respondi\u00f3 que era \u201cabsolutamente falso\u201d.<\/p>\n\n\n\n<blockquote class=\"wp-block-quote is-layout-flow wp-block-quote-is-layout-flow\"><p>\u201c\u2018Es absolutamente falso\u2019, me acaba de responder Luis Videgaray desmintiendo la columna de Salvador Garc\u00eda Soto de que \u2018ha decidido dejar\u2019 MIT para mudarse a Israel\u201d, detall\u00f3 en su cuenta de Twitter.<\/p><\/blockquote>\n\n\n\n<figure class=\"wp-block-image size-large\"><img decoding=\"async\" width=\"1024\" height=\"735\" src=\"https:\/\/losperiodistas.com.mx\/portal\/wp-content\/uploads\/2020\/11\/Captura-de-Pantalla-2020-11-03-a-las-6.05.26-1024x735.jpg\" alt=\"\" class=\"wp-image-803\" srcset=\"https:\/\/losperiodistas.com.mx\/portal\/wp-content\/uploads\/2020\/11\/Captura-de-Pantalla-2020-11-03-a-las-6.05.26-1024x735.jpg 1024w, https:\/\/losperiodistas.com.mx\/portal\/wp-content\/uploads\/2020\/11\/Captura-de-Pantalla-2020-11-03-a-las-6.05.26-300x215.jpg 300w, https:\/\/losperiodistas.com.mx\/portal\/wp-content\/uploads\/2020\/11\/Captura-de-Pantalla-2020-11-03-a-las-6.05.26-768x551.jpg 768w, https:\/\/losperiodistas.com.mx\/portal\/wp-content\/uploads\/2020\/11\/Captura-de-Pantalla-2020-11-03-a-las-6.05.26.jpg 1126w\" sizes=\"(max-width: 1024px) 100vw, 1024px\" \/><\/figure>\n\n\n\n<p>De acuerdo con el columnista, el plan del exsecretario de Hacienda y Cr\u00e9dito P\u00fablico con Enrique Pe\u00f1a Nieto, habr\u00eda pensado en refugiarse en Israel por lo \u201ccomplicado y exigente del Tratada de Extradici\u00f3n entre ambos pa\u00edses\u201d.<\/p>\n\n\n\n<p>Aparentemente, relata el periodista en su columna, Videgaray se habr\u00eda enterado de algo mediante sus abogados, por lo que&nbsp;tendr\u00eda decidido dejar su puesto como director del Proyecto Mundial sobre Pol\u00edticas de Inteligencia Artificial&nbsp;en el MIT.<\/p>\n\n\n\n<blockquote class=\"wp-block-quote is-layout-flow wp-block-quote-is-layout-flow\"><p>\u201cLa decisi\u00f3n del otrora poderoso funcionario confirma que, aunque ya no se difundieron m\u00e1s videos ni el presidente L\u00f3pez Obrador volvi\u00f3 a hablar del caso Lozoya ni de su \u2019escandalosa corrupci\u00f3n\u2019 las investigaciones de la FGR contin\u00faan y con ellas la documentaci\u00f3n de pruebas y elementos suficientes para acreditas por dichos y acusaciones del exdirector de Pemex contra pol\u00edticos del sexenio pasado, que, si as\u00ed lo determina la Fiscal\u00eda, pod\u00edan ser citados a declarar o bien sujetos a una investigaci\u00f3n sobre los delitos que les imputa Lozoya y eventualmente se les podr\u00edan librar \u00f3rdenes de aprehensi\u00f3n si as\u00ed lo ordenan los jueces\u201d, asever\u00f3.<\/p><\/blockquote>\n\n\n\n<p>Apenas el pasado 17 de septiembre, el rector del MIT, Mart\u00edn A. Schmidt, defendi\u00f3 la estancia de Luis Videgaray Caso, exsecretario de Hacienda y de Relaciones Exteriores de M\u00e9xico, como profesor titular en esa universidad, ya que no hay cargos en su contra por ning\u00fan delito.<img loading=\"lazy\" decoding=\"async\" src=\"https:\/\/i0.wp.com\/sinembargo.mx\/wp-content\/uploads\/2020\/11\/videgaray.jpeg\" alt=\"\" width=\"700\" height=\"481\" srcset=\"https:\/\/i0.wp.com\/sinembargo.mx\/wp-content\/uploads\/2020\/11\/videgaray.jpeg 700w, https:\/\/i0.wp.com\/sinembargo.mx\/wp-content\/uploads\/2020\/11\/videgaray-300x206.jpeg 300w\"><\/p>\n\n\n\n<p>Videgaray fue pieza clave en el sexenio de Pe\u00f1a Nieto. Foto: Artemio Guerra Baz, Cuartoscuro.<\/p>\n\n\n\n<blockquote class=\"wp-block-quote is-layout-flow wp-block-quote-is-layout-flow\"><p>\u201cEl se\u00f1or Videgaray ha emitido un comunicado p\u00fablico defendiendo su historial como servidor p\u00fablico y rechazando las denuncias que se han realizado y, en particular, no se han presentado cargos en su contra. El Sr. Videgaray sigue siendo un miembro bienvenido de la comunidad del MIT\u201c, se lee en una breve carta firmada por el Rector, y los decanos David C. Schmittlein y Daniel Huttenlocher.<\/p><\/blockquote>\n\n\n\n<p>Estas declaraciones se dan luego de que alumnos y exestudiantes mexicanos que se encuentran afiliados a la universidad estadounidense pidieran que Videgaray Caso fuera destituido por encontrase supuestamente involucrado en los casos de corrupci\u00f3n de Odebrecht ocurridos durante el Gobierno del Presidente Enrique Pe\u00f1a Nieto.<\/p>\n\n\n\n<p>A lo largo de la misiva, publicada por el peri\u00f3dico estudiantil The Tech, el Rector y los decanos consideraron que el exfuncionario federal \u201cha sido un contribuidor valioso tanto para el Colegio Sloan como para el de Computaci\u00f3n, de los que es parte de los esfuerzos de MIT para crear una colaboraci\u00f3n global en la pol\u00edtica de IA (inteligencia artificial)\u201d.<\/p>\n\n\n\n<blockquote class=\"wp-block-quote is-layout-flow wp-block-quote-is-layout-flow\"><p>\u201cSu comprensi\u00f3n de la formulaci\u00f3n de pol\u00edticas y las relaciones gubernamentales es un activo para nuestro trabajo, al igual que su compromiso con los estudiantes y otros miembros de la comunidad\u201d, subrayaron en el documento.<\/p><\/blockquote>\n\n\n\n<p><img decoding=\"async\" src=\"https:\/\/i0.wp.com\/sinembargo.mx\/wp-content\/uploads\/2020\/10\/videgaray.jpeg\" alt=\"\"><\/p>\n\n\n\n<h4 class=\"wp-block-heading\"><a href=\"https:\/\/www.sinembargo.mx\/10-10-2020\/3874700\">VER M\u00c1S<\/a><\/h4>\n\n\n\n<h5 class=\"wp-block-heading\"><a href=\"https:\/\/www.sinembargo.mx\/10-10-2020\/3874700\" target=\"_blank\" rel=\"noreferrer noopener\">\u201cEs absolutamente falso\u201d, dice Videgaray a Dolia Est\u00e9vez sobre dejar el MIT y refugiarse en Israel<\/a><\/h5>\n\n\n\n<p>D\u00edas antes, alumnos del MIT publicaron en The Tech, rotativo estudiantil del Instituto Tecnol\u00f3gico de Massachusetts (MIT), una carta en la que ped\u00edan la salida de Luis Videgaray por su presunta participaci\u00f3n en diversos actos de corrupci\u00f3n.<\/p>\n\n\n\n<p>\u201cHace un a\u00f1o, el Instituto de Tecnolog\u00eda de Massachusetts (MIT por sus siglas en ingl\u00e9s) se vio envuelto en un horrendo esc\u00e1ndalo que involucra al traficante de menores Jeffrey Epstein. Esto llev\u00f3 a la salida del ahora ex-director del MIT Media Lab, Joi Ito. Ahora hay otro miembro del cuerpo docente que est\u00e1 envuelto en esc\u00e1ndalos: el pol\u00edtico mexicano Luis Videgaray Caso, quien enfrenta acusaciones e investigaciones por corrupci\u00f3n, abuso de poder, asociaci\u00f3n criminal, cr\u00edmenes electorales, lavado de dinero y conflicto de inter\u00e9s\u201d, dijeron en la carta publicada el mi\u00e9rcoles 9 de septiembre con el t\u00edtulo \u201cPor qu\u00e9 Luis Videgaray Caso debe salir del MIT\u201d.<\/p>\n\n\n\n<p>\u201cEl MIT vio como un valor agregado la carrera pol\u00edtica de Videgaray al contratarlo. Sin embargo, a lo largo de su carrera, Videgaray ha sido objeto de m\u00faltiples investigaciones period\u00edsticas y demandas que no solo involucran a su figura sino tambi\u00e9n a las agencias gubernamentales que ha dirigido en maniobras corruptas\u201d, a\u00f1adieron la carta, la cual se encuentra firmada por Patricia Arnal Luna, Rodrigo Escand\u00f3n Cesarman, Leonardo Escudero y Alonso Espinosa Dominguez.<\/p>\n\n\n\n<p><em>-Con informaci\u00f3n de EFE<\/em><\/p>\n\n\n\n<p>Fuente: https:\/\/www.sinembargo.mx\/03-11-2020\/3887425<\/p>\n","protected":false},"excerpt":{"rendered":"<p>Emilio Lozoya acus\u00f3 a Luis Videgaray Caso de formar parte de la trama de sobornos generada por la empresa Odebrecht [&hellip;]<\/p>\n","protected":false},"author":1,"featured_media":804,"comment_status":"open","ping_status":"open","sticky":false,"template":"","format":"standard","meta":{"site-sidebar-layout":"default","site-content-layout":"","ast-site-content-layout":"default","site-content-style":"default","site-sidebar-style":"default","ast-global-header-display":"","ast-banner-title-visibility":"","ast-main-header-display":"","ast-hfb-above-header-display":"","ast-hfb-below-header-display":"","ast-hfb-mobile-header-display":"","site-post-title":"","ast-breadcrumbs-content":"","ast-featured-img":"","footer-sml-layout":"","theme-transparent-header-meta":"","adv-header-id-meta":"","stick-header-meta":"","header-above-stick-meta":"","header-main-stick-meta":"","header-below-stick-meta":"","astra-migrate-meta-layouts":"default","ast-page-background-enabled":"default","ast-page-background-meta":{"desktop":{"background-color":"var(--ast-global-color-4)","background-image":"","background-repeat":"repeat","background-position":"center center","background-size":"auto","background-attachment":"scroll","background-type":"","background-media":"","overlay-type":"","overlay-color":"","overlay-opacity":"","overlay-gradient":""},"tablet":{"background-color":"","background-image":"","background-repeat":"repeat","background-position":"center center","background-size":"auto","background-attachment":"scroll","background-type":"","background-media":"","overlay-type":"","overlay-color":"","overlay-opacity":"","overlay-gradient":""},"mobile":{"background-color":"","background-image":"","background-repeat":"repeat","background-position":"center center","background-size":"auto","background-attachment":"scroll","background-type":"","background-media":"","overlay-type":"","overlay-color":"","overlay-opacity":"","overlay-gradient":""}},"ast-content-background-meta":{"desktop":{"background-color":"var(--ast-global-color-5)","background-image":"","background-repeat":"repeat","background-position":"center center","background-size":"auto","background-attachment":"scroll","background-type":"","background-media":"","overlay-type":"","overlay-color":"","overlay-opacity":"","overlay-gradient":""},"tablet":{"background-color":"var(--ast-global-color-5)","background-image":"","background-repeat":"repeat","background-position":"center center","background-size":"auto","background-attachment":"scroll","background-type":"","background-media":"","overlay-type":"","overlay-color":"","overlay-opacity":"","overlay-gradient":""},"mobile":{"background-color":"var(--ast-global-color-5)","background-image":"","background-repeat":"repeat","background-position":"center center","background-size":"auto","background-attachment":"scroll","background-type":"","background-media":"","overlay-type":"","overlay-color":"","overlay-opacity":"","overlay-gradient":""}},"footnotes":""},"categories":[8],"tags":[],"class_list":["post-801","post","type-post","status-publish","format-standard","has-post-thumbnail","hentry","category-noticias"],"_links":{"self":[{"href":"https:\/\/losperiodistas.com.mx\/portal\/wp-json\/wp\/v2\/posts\/801","targetHints":{"allow":["GET"]}}],"collection":[{"href":"https:\/\/losperiodistas.com.mx\/portal\/wp-json\/wp\/v2\/posts"}],"about":[{"href":"https:\/\/losperiodistas.com.mx\/portal\/wp-json\/wp\/v2\/types\/post"}],"author":[{"embeddable":true,"href":"https:\/\/losperiodistas.com.mx\/portal\/wp-json\/wp\/v2\/users\/1"}],"replies":[{"embeddable":true,"href":"https:\/\/losperiodistas.com.mx\/portal\/wp-json\/wp\/v2\/comments?post=801"}],"version-history":[{"count":1,"href":"https:\/\/losperiodistas.com.mx\/portal\/wp-json\/wp\/v2\/posts\/801\/revisions"}],"predecessor-version":[{"id":805,"href":"https:\/\/losperiodistas.com.mx\/portal\/wp-json\/wp\/v2\/posts\/801\/revisions\/805"}],"wp:featuredmedia":[{"embeddable":true,"href":"https:\/\/losperiodistas.com.mx\/portal\/wp-json\/wp\/v2\/media\/804"}],"wp:attachment":[{"href":"https:\/\/losperiodistas.com.mx\/portal\/wp-json\/wp\/v2\/media?parent=801"}],"wp:term":[{"taxonomy":"category","embeddable":true,"href":"https:\/\/losperiodistas.com.mx\/portal\/wp-json\/wp\/v2\/categories?post=801"},{"taxonomy":"post_tag","embeddable":true,"href":"https:\/\/losperiodistas.com.mx\/portal\/wp-json\/wp\/v2\/tags?post=801"}],"curies":[{"name":"wp","href":"https:\/\/api.w.org\/{rel}","templated":true}]}}