{"id":80080,"date":"2024-07-18T12:59:22","date_gmt":"2024-07-18T17:59:22","guid":{"rendered":"https:\/\/losperiodistas.com.mx\/portal\/?p=80080"},"modified":"2024-07-18T12:59:25","modified_gmt":"2024-07-18T17:59:25","slug":"obama-se-une-a-los-lideres-democratas-que-consideran-que-biden-debe-plantearse-retirar-su-candidatura-rtve","status":"publish","type":"post","link":"https:\/\/losperiodistas.com.mx\/portal\/obama-se-une-a-los-lideres-democratas-que-consideran-que-biden-debe-plantearse-retirar-su-candidatura-rtve\/","title":{"rendered":"Obama se une a los l\u00edderes dem\u00f3cratas que consideran que Biden debe plantearse retirar su candidatura | Rtve"},"content":{"rendered":"\n<ul class=\"has-pale-cyan-blue-background-color has-background has-medium-font-size wp-block-list\"><li>Obama ha se\u00f1alado a&nbsp;<em>The Washington Post<\/em>&nbsp;que el presidente debe \u00abreconsiderar seriamente\u00bb su puesto<\/li><li>El expresidente cree que las posibilidades de Biden \u00abse han reducido considerablemente\u00bb<\/li><\/ul>\n\n\n\n<figure class=\"wp-block-image size-large\"><img fetchpriority=\"high\" decoding=\"async\" width=\"1024\" height=\"573\" src=\"https:\/\/losperiodistas.com.mx\/portal\/wp-content\/uploads\/2024\/07\/Captura-de-pantalla-2024-07-18-a-las-11.49.46\u202fa.m.-1024x573.jpg\" alt=\"\" class=\"wp-image-80081\" srcset=\"https:\/\/losperiodistas.com.mx\/portal\/wp-content\/uploads\/2024\/07\/Captura-de-pantalla-2024-07-18-a-las-11.49.46\u202fa.m.-1024x573.jpg 1024w, https:\/\/losperiodistas.com.mx\/portal\/wp-content\/uploads\/2024\/07\/Captura-de-pantalla-2024-07-18-a-las-11.49.46\u202fa.m.-300x168.jpg 300w, https:\/\/losperiodistas.com.mx\/portal\/wp-content\/uploads\/2024\/07\/Captura-de-pantalla-2024-07-18-a-las-11.49.46\u202fa.m.-768x430.jpg 768w, https:\/\/losperiodistas.com.mx\/portal\/wp-content\/uploads\/2024\/07\/Captura-de-pantalla-2024-07-18-a-las-11.49.46\u202fa.m.-1536x859.jpg 1536w, https:\/\/losperiodistas.com.mx\/portal\/wp-content\/uploads\/2024\/07\/Captura-de-pantalla-2024-07-18-a-las-11.49.46\u202fa.m.-2048x1145.jpg 2048w\" sizes=\"(max-width: 1024px) 100vw, 1024px\" \/><\/figure>\n\n\n\n<p><\/p>\n\n\n\n<p class=\"has-vivid-red-color has-text-color has-medium-font-size\"><strong>AGENCIAS \/ RTVE<\/strong><\/p>\n\n\n\n<p>El expresidente estadounidense, Barack Obama, ha se\u00f1alado a sus c\u00edrculos cercanos que el actual mandatario,&nbsp;<strong>Joe Biden<\/strong>, debe \u00abreconsiderar seriamente\u00bb el futuro de su candidatura, seg\u00fan ha publicado el peri\u00f3dico&nbsp;<em>The Washington Post<\/em>.<\/p>\n\n\n\n<p>De acuerdo con el rotativo capitalino, Obama cree que las posibilidades de victoria de Biden \u00ab<strong>se han reducido considerablemente<\/strong>\u00ab. Las declaraciones del exmandatario llegan despu\u00e9s de que la candidatura de Biden enfrentase una nueva agitaci\u00f3n&nbsp;despu\u00e9s de informes que revelaron c\u00f3mo los principales l\u00edderes dem\u00f3cratas hab\u00edan presionado en privado para&nbsp;poner fin a su campa\u00f1a.<\/p>\n\n\n\n<p>Entre los implicados se encontrar\u00eda el l\u00edder de la mayor\u00eda del Senado de Estados Unidos,&nbsp;<strong>Chuck Schumer,<\/strong>&nbsp;el l\u00edder en minor\u00eda de la C\u00e1mara de Representantes,&nbsp;<strong>Hakeem Jeffries<\/strong>, y la ex presidenta de la C\u00e1mara de Representantes,&nbsp;<strong>Nancy Pelosi<\/strong>. Todos ellos han expresado profundas preocupaciones directamente a Biden en los \u00faltimos meses&nbsp;<a href=\"https:\/\/www.rtve.es\/noticias\/20240712\/biden-llama-error-putin-zelenski-corregirse-cumbre-otan\/16183139.shtml\" target=\"_blank\" rel=\"noreferrer noopener\">tras varios deslices en p\u00fablico<\/a>, as\u00ed como su actuaci\u00f3n en el \u00faltimo debate frente al candidato republicano y expresidente,&nbsp;<strong>Donald Trump<\/strong>.<\/p>\n\n\n\n<p>De seguir en la carrera presidencial, los informes de m\u00faltiples medios de comunicaci\u00f3n del pa\u00eds temen que Biden no solo pierda la Casa Blanca, tambi\u00e9n la posibilidad de recuperar la C\u00e1mara de&nbsp;Representantes en las elecciones del 5 de noviembre.<\/p>\n\n\n\n<p>Adem\u00e1s de los comentarios de sus compa\u00f1eros de partido, los problemas de Biden se agravaron el mi\u00e9rcoles cuando&nbsp;<a href=\"https:\/\/www.rtve.es\/play\/videos\/telediario-1\/biden-cancela-actos-campana-positivo-covid-candidatura\/16190771\/\" target=\"_blank\" rel=\"noreferrer noopener\">dio positivo en la prueba de COVID-19&nbsp;<\/a>durante una visita de campa\u00f1a a Nevada, lo que lo ha obligado a regresar a su casa de Delaware para trabajar de forma aislada.<\/p>\n\n\n\n<p>El presidente estadounidense ya no se encuentra tan decidido en continuar con su carrera pol\u00edtica despu\u00e9s de que hace unos d\u00edas indicase que,\u00a0<a href=\"https:\/\/www.rtve.es\/noticias\/20240709\/medico-biden-insiste-presidente-eeuu-no-sido-tratado-por-parkinson\/16179182.shtml\" target=\"_blank\" rel=\"noreferrer noopener\">en el caso de ser diagnosticado con una dolencia m\u00e9dica<\/a>, renunciar\u00eda a su candidatura.<\/p>\n\n\n\n<figure class=\"wp-block-embed is-type-rich is-provider-twitter wp-block-embed-twitter\"><div class=\"wp-block-embed__wrapper\">\nhttps:\/\/twitter.com\/radio5_rne\/status\/1813977821028737429?ref_src=twsrc%5Etfw%7Ctwcamp%5Etweetembed%7Ctwterm%5E1813977821028737429%7Ctwgr%5Ed197f6cbbf395c8c2a30829db535a5455a1cddbc%7Ctwcon%5Es1_c10&#038;ref_url=https%3A%2F%2Fwww.rtve.es%2Fnoticias%2F20240718%2Fobama-cree-biden-debe-reconsiderar-futuro-candidatura-segun-the-washington-post%2F16191089.shtml\n<\/div><\/figure>\n\n\n\n<h2 class=\"wp-block-heading\">Obama mantuvo contactos con Pelosi para hablar sobre la reelecci\u00f3n de Biden<\/h2>\n\n\n\n<p>De acuerdo con The Washington Post, Obama mantuvo contactos con la influyente dirigente dem\u00f3crata Nancy Pelosi, expresidenta de la C\u00e1mara de Representantes, que se ha mostrado cr\u00edptica en sus declaraciones p\u00fablicas sobre el futuro de Biden.<\/p>\n\n\n\n<p>De hecho, en privado, Pelosi le habr\u00eda dicho a Biden que no tiene posibilidades de ganar a Trump en noviembre, seg\u00fan ha informado la CNN. En general, el peri\u00f3dico estadounidense indica que Obama parece haber expresado a c\u00edrculos cercanos su preocupaci\u00f3n por los n\u00fameros que muestran las encuestas, que dan una&nbsp;<a href=\"https:\/\/www.rtve.es\/play\/videos\/telediario-2\/trump-se-convierte-icono-tras-salir-ileso-su-intento-asesinato\/16189886\/\" target=\"_blank\" rel=\"noreferrer noopener\">clara victoria a Trump<\/a>, y por el hecho que algunos donantes de campa\u00f1a est\u00e9n abandonando al presidente.&nbsp;<\/p>\n\n\n\n<p>En una entrevista grabada para Univisi\u00f3n antes de conocer el estado de salud de Biden el mi\u00e9rcoles, el presidente reafirm\u00f3 su intenci\u00f3n de mantenerse en la contienda y rechaz\u00f3 los llamados de miembros de su partido, donantes y comentaristas televisivos para que ceda el testigo a un candidato m\u00e1s joven para enfrentarse a Trump en noviembre.<a href=\"https:\/\/www.rtve.es\/noticias\/20240715\/como-afectara-atentado-trump-carrera-elecciones-presidenciales-noviembre-eeuu\/16185848.shtml\"><strong>\u00bfC\u00f3mo afectar\u00e1 el atentado contra Trump a la carrera de las elecciones presidenciales de noviembre en EE.UU.?<\/strong><em>ADRI\u00c1N ROMERO<\/em><\/a><\/p>\n\n\n\n<p>\u00abCon la edad viene la sabidur\u00eda. Conozco la diferencia entre la verdad y la mentira, lo bueno y lo malo.&nbsp;<a href=\"https:\/\/www.rtve.es\/noticias\/20240713\/biden-vuelve-campana-atrinchera-candidatura\/16184892.shtml\" target=\"_blank\" rel=\"noreferrer noopener\">S\u00e9 lo que hay que hacer<\/a>. Hemos logrado m\u00e1s en cuatro a\u00f1os para el pueblo estadounidense y la comunidad latina que cualquier otro presidente en un periodo similar\u00bb, ha argumentado Biden en su defensa.<\/p>\n\n\n\n<h2 class=\"wp-block-heading\">M\u00e1s de 20 dem\u00f3cratas en el Congreso y el Senado piden que Biden abandone el cargo<\/h2>\n\n\n\n<p>La campa\u00f1a de reelecci\u00f3n de Biden se encuentra en la cuerda floja, con cuatro de los siete Estados mas competitivos cada vez m\u00e1s lejos de obtener mayor\u00eda dem\u00f3crata que apoyaran al presidente en las elecciones. Por el momento,&nbsp;<strong>22 de 264 diputados dem\u00f3cratas en el Congreso y 1 senador<\/strong>&nbsp;han pedido&nbsp;expl\u00edcitamente que Biden abandone su cargo tras el pobre desempe\u00f1o que tuvo en el debate contra Trump en junio.<\/p>\n\n\n\n<p>Asimismo, la capacidad de Biden para ganar y continuar en un trabajo de alta presi\u00f3n&nbsp;durante otros cuatro a\u00f1os si tuviera \u00e9xito est\u00e1n en entredicho tanto por parte de la oposici\u00f3n como por notables figuras pol\u00edticas del Partido Dem\u00f3crata,&nbsp;<a href=\"https:\/\/www.rtve.es\/play\/audios\/24-horas\/24-horas-rne-carlota-garcia-encina-hay-democratas-piensan-esta-carrera-ya-se-perdido\/16187238\/\" target=\"_blank\" rel=\"noreferrer noopener\">adem\u00e1s del electorado<\/a>.<a href=\"https:\/\/www.rtve.es\/noticias\/20240711\/peticion-biden-george-clooney-retire-elecciones\/16181972.shtml\"><strong>George Clooney se suma a las voces que piden que Biden se retire: \u00abNo vamos a ganar en noviembre con este presidente\u00bb<\/strong><\/a><\/p>\n\n\n\n<p>El representante&nbsp;<strong>Adam Schiff<\/strong>, un alto legislador dem\u00f3crata de la C\u00e1mara que se postula&nbsp;para un esca\u00f1o en el Senado de California, se ha convertido en la \u00faltima figura en pedir a Biden que deje su candidatura. Los funcionarios de la Casa Blanca creen que Schiff estaba respaldado por Pelosi, seg\u00fan una fuente de la Casa Blanca que ha hablado a condici\u00f3n de&nbsp;anonimato ante la agencia de noticias EFE.<\/p>\n\n\n\n<p>Estas acciones podr\u00edan ser una se\u00f1al ominosa para Biden, ya que&nbsp;Pelosi sigue siendo&nbsp;<strong>una de las m\u00e1s influyentes pol\u00edticas dem\u00f3cratas<\/strong>&nbsp;en Washington. \u00abNancy est\u00e1 en todo esto\u00bb, ha alegado la fuente de la Casa Blanca a la agencia.<\/p>\n\n\n\n<h2 class=\"wp-block-heading\">Unidad republicana frente a la divisi\u00f3n dem\u00f3crata<\/h2>\n\n\n\n<p>Entre la debacle entre Biden y la formaci\u00f3n dem\u00f3crata, Donald Trump culminar\u00e1 la Conferencia Nacional Republicana de cuatro d\u00edas en Milwaukee con su&nbsp;<strong>primer discurso p\u00fablico desde que&nbsp;sobreviviera a un intento de asesinato<\/strong>&nbsp;en Pensilvania. El personal de la campa\u00f1a dice que aquello lo ha impulsado a revisar su discurso de aceptaci\u00f3n para enfatizar la inclusi\u00f3n, en lugar de&nbsp;centrarlo en ataques a los dem\u00f3cratas de Biden.<\/p>\n\n\n\n<p>\u00abNo creo que puedas pasar por lo que \u00e9l pas\u00f3 en&nbsp;s\u00e1bado, realmente&nbsp;<strong>fue una experiencia cercana a la muerte<\/strong>\u00ab, dijo la nuera de Trump,&nbsp;<strong>Lara Trump<\/strong>, quien se desempe\u00f1a como copresidenta Comit\u00e9 Nacional Republicano.<\/p>\n\n\n\n<p>Lo que ha puesto de manifiesto la convenci\u00f3n es la la unidad republicana, en&nbsp; contraste con las divisiones que agitan a los dem\u00f3cratas, con antiguos rivales, incluido el gobernador de Florida,&nbsp;<strong>Ron DeSantis<\/strong>, y la ex gobernadora de Carolina del Sur,&nbsp;<strong>Nikki Haley<\/strong>,&nbsp;<a href=\"https:\/\/www.rtve.es\/noticias\/20240717\/desantis-pide-voto-por-trump-convencion-nacional-republicana\/16188737.shtml\" target=\"_blank\" rel=\"noreferrer noopener\">ofreciendo un firme respaldo<\/a>&nbsp;a&nbsp;la candidatura de Trump.<a href=\"https:\/\/www.rtve.es\/noticias\/20240718\/vance-rinde-pleitesia-trump-afirma-primer-discurso-unidos-para-ganar\/16190008.shtml\"><strong>Vance rinde pleites\u00eda a Trump y afirma en su primer discurso que est\u00e1n \u00abunidos para ganar\u00bb: \u00abLo dar\u00e9 todo a su servicio\u00bb<\/strong><\/a><\/p>\n\n\n\n<p>El tiempo corre en contra de los dem\u00f3cratas, que deben decidir si finalmente respaldan a un Biden debilitado en las encuestas y ante sus votantes o confiar en que el presidente d\u00e9 paso a un nuevo candidato que sea capaz de rivalizar con un Trump cada vez m\u00e1s exitoso.<\/p>\n\n\n\n<p>Fuente: <a href=\"https:\/\/www.rtve.es\/noticias\/20240718\/obama-cree-biden-debe-reconsiderar-futuro-candidatura-segun-the-washington-post\/16191089.shtml\">https:\/\/www.rtve.es\/noticias\/20240718\/obama-cree-biden-debe-reconsiderar-futuro-candidatura-segun-the-washington-post\/16191089.shtml<\/a><\/p>\n","protected":false},"excerpt":{"rendered":"<p>Obama ha se\u00f1alado a&nbsp;The Washington Post&nbsp;que el presidente debe \u00abreconsiderar seriamente\u00bb su puesto El expresidente cree que las posibilidades de [&hellip;]<\/p>\n","protected":false},"author":1,"featured_media":80081,"comment_status":"open","ping_status":"open","sticky":false,"template":"","format":"standard","meta":{"site-sidebar-layout":"default","site-content-layout":"","ast-site-content-layout":"default","site-content-style":"default","site-sidebar-style":"default","ast-global-header-display":"","ast-banner-title-visibility":"","ast-main-header-display":"","ast-hfb-above-header-display":"","ast-hfb-below-header-display":"","ast-hfb-mobile-header-display":"","site-post-title":"","ast-breadcrumbs-content":"","ast-featured-img":"","footer-sml-layout":"","theme-transparent-header-meta":"","adv-header-id-meta":"","stick-header-meta":"","header-above-stick-meta":"","header-main-stick-meta":"","header-below-stick-meta":"","astra-migrate-meta-layouts":"default","ast-page-background-enabled":"default","ast-page-background-meta":{"desktop":{"background-color":"var(--ast-global-color-4)","background-image":"","background-repeat":"repeat","background-position":"center center","background-size":"auto","background-attachment":"scroll","background-type":"","background-media":"","overlay-type":"","overlay-color":"","overlay-opacity":"","overlay-gradient":""},"tablet":{"background-color":"","background-image":"","background-repeat":"repeat","background-position":"center center","background-size":"auto","background-attachment":"scroll","background-type":"","background-media":"","overlay-type":"","overlay-color":"","overlay-opacity":"","overlay-gradient":""},"mobile":{"background-color":"","background-image":"","background-repeat":"repeat","background-position":"center center","background-size":"auto","background-attachment":"scroll","background-type":"","background-media":"","overlay-type":"","overlay-color":"","overlay-opacity":"","overlay-gradient":""}},"ast-content-background-meta":{"desktop":{"background-color":"var(--ast-global-color-5)","background-image":"","background-repeat":"repeat","background-position":"center center","background-size":"auto","background-attachment":"scroll","background-type":"","background-media":"","overlay-type":"","overlay-color":"","overlay-opacity":"","overlay-gradient":""},"tablet":{"background-color":"var(--ast-global-color-5)","background-image":"","background-repeat":"repeat","background-position":"center center","background-size":"auto","background-attachment":"scroll","background-type":"","background-media":"","overlay-type":"","overlay-color":"","overlay-opacity":"","overlay-gradient":""},"mobile":{"background-color":"var(--ast-global-color-5)","background-image":"","background-repeat":"repeat","background-position":"center center","background-size":"auto","background-attachment":"scroll","background-type":"","background-media":"","overlay-type":"","overlay-color":"","overlay-opacity":"","overlay-gradient":""}},"footnotes":""},"categories":[8],"tags":[23728,27671,27672,13733],"class_list":["post-80080","post","type-post","status-publish","format-standard","has-post-thumbnail","hentry","category-noticias","tag-elecciones-estados-unidos","tag-joe-biden-retiro","tag-obama-pide-sa-biden-retiro","tag-partido-democrata"],"_links":{"self":[{"href":"https:\/\/losperiodistas.com.mx\/portal\/wp-json\/wp\/v2\/posts\/80080","targetHints":{"allow":["GET"]}}],"collection":[{"href":"https:\/\/losperiodistas.com.mx\/portal\/wp-json\/wp\/v2\/posts"}],"about":[{"href":"https:\/\/losperiodistas.com.mx\/portal\/wp-json\/wp\/v2\/types\/post"}],"author":[{"embeddable":true,"href":"https:\/\/losperiodistas.com.mx\/portal\/wp-json\/wp\/v2\/users\/1"}],"replies":[{"embeddable":true,"href":"https:\/\/losperiodistas.com.mx\/portal\/wp-json\/wp\/v2\/comments?post=80080"}],"version-history":[{"count":1,"href":"https:\/\/losperiodistas.com.mx\/portal\/wp-json\/wp\/v2\/posts\/80080\/revisions"}],"predecessor-version":[{"id":80082,"href":"https:\/\/losperiodistas.com.mx\/portal\/wp-json\/wp\/v2\/posts\/80080\/revisions\/80082"}],"wp:featuredmedia":[{"embeddable":true,"href":"https:\/\/losperiodistas.com.mx\/portal\/wp-json\/wp\/v2\/media\/80081"}],"wp:attachment":[{"href":"https:\/\/losperiodistas.com.mx\/portal\/wp-json\/wp\/v2\/media?parent=80080"}],"wp:term":[{"taxonomy":"category","embeddable":true,"href":"https:\/\/losperiodistas.com.mx\/portal\/wp-json\/wp\/v2\/categories?post=80080"},{"taxonomy":"post_tag","embeddable":true,"href":"https:\/\/losperiodistas.com.mx\/portal\/wp-json\/wp\/v2\/tags?post=80080"}],"curies":[{"name":"wp","href":"https:\/\/api.w.org\/{rel}","templated":true}]}}