{"id":80044,"date":"2024-07-18T08:53:55","date_gmt":"2024-07-18T13:53:55","guid":{"rendered":"https:\/\/losperiodistas.com.mx\/portal\/?p=80044"},"modified":"2024-07-18T08:53:57","modified_gmt":"2024-07-18T13:53:57","slug":"paris-restringe-el-acceso-a-las-orillas-del-sena-ocho-dias-antes-de-los-juegos-el-economista","status":"publish","type":"post","link":"https:\/\/losperiodistas.com.mx\/portal\/paris-restringe-el-acceso-a-las-orillas-del-sena-ocho-dias-antes-de-los-juegos-el-economista\/","title":{"rendered":"Par\u00eds restringe el acceso a las orillas del Sena ocho d\u00edas antes de los Juegos | El Economista"},"content":{"rendered":"\n<p class=\"has-medium-font-size\">Las autoridades parisinas pusieron en marcha a partir de la madrugada de este jueves los controles de acceso al r\u00edo Sena, el cual ser\u00e1 escenario de la inauguraci\u00f3n de los Juegos Ol\u00edmpicos 2024 el 26 de julio.<\/p>\n\n\n\n<figure class=\"wp-block-image size-large\"><img fetchpriority=\"high\" decoding=\"async\" width=\"1024\" height=\"575\" src=\"https:\/\/losperiodistas.com.mx\/portal\/wp-content\/uploads\/2024\/07\/Captura-de-Pantalla-2024-07-18-a-las-7.49.47-1024x575.jpg\" alt=\"\" class=\"wp-image-80045\" srcset=\"https:\/\/losperiodistas.com.mx\/portal\/wp-content\/uploads\/2024\/07\/Captura-de-Pantalla-2024-07-18-a-las-7.49.47-1024x575.jpg 1024w, https:\/\/losperiodistas.com.mx\/portal\/wp-content\/uploads\/2024\/07\/Captura-de-Pantalla-2024-07-18-a-las-7.49.47-300x168.jpg 300w, https:\/\/losperiodistas.com.mx\/portal\/wp-content\/uploads\/2024\/07\/Captura-de-Pantalla-2024-07-18-a-las-7.49.47-768x431.jpg 768w, https:\/\/losperiodistas.com.mx\/portal\/wp-content\/uploads\/2024\/07\/Captura-de-Pantalla-2024-07-18-a-las-7.49.47.jpg 1514w\" sizes=\"(max-width: 1024px) 100vw, 1024px\" \/><figcaption>Foto: AFP<\/figcaption><\/figure>\n\n\n\n<p>AFP \/ El Economista<\/p>\n\n\n\n<p>\u00abAh\u00ed est\u00e1 el per\u00edmetro rojo, aqu\u00ed el per\u00edmetro gris\u00bb dice un gendarme en la plaza Palais Royal de Par\u00eds, donde ha entrado en vigor la&nbsp;<strong>restricci\u00f3n de acceso a las orillas del Sena<\/strong>&nbsp;ocho d\u00edas antes de&nbsp;<a href=\"https:\/\/www.eleconomista.com.mx\/internacionales\/Autoridades-de-Paris-se-banan-en-el-Sena-para-demostrar-la-pureza-del-agua-para-los-Juegos-Olimpicos-20240717-0068.html\">los Juegos Ol\u00edmpicos<\/a>.<\/p>\n\n\n\n<p>El per\u00edmetro \u00abgris\u00bb, tambi\u00e9n llamado per\u00edmetro de Seguridad Interna y Lucha contra el Terrorismo (SILT), entr\u00f3 en vigor en la madrugada de este jueves. En toda la capital hay controles para acceder a las orillas del Sena.https:\/\/geo.dailymotion.com\/player\/x9ws1.html?playlist=x7lrcy&amp;mute=true<\/p>\n\n\n\n<p>Seg\u00fan un balance de la prefectura de polic\u00eda realizado durante la ma\u00f1ana de este jueves, \u00abel 90% de los usuarios han podido acceder al per\u00edmetro y entre el 10% de denegaciones, el 98% son personas con pase para la z<strong>ona roja alrededor de las sedes ol\u00edmpicas<\/strong>\u00ab, que a\u00fan no se ha activado.<\/p>\n\n\n\n<p>En las rejas que han instalado&nbsp;<strong>frente al museo del Louvre<\/strong>, un grupo de turistas y parisinos intenta pasar el control. Cuatro gendarmes controlan el pase de acceso, en forma de c\u00f3digo QR.<\/p>\n\n\n\n<p>\u00abHoy vamos a ser amables\u00bb dice un gendarme a In\u00e8s, que se dirige a su trabajo y respira aliviada.<\/p>\n\n\n\n<p>A esta zona pueden acceder residentes, profesionales y visitantes, a condici\u00f3n de que tengan un comprobante de reserva de un hotel, un museo o un restaurante.<\/p>\n\n\n\n<p>Tras franquear la barrera hay que someterse a un r\u00e1pido&nbsp;<strong>registro corporal<\/strong>. In\u00e9s llega por fin a la Rue Rivoli, normalmente saturada de tr\u00e1fico y ahora casi desierta tras la prohibici\u00f3n de circular por la zona.<\/p>\n\n\n\n<p>Pauline, una abogada, a\u00fan no pudo obtener su pase a pesar haberlo pedido \u00abhace tres semanas\u00bb.<\/p>\n\n\n\n<figure class=\"wp-block-embed\"><div class=\"wp-block-embed__wrapper\">\nhttps:\/\/d514002c09e2d7c2254fae3bd61912e4.safeframe.googlesyndication.com\/safeframe\/1-0-40\/html\/container.html?n=0\n<\/div><\/figure>\n\n\n\n<p>\u00abDurante las primeras 24 horas habr\u00e1 controles con pedagog\u00eda, con flexibilidad, pero s\u00f3lo para residentes y trabajadores permanentes\u00bb de la zona gris, dijo el prefecto de polic\u00eda de la capital francesa, Laurent N\u00fa\u00f1ez.<\/p>\n\n\n\n<h2 class=\"wp-block-heading\">\u00ab\u00bfPuedo pasar?\u00bb<\/h2>\n\n\n\n<p>Al otro lado del Sena, frente al puente de Saint-Michel, se repiten las mismas escenas.<\/p>\n\n\n\n<p>\u00ab\u00bfPuedo pasar?\u00bb, pregunta un transe\u00fante a los polic\u00edas que bloquean la acera y la calle. \u00abSin un c\u00f3digo QR, no es posible, se\u00f1or\u00bb, responden.<\/p>\n\n\n\n<p>Casi&nbsp;<strong>300,000 personas tienen derecho a un pase<\/strong>, seg\u00fan el prefecto de polic\u00eda.<\/p>\n\n\n\n<p>En esta zona, env\u00edan a los ciclistas y peatones a los que se les rechaz\u00f3 el paso al puente Notre-Dame cercano, todav\u00eda abierto al tr\u00e1fico.<\/p>\n\n\n\n<p>Thiong Tran, que vive en las afueras de Par\u00eds, quer\u00eda mostrar el mercado floral cerca de Notre Dame a su familia, que ha venido de Polonia. Pero no podr\u00e1 ser.<\/p>\n\n\n\n<p>\u00abNi siquiera s\u00e9 si lograremos subir a un barco en el Sena\u00bb, dice.<\/p>\n\n\n\n<p>Cerca del gran edificio del ayuntamiento de la ciudad, un agente env\u00eda a los peatones que no tienen pase al mismo&nbsp;<strong>puente de Notre-Dame<\/strong>, a 200 metros.<\/p>\n\n\n\n<p>\u00abCuando llegue a la oficina estar\u00e9 sudando\u00bb, se queja una mujer de 43 a\u00f1os que tiene que tomar un desv\u00edo.<\/p>\n\n\n\n<p>Xavier Bosert, de 31 a\u00f1os, tiene que cruzar todo Par\u00eds en bicicleta de sur a norte para llegar a la localidad de Pantin.<\/p>\n\n\n\n<p>\u00abAl menos podr\u00edan haber organizado mejor el tr\u00e1fico para los Juegos Ol\u00edmpicos\u00bb, lamenta.<\/p>\n\n\n\n<p>Fuente: <a href=\"https:\/\/www.eleconomista.com.mx\/internacionales\/Paris-restringe-el-acceso-a-las-orillas-del-Sena-ocho-dias-antes-de-los-Juegos-20240718-0017.html\">https:\/\/www.eleconomista.com.mx\/internacionales\/Paris-restringe-el-acceso-a-las-orillas-del-Sena-ocho-dias-antes-de-los-Juegos-20240718-0017.html<\/a><\/p>\n","protected":false},"excerpt":{"rendered":"<p>Las autoridades parisinas pusieron en marcha a partir de la madrugada de este jueves los controles de acceso al r\u00edo [&hellip;]<\/p>\n","protected":false},"author":1,"featured_media":80045,"comment_status":"open","ping_status":"open","sticky":false,"template":"","format":"standard","meta":{"site-sidebar-layout":"default","site-content-layout":"","ast-site-content-layout":"default","site-content-style":"default","site-sidebar-style":"default","ast-global-header-display":"","ast-banner-title-visibility":"","ast-main-header-display":"","ast-hfb-above-header-display":"","ast-hfb-below-header-display":"","ast-hfb-mobile-header-display":"","site-post-title":"","ast-breadcrumbs-content":"","ast-featured-img":"","footer-sml-layout":"","theme-transparent-header-meta":"","adv-header-id-meta":"","stick-header-meta":"","header-above-stick-meta":"","header-main-stick-meta":"","header-below-stick-meta":"","astra-migrate-meta-layouts":"default","ast-page-background-enabled":"default","ast-page-background-meta":{"desktop":{"background-color":"var(--ast-global-color-4)","background-image":"","background-repeat":"repeat","background-position":"center center","background-size":"auto","background-attachment":"scroll","background-type":"","background-media":"","overlay-type":"","overlay-color":"","overlay-opacity":"","overlay-gradient":""},"tablet":{"background-color":"","background-image":"","background-repeat":"repeat","background-position":"center center","background-size":"auto","background-attachment":"scroll","background-type":"","background-media":"","overlay-type":"","overlay-color":"","overlay-opacity":"","overlay-gradient":""},"mobile":{"background-color":"","background-image":"","background-repeat":"repeat","background-position":"center center","background-size":"auto","background-attachment":"scroll","background-type":"","background-media":"","overlay-type":"","overlay-color":"","overlay-opacity":"","overlay-gradient":""}},"ast-content-background-meta":{"desktop":{"background-color":"var(--ast-global-color-5)","background-image":"","background-repeat":"repeat","background-position":"center center","background-size":"auto","background-attachment":"scroll","background-type":"","background-media":"","overlay-type":"","overlay-color":"","overlay-opacity":"","overlay-gradient":""},"tablet":{"background-color":"var(--ast-global-color-5)","background-image":"","background-repeat":"repeat","background-position":"center center","background-size":"auto","background-attachment":"scroll","background-type":"","background-media":"","overlay-type":"","overlay-color":"","overlay-opacity":"","overlay-gradient":""},"mobile":{"background-color":"var(--ast-global-color-5)","background-image":"","background-repeat":"repeat","background-position":"center center","background-size":"auto","background-attachment":"scroll","background-type":"","background-media":"","overlay-type":"","overlay-color":"","overlay-opacity":"","overlay-gradient":""}},"footnotes":""},"categories":[8],"tags":[82,8272],"class_list":["post-80044","post","type-post","status-publish","format-standard","has-post-thumbnail","hentry","category-noticias","tag-juegos-olimpicos-paris","tag-rio-sena"],"_links":{"self":[{"href":"https:\/\/losperiodistas.com.mx\/portal\/wp-json\/wp\/v2\/posts\/80044","targetHints":{"allow":["GET"]}}],"collection":[{"href":"https:\/\/losperiodistas.com.mx\/portal\/wp-json\/wp\/v2\/posts"}],"about":[{"href":"https:\/\/losperiodistas.com.mx\/portal\/wp-json\/wp\/v2\/types\/post"}],"author":[{"embeddable":true,"href":"https:\/\/losperiodistas.com.mx\/portal\/wp-json\/wp\/v2\/users\/1"}],"replies":[{"embeddable":true,"href":"https:\/\/losperiodistas.com.mx\/portal\/wp-json\/wp\/v2\/comments?post=80044"}],"version-history":[{"count":1,"href":"https:\/\/losperiodistas.com.mx\/portal\/wp-json\/wp\/v2\/posts\/80044\/revisions"}],"predecessor-version":[{"id":80046,"href":"https:\/\/losperiodistas.com.mx\/portal\/wp-json\/wp\/v2\/posts\/80044\/revisions\/80046"}],"wp:featuredmedia":[{"embeddable":true,"href":"https:\/\/losperiodistas.com.mx\/portal\/wp-json\/wp\/v2\/media\/80045"}],"wp:attachment":[{"href":"https:\/\/losperiodistas.com.mx\/portal\/wp-json\/wp\/v2\/media?parent=80044"}],"wp:term":[{"taxonomy":"category","embeddable":true,"href":"https:\/\/losperiodistas.com.mx\/portal\/wp-json\/wp\/v2\/categories?post=80044"},{"taxonomy":"post_tag","embeddable":true,"href":"https:\/\/losperiodistas.com.mx\/portal\/wp-json\/wp\/v2\/tags?post=80044"}],"curies":[{"name":"wp","href":"https:\/\/api.w.org\/{rel}","templated":true}]}}