{"id":80040,"date":"2024-07-18T08:40:25","date_gmt":"2024-07-18T13:40:25","guid":{"rendered":"https:\/\/losperiodistas.com.mx\/portal\/?p=80040"},"modified":"2024-07-18T08:49:59","modified_gmt":"2024-07-18T13:49:59","slug":"dia-mundial-de-la-escucha-did","status":"publish","type":"post","link":"https:\/\/losperiodistas.com.mx\/portal\/dia-mundial-de-la-escucha-did\/","title":{"rendered":"D\u00eda Mundial de la Escucha  | DID"},"content":{"rendered":"\n<div class=\"wp-block-image\"><figure class=\"alignright size-full is-resized\"><img fetchpriority=\"high\" decoding=\"async\" src=\"https:\/\/losperiodistas.com.mx\/portal\/wp-content\/uploads\/2024\/07\/07-18_dia-internacional-escucha.jpg\" alt=\"\" class=\"wp-image-80041\" width=\"456\" height=\"304\" srcset=\"https:\/\/losperiodistas.com.mx\/portal\/wp-content\/uploads\/2024\/07\/07-18_dia-internacional-escucha.jpg 305w, https:\/\/losperiodistas.com.mx\/portal\/wp-content\/uploads\/2024\/07\/07-18_dia-internacional-escucha-300x200.jpg 300w\" sizes=\"(max-width: 456px) 100vw, 456px\" \/><\/figure><\/div>\n\n\n\n<p><\/p>\n\n\n\n<p class=\"has-vivid-red-color has-text-color has-medium-font-size\"><strong>REDACCI\u00d3N D\u00cdA INTERNACIONAL DE<\/strong><\/p>\n\n\n\n<p><strong>Cada 18 de julio se celebra el D\u00eda Mundial de la Escucha o World Listening Day<\/strong>, para reflexionar acerca de c\u00f3mo los sonidos afectan nuestra vida cotidiana, as\u00ed como la b\u00fasqueda de posibles soluciones a los problemas que generan.<\/p>\n\n\n\n<p>Asimismo, se pretende dar a conocer los siguientes proyectos, relacionados con los sonidos:<\/p>\n\n\n\n<ul class=\"wp-block-list\"><li>Proyecto Paisaje Sonoro Mundial.<\/li><li>The World Listening Project.<\/li><li>Foro Mundial de Ecolog\u00eda Ac\u00fastica.<\/li><\/ul>\n\n\n\n<h2 class=\"wp-block-heading\" id=\"resTit_1\">\u00bfC\u00f3mo se origin\u00f3 el D\u00eda Mundial de la Escucha?<\/h2>\n\n\n\n<p>Este d\u00eda mundial ha sido creado en el 2010, por iniciativa de las organizaciones\u00a0<strong>World Listening Project<\/strong>\u00a0y\u00a0<strong>Midwest Society for Acoustic Ecology (MSAE)<\/strong>.<\/p>\n\n\n\n<p>La selecci\u00f3n de la fecha de esta efem\u00e9ride est\u00e1 relacionada con el aniversario de nacimiento del compositor canadiense&nbsp;<em><strong>Raymond Murray Schafer<\/strong><\/em>, el d\u00eda 18 de julio de 1833.<\/p>\n\n\n\n<p>Schafer fue un compositor, escritor, pedagogo musical y ambientalista. Cre\u00f3 el&nbsp;<strong>World Sounscape Project<\/strong>&nbsp;o&nbsp;<strong>\u00abProyecto del Paisaje Musical del Mundo\u00bb<\/strong>, y efectu\u00f3 diversas contribuciones a la ecolog\u00eda ac\u00fastica.<\/p>\n\n\n\n<h2 class=\"wp-block-heading\" id=\"resTit_2\">World Listening Project<\/h2>\n\n\n\n<p>Es una organizaci\u00f3n sin fines de lucro fundada en el a\u00f1o 2008, con la misi\u00f3n de educar y crear conciencia sobre nuestro entorno sonoro y su importancia para la salud y la supervivencia de nuestro planeta.<\/p>\n\n\n\n<p>Dise\u00f1a e implementa iniciativas educativas que exploren los conceptos y pr\u00e1cticas auditivas del mundo y la ecolog\u00eda ac\u00fastica.<\/p>\n\n\n\n<h2 class=\"wp-block-heading\" id=\"resTit_3\">Lema a\u00f1o 2022: \u00abEscuchar m\u00e1s all\u00e1 de las fronteras\u00bb<\/h2>\n\n\n\n<p>Con este lema se invita a explorar la importancia de escuchar a trav\u00e9s de las ramas del conocimiento, trascendiendo todas las fronteras geogr\u00e1ficas y tecnol\u00f3gicas.<\/p>\n\n\n\n<p>Asimismo, descubrir otras \u00e1reas y formas de escuchar, conectando al mundo con los paisajes sonoros existentes y cambiantes.<\/p>\n\n\n\n<h2 class=\"wp-block-heading\" id=\"resTit_4\">\u00bfC\u00f3mo se celebra este d\u00eda mundial?<\/h2>\n\n\n\n<p>Te invitamos a escuchar los sonidos, voces y silencios que se generan en tu entorno. Organiza en tu comunidad un&nbsp;<strong>soundwalk<\/strong>, una actividad relacionada con la emisi\u00f3n de juicios cr\u00edticos acerca de los sonidos que se escuchan.<\/p>\n\n\n\n<p>Consulta informaci\u00f3n adicional sobre este tema, en los art\u00edculos sobre el&nbsp;<a href=\"https:\/\/www.diainternacionalde.com\/ficha\/dia-internacional-audicion\" target=\"_blank\" rel=\"noreferrer noopener\"><strong>D\u00eda Internacional de la Audici\u00f3n<\/strong><\/a>,&nbsp;<a href=\"https:\/\/www.diainternacionalde.com\/ficha\/dia-internacional-concienciacion-ruido\" target=\"_blank\" rel=\"noreferrer noopener\"><strong>D\u00eda Internacional de Concienciaci\u00f3n sobre el Ruido<\/strong><\/a>,&nbsp;<a href=\"https:\/\/www.diainternacionalde.com\/ficha\/dia-mundial-sonidos-curativos\" target=\"_blank\" rel=\"noreferrer noopener\"><strong>D\u00eda Mundial de los Sonidos Curativos<\/strong><\/a>.<\/p>\n\n\n\n<p>\u00bfCu\u00e1l es tu sonido favorito? Comparte informaci\u00f3n interesante sobre el\u00a0<strong>D\u00eda Mundial de la Escucha\u00a0<\/strong>en las redes sociales. Utiliza los hashtags\u00a0<em><strong>#D\u00edaMundialDeLaEscucha #WorldListeningDay #WLD22<\/strong><\/em><\/p>\n\n\n\n<p>Fuente: <a href=\"https:\/\/www.diainternacionalde.com\/ficha\/dia-mundial-escucha\">https:\/\/www.diainternacionalde.com\/ficha\/dia-mundial-escucha<\/a><\/p>\n","protected":false},"excerpt":{"rendered":"<p>REDACCI\u00d3N D\u00cdA INTERNACIONAL DE Cada 18 de julio se celebra el D\u00eda Mundial de la Escucha o World Listening Day, [&hellip;]<\/p>\n","protected":false},"author":1,"featured_media":80041,"comment_status":"open","ping_status":"open","sticky":false,"template":"","format":"standard","meta":{"site-sidebar-layout":"default","site-content-layout":"","ast-site-content-layout":"default","site-content-style":"default","site-sidebar-style":"default","ast-global-header-display":"","ast-banner-title-visibility":"","ast-main-header-display":"","ast-hfb-above-header-display":"","ast-hfb-below-header-display":"","ast-hfb-mobile-header-display":"","site-post-title":"","ast-breadcrumbs-content":"","ast-featured-img":"","footer-sml-layout":"","theme-transparent-header-meta":"","adv-header-id-meta":"","stick-header-meta":"","header-above-stick-meta":"","header-main-stick-meta":"","header-below-stick-meta":"","astra-migrate-meta-layouts":"default","ast-page-background-enabled":"default","ast-page-background-meta":{"desktop":{"background-color":"var(--ast-global-color-4)","background-image":"","background-repeat":"repeat","background-position":"center center","background-size":"auto","background-attachment":"scroll","background-type":"","background-media":"","overlay-type":"","overlay-color":"","overlay-opacity":"","overlay-gradient":""},"tablet":{"background-color":"","background-image":"","background-repeat":"repeat","background-position":"center center","background-size":"auto","background-attachment":"scroll","background-type":"","background-media":"","overlay-type":"","overlay-color":"","overlay-opacity":"","overlay-gradient":""},"mobile":{"background-color":"","background-image":"","background-repeat":"repeat","background-position":"center center","background-size":"auto","background-attachment":"scroll","background-type":"","background-media":"","overlay-type":"","overlay-color":"","overlay-opacity":"","overlay-gradient":""}},"ast-content-background-meta":{"desktop":{"background-color":"var(--ast-global-color-5)","background-image":"","background-repeat":"repeat","background-position":"center center","background-size":"auto","background-attachment":"scroll","background-type":"","background-media":"","overlay-type":"","overlay-color":"","overlay-opacity":"","overlay-gradient":""},"tablet":{"background-color":"var(--ast-global-color-5)","background-image":"","background-repeat":"repeat","background-position":"center center","background-size":"auto","background-attachment":"scroll","background-type":"","background-media":"","overlay-type":"","overlay-color":"","overlay-opacity":"","overlay-gradient":""},"mobile":{"background-color":"var(--ast-global-color-5)","background-image":"","background-repeat":"repeat","background-position":"center center","background-size":"auto","background-attachment":"scroll","background-type":"","background-media":"","overlay-type":"","overlay-color":"","overlay-opacity":"","overlay-gradient":""}},"footnotes":""},"categories":[8],"tags":[27659,27661,27660],"class_list":["post-80040","post","type-post","status-publish","format-standard","has-post-thumbnail","hentry","category-noticias","tag-diamundialdelaescucha","tag-wld22","tag-worldlisteningday"],"_links":{"self":[{"href":"https:\/\/losperiodistas.com.mx\/portal\/wp-json\/wp\/v2\/posts\/80040","targetHints":{"allow":["GET"]}}],"collection":[{"href":"https:\/\/losperiodistas.com.mx\/portal\/wp-json\/wp\/v2\/posts"}],"about":[{"href":"https:\/\/losperiodistas.com.mx\/portal\/wp-json\/wp\/v2\/types\/post"}],"author":[{"embeddable":true,"href":"https:\/\/losperiodistas.com.mx\/portal\/wp-json\/wp\/v2\/users\/1"}],"replies":[{"embeddable":true,"href":"https:\/\/losperiodistas.com.mx\/portal\/wp-json\/wp\/v2\/comments?post=80040"}],"version-history":[{"count":2,"href":"https:\/\/losperiodistas.com.mx\/portal\/wp-json\/wp\/v2\/posts\/80040\/revisions"}],"predecessor-version":[{"id":80043,"href":"https:\/\/losperiodistas.com.mx\/portal\/wp-json\/wp\/v2\/posts\/80040\/revisions\/80043"}],"wp:featuredmedia":[{"embeddable":true,"href":"https:\/\/losperiodistas.com.mx\/portal\/wp-json\/wp\/v2\/media\/80041"}],"wp:attachment":[{"href":"https:\/\/losperiodistas.com.mx\/portal\/wp-json\/wp\/v2\/media?parent=80040"}],"wp:term":[{"taxonomy":"category","embeddable":true,"href":"https:\/\/losperiodistas.com.mx\/portal\/wp-json\/wp\/v2\/categories?post=80040"},{"taxonomy":"post_tag","embeddable":true,"href":"https:\/\/losperiodistas.com.mx\/portal\/wp-json\/wp\/v2\/tags?post=80040"}],"curies":[{"name":"wp","href":"https:\/\/api.w.org\/{rel}","templated":true}]}}