{"id":80023,"date":"2024-07-17T20:17:51","date_gmt":"2024-07-18T01:17:51","guid":{"rendered":"https:\/\/losperiodistas.com.mx\/portal\/?p=80023"},"modified":"2024-07-17T20:17:54","modified_gmt":"2024-07-18T01:17:54","slug":"nadia-navarro-asume-dirigencia-del-psi-y-anuncia-modernizacion-del-partido-e-consulta","status":"publish","type":"post","link":"https:\/\/losperiodistas.com.mx\/portal\/nadia-navarro-asume-dirigencia-del-psi-y-anuncia-modernizacion-del-partido-e-consulta\/","title":{"rendered":"Nadia Navarro asume dirigencia del PSI y anuncia modernizaci\u00f3n del partido | e-consulta"},"content":{"rendered":"\n<p class=\"has-medium-font-size\">Se\u00f1al\u00f3 que los exmilitantes del PRD tendr\u00e1n las puertas abiertas para ingresar a su grupo<\/p>\n\n\n\n<figure class=\"wp-block-image\"><img decoding=\"async\" src=\"https:\/\/www.e-consulta.com\/_next\/image?url=https%3A%2F%2Ffotos.e-consulta.com%2Fnadia_navarro_asume_dirigencia_del_psi_y_anuncia_modernizacion_del_partido.jpg&amp;w=1920&amp;q=75\" alt=\"Nadia Navarro asume dirigencia del PSI y anuncia modernizaci\u00f3n del partido\"\/><figcaption>Foto: Gran Angular<\/figcaption><\/figure>\n\n\n\n<p class=\"has-vivid-red-color has-text-color has-medium-font-size\"><br><a href=\"https:\/\/www.facebook.com\/sharer\/sharer.php?u=https:\/\/www.e-consulta.com\/nota\/2024-07-17\/politica\/nadia-navarro-asume-dirigencia-del-psi-y-anuncia-modernizacion-del-partido\" target=\"_blank\" rel=\"noreferrer noopener\"><\/a><a href=\"https:\/\/twitter.com\/intent\/tweet?text=Nadia%20Navarro%20asume%20dirigencia%20del%20PSI%20y%20anuncia%20modernizaci%C3%B3n%20del%20partido&amp;url=https:\/\/www.e-consulta.com\/nota\/2024-07-17\/politica\/nadia-navarro-asume-dirigencia-del-psi-y-anuncia-modernizacion-del-partido&amp;via=e_consulta\" target=\"_blank\" rel=\"noreferrer noopener\"><\/a><a href=\"whatsapp:\/\/send?text=Nadia%20Navarro%20asume%20dirigencia%20del%20PSI%20y%20anuncia%20modernizaci%C3%B3n%20del%20partido%20-%20[Leer]%20https:\/\/www.e-consulta.com\/nota\/2024-07-17\/politica\/nadia-navarro-asume-dirigencia-del-psi-y-anuncia-modernizacion-del-partido\"><\/a><a href=\"\/\/www.e-consulta.com\/nota\/2024-07-17\/politica\/nadia-navarro-asume-dirigencia-del-psi-y-anuncia-modernizacion-del-partido\" target=\"_blank\" rel=\"noreferrer noopener\"><\/a><strong>RICARDO JU\u00c1REZ \/ e-consulta<\/strong><\/p>\n\n\n\n<p>La senadora&nbsp;<strong>Nadia Navarro Acevedo<\/strong>&nbsp;asumi\u00f3 este 17 de julio la&nbsp;<strong>dirigencia<\/strong>&nbsp;del partido local&nbsp;<strong>Pacto Social de Integraci\u00f3n<\/strong>&nbsp;(<strong>PSI<\/strong>), y anunci\u00f3 que habr\u00e1 una modernizaci\u00f3n de la instituci\u00f3n, que buscar\u00e1 el&nbsp;<strong>di\u00e1logo con autoridades estatales y federales<\/strong>&nbsp;y adem\u00e1s abri\u00f3 las puertas del grupo a los militantes&nbsp;<strong>del Partido de la Revoluci\u00f3n Democr\u00e1tica<\/strong>&nbsp;(<strong>PRD<\/strong>).<\/p>\n\n\n\n<p>En rueda de prensa este mi\u00e9rcoles, la secretaria general del PSI,\u00a0<strong>Araceli Gonz\u00e1lez C\u00f3rdova<\/strong>, oficializ\u00f3 el nombramiento de Navarro Acevedo como\u00a0<strong>la nueva dirigente del PSI<\/strong>, tras la muerte del fundador del partido y su progenitor,\u00a0<a href=\"https:\/\/www.e-consulta.com\/nota\/2024-07-02\/politica\/carlos-navarro-fundador-de-dos-partidos-en-puebla-murio-de-un-paro-cardiaco\" target=\"_blank\" rel=\"noreferrer noopener\"><strong>Carlos Navarro Corro<\/strong><\/a>.<\/p>\n\n\n\n<figure class=\"wp-block-embed is-type-rich is-provider-twitter wp-block-embed-twitter\"><div class=\"wp-block-embed__wrapper\">\nhttps:\/\/twitter.com\/i\/status\/1813626282862617015\n<\/div><\/figure>\n\n\n\n<p>Gonz\u00e1lez C\u00f3rdova se\u00f1al\u00f3 que el cargo se le otorg\u00f3 a&nbsp;<strong>Nadia Navarro<\/strong>&nbsp;por su trabajo como diputada y senadora, el que calific\u00f3 como \u201c<strong>determinante<\/strong>\u201d para el crecimiento del partido a nivel local.<\/p>\n\n\n\n<p>Te puede interesar:<\/p>\n\n\n\n<p><a href=\"https:\/\/www.e-consulta.com\/nota\/2024-07-04\/politica\/en-un-ano-7-meses-se-han-realizado-4-exequias-en-el-congreso-de-puebla\">En un a\u00f1o 7 meses se han realizado 4 exequias en el Congreso de Puebla<\/a><\/p>\n\n\n\n<p>\u201cLa determinaci\u00f3n de delegar la enorme responsabilidad de dirigir el rumbo pol\u00edtico de nuestro partido a una mujer que, adem\u00e1s de&nbsp;<strong>ser fundadora y aliada<\/strong>, su trabajo ha sido determinante en la&nbsp;<strong>consolidaci\u00f3n<\/strong>&nbsp;de nuestra instituci\u00f3n pol\u00edtica\u201d, se\u00f1al\u00f3.<\/p>\n\n\n\n<p>Nadia Navarro asegur\u00f3 que su trabajo ser\u00e1 de equipo y sumar\u00e1 a todos los sectores de la sociedad a fin de&nbsp;<strong>modernizar al partido<\/strong>, con \u201ctrabajo en tierra\u201d y agradeciendo a quienes lograron que el PSI siga como fuerza pol\u00edtica en el estado.<\/p>\n\n\n\n<p>La nueva dirigente del PSI coment\u00f3 que para la modernizaci\u00f3n buscar\u00e1 reunirse con el actual gobernador electo,&nbsp;<a href=\"https:\/\/www.e-consulta.com\/nota\/2024-07-15\/politica\/citlalli-delgado-y-armenta-celebran-despenalizacion-del-aborto-en-puebla\" target=\"_blank\" rel=\"noreferrer noopener\"><strong>Alejandro Armenta Mier<\/strong><\/a>, y con la virtual presidenta electa,&nbsp;<strong>Claudia Sheinbaum Pardo<\/strong>, a fin de trabajar \u201cpor el bien de M\u00e9xico y los poblanos\u00bb.<\/p>\n\n\n\n<p>\u201cAdem\u00e1s de eso haremos (\u2026) buscaremos la modernizaci\u00f3n de nuestra organizaci\u00f3n para estar m\u00e1s cercanos a la gente, para entender&nbsp;<strong>cu\u00e1les son las necesidades<\/strong>, porque hoy queremos construir un partido pol\u00edtico con inclusi\u00f3n y cercano a la gente\u201d, sostuvo.<\/p>\n\n\n\n<p>Te puede interesar:<\/p>\n\n\n\n<p><a href=\"https:\/\/www.e-consulta.com\/nota\/2024-07-07\/sociedad\/arzobispo-victor-sanchez-pide-por-el-descanso-eterno-de-carlos-navarro\">Arzobispo V\u00edctor S\u00e1nchez pide por el descanso eterno de Carlos Navarro<\/a><\/p>\n\n\n\n<p>Explic\u00f3 que parte de los cambios que implementar\u00e1 ser\u00e1n&nbsp;<strong>buscar a la sociedad migrante<\/strong>&nbsp;a fin de que tengan una representaci\u00f3n en el&nbsp;<strong>Congreso del Estado<\/strong>. Si bien la iniciativa es Armenta Mier, buscar\u00e1 se haga realidad en la sexag\u00e9sima segunda legislatura.<\/p>\n\n\n\n<p>\u201cVamos a ir al encuentro de las y los hermanos migrantes que hoy est\u00e1n radicando en el extranjero y que queremos que desde ahora, y desde ya, trabajemos por&nbsp;<strong>una representaci\u00f3n en el Congreso del Estado de Puebla<\/strong>\u201d, explic\u00f3.<\/p>\n\n\n\n<h2 class=\"wp-block-heading\"><strong>Nuevas alianzas del PSI y puertas abiertas para experredistas<\/strong><\/h2>\n\n\n\n<p>La nueva dirigente del PSI se\u00f1al\u00f3 que, en&nbsp;<strong>cuesti\u00f3n de alianzas<\/strong>, analizar\u00e1 con qu\u00e9 partidos las har\u00e1 para los pr\u00f3ximos procesos electorales, pero sostuvo al final&nbsp;<strong>ser\u00e1 una decisi\u00f3n que defina toda la militancia<\/strong>.<\/p>\n\n\n\n<p>Asegur\u00f3 que su partido ser\u00e1 de&nbsp;<strong>puertas abiertas<\/strong>&nbsp;para toda la ciudadan\u00eda \u201cque busque algo diferente\u201d, por lo que har\u00e1 una gira de agradecimiento en municipios donde el PSI obtuvo la presidencia municipal, como&nbsp;<strong>Santa Isabel Cholula&nbsp;<\/strong>y&nbsp;<strong>Quecholac<\/strong>, entre otros.<\/p>\n\n\n\n<p>Se dijo dispuesta a dialogar con los&nbsp;<strong>militantes del PRD que se quedaron sin partido<\/strong>, a fin de sumar y seguir creciendo en la entidad poblana; \u201cNo s\u00f3lo hay apertura, sino tambi\u00e9n, de manera humilde y respetuosa para [los] militantes que no sienten y no encuentran identidad en ese partido,&nbsp;<strong>hay una invitaci\u00f3n abierta<\/strong>&nbsp;a formar parte del equipo de los poblanos\u201d, agreg\u00f3.<\/p>\n\n\n\n<h2 class=\"wp-block-heading\"><strong>Como diputada federal, Nadia Navarro apoya al Poder Judicial<\/strong><\/h2>\n\n\n\n<p>La senadora Navarro Acevedo inform\u00f3 que est\u00e1 en espera de obtener su constancia como&nbsp;<strong>diputada federal electa<\/strong>, para comenzar a trabajar en el&nbsp;<strong>Congreso de la Uni\u00f3n<\/strong>&nbsp;y seguir con los ideales del PSI a nivel nacional.<\/p>\n\n\n\n<p>Dej\u00f3 claro que, aunque no define a\u00fan con cual bancada trabajar\u00e1,&nbsp;<strong>ella apoyar\u00e1 al Poder Judicial<\/strong>, por lo que buscar\u00e1 consensuar para definir su votaci\u00f3n respecto a&nbsp;<strong>la reforma que pretende hacer Claudia Sheinbaum sobre el Poder Judicial<\/strong>.<\/p>\n\n\n\n<p>\u201cMi compromiso ser\u00e1 en\u00a0<strong>la defensa de las instituciones<\/strong>, en la defensa del Poder Judicial de la Federaci\u00f3n, por supuesto defendiendo a quienes hoy est\u00e1n sosteniendo el estado de derecho aqu\u00ed en Puebla y en M\u00e9xico\u201d, finaliz\u00f3. (JRLM)<\/p>\n\n\n\n<p>Fuente: <a href=\"https:\/\/www.e-consulta.com\/nota\/2024-07-17\/politica\/nadia-navarro-asume-dirigencia-del-psi-y-anuncia-modernizacion-del-partido\">https:\/\/www.e-consulta.com\/nota\/2024-07-17\/politica\/nadia-navarro-asume-dirigencia-del-psi-y-anuncia-modernizacion-del-partido<\/a><\/p>\n","protected":false},"excerpt":{"rendered":"<p>Se\u00f1al\u00f3 que los exmilitantes del PRD tendr\u00e1n las puertas abiertas para ingresar a su grupo RICARDO JU\u00c1REZ \/ e-consulta La [&hellip;]<\/p>\n","protected":false},"author":1,"featured_media":80024,"comment_status":"open","ping_status":"open","sticky":false,"template":"","format":"standard","meta":{"site-sidebar-layout":"default","site-content-layout":"","ast-site-content-layout":"default","site-content-style":"default","site-sidebar-style":"default","ast-global-header-display":"","ast-banner-title-visibility":"","ast-main-header-display":"","ast-hfb-above-header-display":"","ast-hfb-below-header-display":"","ast-hfb-mobile-header-display":"","site-post-title":"","ast-breadcrumbs-content":"","ast-featured-img":"","footer-sml-layout":"","theme-transparent-header-meta":"","adv-header-id-meta":"","stick-header-meta":"","header-above-stick-meta":"","header-main-stick-meta":"","header-below-stick-meta":"","astra-migrate-meta-layouts":"default","ast-page-background-enabled":"default","ast-page-background-meta":{"desktop":{"background-color":"var(--ast-global-color-4)","background-image":"","background-repeat":"repeat","background-position":"center center","background-size":"auto","background-attachment":"scroll","background-type":"","background-media":"","overlay-type":"","overlay-color":"","overlay-opacity":"","overlay-gradient":""},"tablet":{"background-color":"","background-image":"","background-repeat":"repeat","background-position":"center center","background-size":"auto","background-attachment":"scroll","background-type":"","background-media":"","overlay-type":"","overlay-color":"","overlay-opacity":"","overlay-gradient":""},"mobile":{"background-color":"","background-image":"","background-repeat":"repeat","background-position":"center center","background-size":"auto","background-attachment":"scroll","background-type":"","background-media":"","overlay-type":"","overlay-color":"","overlay-opacity":"","overlay-gradient":""}},"ast-content-background-meta":{"desktop":{"background-color":"var(--ast-global-color-5)","background-image":"","background-repeat":"repeat","background-position":"center center","background-size":"auto","background-attachment":"scroll","background-type":"","background-media":"","overlay-type":"","overlay-color":"","overlay-opacity":"","overlay-gradient":""},"tablet":{"background-color":"var(--ast-global-color-5)","background-image":"","background-repeat":"repeat","background-position":"center center","background-size":"auto","background-attachment":"scroll","background-type":"","background-media":"","overlay-type":"","overlay-color":"","overlay-opacity":"","overlay-gradient":""},"mobile":{"background-color":"var(--ast-global-color-5)","background-image":"","background-repeat":"repeat","background-position":"center center","background-size":"auto","background-attachment":"scroll","background-type":"","background-media":"","overlay-type":"","overlay-color":"","overlay-opacity":"","overlay-gradient":""}},"footnotes":""},"categories":[8],"tags":[27654,27655],"class_list":["post-80023","post","type-post","status-publish","format-standard","has-post-thumbnail","hentry","category-noticias","tag-psi-puebla","tag-senadora-nadia-navarro"],"_links":{"self":[{"href":"https:\/\/losperiodistas.com.mx\/portal\/wp-json\/wp\/v2\/posts\/80023","targetHints":{"allow":["GET"]}}],"collection":[{"href":"https:\/\/losperiodistas.com.mx\/portal\/wp-json\/wp\/v2\/posts"}],"about":[{"href":"https:\/\/losperiodistas.com.mx\/portal\/wp-json\/wp\/v2\/types\/post"}],"author":[{"embeddable":true,"href":"https:\/\/losperiodistas.com.mx\/portal\/wp-json\/wp\/v2\/users\/1"}],"replies":[{"embeddable":true,"href":"https:\/\/losperiodistas.com.mx\/portal\/wp-json\/wp\/v2\/comments?post=80023"}],"version-history":[{"count":1,"href":"https:\/\/losperiodistas.com.mx\/portal\/wp-json\/wp\/v2\/posts\/80023\/revisions"}],"predecessor-version":[{"id":80025,"href":"https:\/\/losperiodistas.com.mx\/portal\/wp-json\/wp\/v2\/posts\/80023\/revisions\/80025"}],"wp:featuredmedia":[{"embeddable":true,"href":"https:\/\/losperiodistas.com.mx\/portal\/wp-json\/wp\/v2\/media\/80024"}],"wp:attachment":[{"href":"https:\/\/losperiodistas.com.mx\/portal\/wp-json\/wp\/v2\/media?parent=80023"}],"wp:term":[{"taxonomy":"category","embeddable":true,"href":"https:\/\/losperiodistas.com.mx\/portal\/wp-json\/wp\/v2\/categories?post=80023"},{"taxonomy":"post_tag","embeddable":true,"href":"https:\/\/losperiodistas.com.mx\/portal\/wp-json\/wp\/v2\/tags?post=80023"}],"curies":[{"name":"wp","href":"https:\/\/api.w.org\/{rel}","templated":true}]}}