{"id":80020,"date":"2024-07-17T20:07:03","date_gmt":"2024-07-18T01:07:03","guid":{"rendered":"https:\/\/losperiodistas.com.mx\/portal\/?p=80020"},"modified":"2024-07-17T20:07:06","modified_gmt":"2024-07-18T01:07:06","slug":"paris-2024-la-llama-olimpica-entra-al-louvre-y-genera-criticas-la-lista","status":"publish","type":"post","link":"https:\/\/losperiodistas.com.mx\/portal\/paris-2024-la-llama-olimpica-entra-al-louvre-y-genera-criticas-la-lista\/","title":{"rendered":"Par\u00eds 2024. La llama ol\u00edmpica entra al Louvre y genera cr\u00edticas | La-Lista"},"content":{"rendered":"\n<p class=\"has-medium-font-size\">La antorcha visit\u00f3 varios lugares ic\u00f3nicos de la capital de Francia.<\/p>\n\n\n\n<figure class=\"wp-block-image size-large\"><img fetchpriority=\"high\" decoding=\"async\" width=\"1024\" height=\"631\" src=\"https:\/\/losperiodistas.com.mx\/portal\/wp-content\/uploads\/2024\/07\/llama_olimpica_louvre_paris_2024_juegos_olimpicos_museo-1024x631.jpg\" alt=\"\" class=\"wp-image-80021\" srcset=\"https:\/\/losperiodistas.com.mx\/portal\/wp-content\/uploads\/2024\/07\/llama_olimpica_louvre_paris_2024_juegos_olimpicos_museo-1024x631.jpg 1024w, https:\/\/losperiodistas.com.mx\/portal\/wp-content\/uploads\/2024\/07\/llama_olimpica_louvre_paris_2024_juegos_olimpicos_museo-300x185.jpg 300w, https:\/\/losperiodistas.com.mx\/portal\/wp-content\/uploads\/2024\/07\/llama_olimpica_louvre_paris_2024_juegos_olimpicos_museo-768x473.jpg 768w, https:\/\/losperiodistas.com.mx\/portal\/wp-content\/uploads\/2024\/07\/llama_olimpica_louvre_paris_2024_juegos_olimpicos_museo.jpg 1201w\" sizes=\"(max-width: 1024px) 100vw, 1024px\" \/><figcaption>Par\u00eds 2024. La llama ol\u00edmpica entra al Louvre y genera cr\u00edticas. Foto: Captura \/ X \/ The Olympic Games<\/figcaption><\/figure>\n\n\n\n<p class=\"has-vivid-red-color has-text-color has-medium-font-size\"><strong>Redacci\u00f3n La-Lista<\/strong><\/p>\n\n\n\n<p>La&nbsp;<strong>llama ol\u00edmpica&nbsp;<\/strong>lleg\u00f3 a su destino,&nbsp;<strong>Par\u00eds<\/strong>, donde visit\u00f3 varios lugares incluidos el&nbsp;<strong>Museo Louvre<\/strong>. No obstante, las im\u00e1genes generaron las cr\u00edticas de algunos amantes del arte, dado que la flama entr\u00f3 hasta las salas m\u00e1s importantes del recinto.<\/p>\n\n\n\n<p>El&nbsp;<strong>Arco del Triunfo<\/strong>, la&nbsp;<strong>Torre Eiffel<\/strong>&nbsp;y los&nbsp;<strong>Campos El\u00edseos<\/strong>&nbsp;fueron otros lugares que visit\u00f3 el fuego, todos ellos al aire libre, pero si bien lleg\u00f3 a la&nbsp;<strong>Pir\u00e1mide de Cristal&nbsp;<\/strong>del recinto art\u00edstico m\u00e1s importante del mundo, no fue suficiente esto.<\/p>\n\n\n\n<figure class=\"wp-block-image\"><a href=\"https:\/\/la-lista.com\/cultura\/el-louvre-busca-separar-en-otra-sala-de-exhibicion-a-la-mona-lisa\" target=\"_blank\" rel=\"noreferrer noopener\"><img decoding=\"async\" src=\"https:\/\/la-lista.com\/wp-content\/uploads\/2024\/04\/mejores-obras-de-arte-chatgpt-600x370.jpg\" alt=\"Par\u00eds 2024. La llama ol\u00edmpica entra al Louvre y genera cr\u00edticas - mejores-obras-de-arte-chatgpt-600x370\" title=\"El Louvre busca separar en otra sala de exhibici\u00f3n a la Mona Lisa\"\/><\/a><\/figure>\n\n\n\n<p><strong><a target=\"_blank\" href=\"https:\/\/la-lista.com\/cultura\/el-louvre-busca-separar-en-otra-sala-de-exhibicion-a-la-mona-lisa\" rel=\"noreferrer noopener\">El Louvre busca separar en otra sala de exhibici\u00f3n a la Mona Lisa<\/a><\/strong><a target=\"_blank\" href=\"https:\/\/la-lista.com\/cultura\/el-louvre-busca-separar-en-otra-sala-de-exhibicion-a-la-mona-lisa\" rel=\"noreferrer noopener\">LEER MAS<\/a><\/p>\n\n\n\n<p>La antorcha visita los lugares m\u00e1s ic\u00f3nicos de diferentes ciudades, por lo que Par\u00eds, al ser la sede de los\u00a0<strong>Juegos Ol\u00edmpicos\u00a0<\/strong>de este a\u00f1o, ten\u00eda que estar en algunos de los espacios m\u00e1s importantes.<\/p>\n\n\n\n<figure class=\"wp-block-embed is-type-rich is-provider-twitter wp-block-embed-twitter\"><div class=\"wp-block-embed__wrapper\">\n<blockquote class=\"twitter-tweet\" data-width=\"500\" data-dnt=\"true\"><p lang=\"fr\" dir=\"ltr\">\ud83d\udd34DIRECT &#8211; Marie-Claude Pietragalla fait danser la flamme olympique au sein m\u00eame du Louvre, devant &quot;La Libert\u00e9 guidant le peuple&quot; d&#39;Eug\u00e8ne Delacroix.<a href=\"https:\/\/twitter.com\/hashtag\/franceinfo?src=hash&amp;ref_src=twsrc%5Etfw\">#franceinfo<\/a> <a href=\"https:\/\/twitter.com\/hashtag\/canal27?src=hash&amp;ref_src=twsrc%5Etfw\">#canal27<\/a> <a href=\"https:\/\/t.co\/hPrtQ6leHm\">pic.twitter.com\/hPrtQ6leHm<\/a><\/p>&mdash; Le20h-France T\u00e9l\u00e9visions (@le20hfrancetele) <a href=\"https:\/\/twitter.com\/le20hfrancetele\/status\/1812561273587958116?ref_src=twsrc%5Etfw\">July 14, 2024<\/a><\/blockquote><script async src=\"https:\/\/platform.twitter.com\/widgets.js\" charset=\"utf-8\"><\/script>\n<\/div><\/figure>\n\n\n\n<p>Una de las im\u00e1genes que caus\u00f3 indignaci\u00f3n por parte de los especialistas sobre el ingreso de la llama ol\u00edmpica al Museo Louvre fue cuando la&nbsp;<strong>bailarina francesa Marie-Claude Pietragalla&nbsp;<\/strong>hizo un peque\u00f1o baile frente a la&nbsp;<em>La libertad guiando al pueblo<\/em>, de&nbsp;<strong>Eug\u00e8ne Delacroix<\/strong>.<\/p>\n\n\n\n<p>Adem\u00e1s se encendi\u00f3 otra antorcha en la Sala de los Estados, justo en frente de la obra maestra de Leonardo da Vinci,&nbsp;<em>La Gioconda<\/em>&nbsp;(conocida popularmente como&nbsp;<em>La Mona Lisa<\/em>).<\/p>\n\n\n\n<figure class=\"wp-block-image\"><a href=\"https:\/\/la-lista.com\/cultura\/un-nuevo-ataque-a-la-mona-lisa-activistas-avientan-sopa-contra-la-obra\" target=\"_blank\" rel=\"noreferrer noopener\"><img decoding=\"async\" src=\"https:\/\/la-lista.com\/wp-content\/uploads\/2024\/01\/mona_lisa_sopa_leonardo_da_vinci_louvre_activistas-600x370.jpg\" alt=\"Par\u00eds 2024. La llama ol\u00edmpica entra al Louvre y genera cr\u00edticas - mona_lisa_sopa_leonardo_da_vinci_louvre_activistas-600x370\" title=\"\u00a1Un nuevo ataque a la Mona Lisa! Activistas avientan sopa contra la obra\"\/><\/a><\/figure>\n\n\n\n<p><strong><a target=\"_blank\" href=\"https:\/\/la-lista.com\/cultura\/un-nuevo-ataque-a-la-mona-lisa-activistas-avientan-sopa-contra-la-obra\" rel=\"noreferrer noopener\">\u00a1Un nuevo ataque a la Mona Lisa! Activistas avientan sopa contra la obra<\/a><\/strong><a target=\"_blank\" href=\"https:\/\/la-lista.com\/cultura\/un-nuevo-ataque-a-la-mona-lisa-activistas-avientan-sopa-contra-la-obra\" rel=\"noreferrer noopener\">LEER MAS<\/a><\/p>\n\n\n\n<p>Miguel \u00c1ngel Cajigal Vera, historiador de arte espa\u00f1ol tambi\u00e9n conocido como \u201cEl Barroquista\u201d, record\u00f3 que una llama a unos cuantos metros de un cuadro puede provocar desprendimientos de pintura o cambios en los pigmentos.<\/p>\n\n\n\n<figure class=\"wp-block-embed is-type-rich is-provider-twitter wp-block-embed-twitter\"><div class=\"wp-block-embed__wrapper\">\n<blockquote class=\"twitter-tweet\" data-width=\"500\" data-dnt=\"true\"><p lang=\"en\" dir=\"ltr\">\ud83d\udd25 When the Olympic flame becomes the centre of attention at Paris&#39; most famous landmarks.<br><br>Have you visited any of these sites?<a href=\"https:\/\/twitter.com\/hashtag\/OlympicTorchRelay?src=hash&amp;ref_src=twsrc%5Etfw\">#OlympicTorchRelay<\/a> | <a href=\"https:\/\/twitter.com\/hashtag\/Paris2024?src=hash&amp;ref_src=twsrc%5Etfw\">#Paris2024<\/a> | <a href=\"https:\/\/twitter.com\/Paris2024?ref_src=twsrc%5Etfw\">@Paris2024<\/a> <a href=\"https:\/\/t.co\/ACca4oJi1F\">pic.twitter.com\/ACca4oJi1F<\/a><\/p>&mdash; The Olympic Games (@Olympics) <a href=\"https:\/\/twitter.com\/Olympics\/status\/1813187342942781706?ref_src=twsrc%5Etfw\">July 16, 2024<\/a><\/blockquote><script async src=\"https:\/\/platform.twitter.com\/widgets.js\" charset=\"utf-8\"><\/script>\n<\/div><\/figure>\n\n\n\n<p>Por otro lado, dijo que el espect\u00e1culo hecho con la llama ol\u00edmpica en el&nbsp;<strong>Museo Louvre&nbsp;<\/strong>puede provocar una p\u00e9rdida de credibilidad en los espacios muse\u00edsticos, sobre todo luego de las medidas que se han ejercido contra personas que protestan aventando sopa o alg\u00fan otro alimento a las obras maestras.<\/p>\n\n\n\n<p>Debido a la cantidad de materiales inflamables dentro de este tipo de espacios es que tambi\u00e9n se alert\u00f3 que podr\u00edan causar en el peor de los casos un incendio y repetir uno de los momentos m\u00e1s tr\u00e1gicos en la historia reciente de Par\u00eds: el incendio de la Catedral de Notre Dame.<\/p>\n\n\n\n<p>Los Juegos Ol\u00edmpicos de Par\u00eds 2024 iniciar\u00e1n el viernes 26 de julio y terminar\u00e1n hasta el 11 de agosto.<\/p>\n\n\n\n<p>Fuente: <a href=\"https:\/\/la-lista.com\/cultura\/paris-2024-la-llama-olimpica-entra-al-louvre-y-genera-criticas\">https:\/\/la-lista.com\/cultura\/paris-2024-la-llama-olimpica-entra-al-louvre-y-genera-criticas<\/a><\/p>\n","protected":false},"excerpt":{"rendered":"<p>La antorcha visit\u00f3 varios lugares ic\u00f3nicos de la capital de Francia. Redacci\u00f3n La-Lista La&nbsp;llama ol\u00edmpica&nbsp;lleg\u00f3 a su destino,&nbsp;Par\u00eds, donde visit\u00f3 [&hellip;]<\/p>\n","protected":false},"author":1,"featured_media":80021,"comment_status":"open","ping_status":"open","sticky":false,"template":"","format":"standard","meta":{"site-sidebar-layout":"default","site-content-layout":"","ast-site-content-layout":"default","site-content-style":"default","site-sidebar-style":"default","ast-global-header-display":"","ast-banner-title-visibility":"","ast-main-header-display":"","ast-hfb-above-header-display":"","ast-hfb-below-header-display":"","ast-hfb-mobile-header-display":"","site-post-title":"","ast-breadcrumbs-content":"","ast-featured-img":"","footer-sml-layout":"","theme-transparent-header-meta":"","adv-header-id-meta":"","stick-header-meta":"","header-above-stick-meta":"","header-main-stick-meta":"","header-below-stick-meta":"","astra-migrate-meta-layouts":"default","ast-page-background-enabled":"default","ast-page-background-meta":{"desktop":{"background-color":"var(--ast-global-color-4)","background-image":"","background-repeat":"repeat","background-position":"center center","background-size":"auto","background-attachment":"scroll","background-type":"","background-media":"","overlay-type":"","overlay-color":"","overlay-opacity":"","overlay-gradient":""},"tablet":{"background-color":"","background-image":"","background-repeat":"repeat","background-position":"center center","background-size":"auto","background-attachment":"scroll","background-type":"","background-media":"","overlay-type":"","overlay-color":"","overlay-opacity":"","overlay-gradient":""},"mobile":{"background-color":"","background-image":"","background-repeat":"repeat","background-position":"center center","background-size":"auto","background-attachment":"scroll","background-type":"","background-media":"","overlay-type":"","overlay-color":"","overlay-opacity":"","overlay-gradient":""}},"ast-content-background-meta":{"desktop":{"background-color":"var(--ast-global-color-5)","background-image":"","background-repeat":"repeat","background-position":"center center","background-size":"auto","background-attachment":"scroll","background-type":"","background-media":"","overlay-type":"","overlay-color":"","overlay-opacity":"","overlay-gradient":""},"tablet":{"background-color":"var(--ast-global-color-5)","background-image":"","background-repeat":"repeat","background-position":"center center","background-size":"auto","background-attachment":"scroll","background-type":"","background-media":"","overlay-type":"","overlay-color":"","overlay-opacity":"","overlay-gradient":""},"mobile":{"background-color":"var(--ast-global-color-5)","background-image":"","background-repeat":"repeat","background-position":"center center","background-size":"auto","background-attachment":"scroll","background-type":"","background-media":"","overlay-type":"","overlay-color":"","overlay-opacity":"","overlay-gradient":""}},"footnotes":""},"categories":[8],"tags":[27652,27653,2874],"class_list":["post-80020","post","type-post","status-publish","format-standard","has-post-thumbnail","hentry","category-noticias","tag-llama-olimpica-en-paris","tag-llama-olimpica-sitios-emblematicos","tag-louvre"],"_links":{"self":[{"href":"https:\/\/losperiodistas.com.mx\/portal\/wp-json\/wp\/v2\/posts\/80020","targetHints":{"allow":["GET"]}}],"collection":[{"href":"https:\/\/losperiodistas.com.mx\/portal\/wp-json\/wp\/v2\/posts"}],"about":[{"href":"https:\/\/losperiodistas.com.mx\/portal\/wp-json\/wp\/v2\/types\/post"}],"author":[{"embeddable":true,"href":"https:\/\/losperiodistas.com.mx\/portal\/wp-json\/wp\/v2\/users\/1"}],"replies":[{"embeddable":true,"href":"https:\/\/losperiodistas.com.mx\/portal\/wp-json\/wp\/v2\/comments?post=80020"}],"version-history":[{"count":1,"href":"https:\/\/losperiodistas.com.mx\/portal\/wp-json\/wp\/v2\/posts\/80020\/revisions"}],"predecessor-version":[{"id":80022,"href":"https:\/\/losperiodistas.com.mx\/portal\/wp-json\/wp\/v2\/posts\/80020\/revisions\/80022"}],"wp:featuredmedia":[{"embeddable":true,"href":"https:\/\/losperiodistas.com.mx\/portal\/wp-json\/wp\/v2\/media\/80021"}],"wp:attachment":[{"href":"https:\/\/losperiodistas.com.mx\/portal\/wp-json\/wp\/v2\/media?parent=80020"}],"wp:term":[{"taxonomy":"category","embeddable":true,"href":"https:\/\/losperiodistas.com.mx\/portal\/wp-json\/wp\/v2\/categories?post=80020"},{"taxonomy":"post_tag","embeddable":true,"href":"https:\/\/losperiodistas.com.mx\/portal\/wp-json\/wp\/v2\/tags?post=80020"}],"curies":[{"name":"wp","href":"https:\/\/api.w.org\/{rel}","templated":true}]}}