{"id":80006,"date":"2024-07-17T13:40:34","date_gmt":"2024-07-17T18:40:34","guid":{"rendered":"https:\/\/losperiodistas.com.mx\/portal\/?p=80006"},"modified":"2024-07-17T13:40:36","modified_gmt":"2024-07-17T18:40:36","slug":"opinion-la-ropa-sucia-no-se-lava-en-casa-y-el-planchado","status":"publish","type":"post","link":"https:\/\/losperiodistas.com.mx\/portal\/opinion-la-ropa-sucia-no-se-lava-en-casa-y-el-planchado\/","title":{"rendered":"Opini\u00f3n | La ropa sucia no se lava en casa\u2026 \u00bfy el planchado?"},"content":{"rendered":"\n<p class=\"has-medium-font-size\">La pregunta del mill\u00f3n es: \u00bfqui\u00e9n dej\u00f3 de \u201clavar la ropa sucia en casa\u201d y prefiri\u00f3 llevarse el video a redes sociales?<\/p>\n\n\n\n<figure class=\"wp-block-image size-large\"><img fetchpriority=\"high\" decoding=\"async\" width=\"1024\" height=\"576\" src=\"https:\/\/losperiodistas.com.mx\/portal\/wp-content\/uploads\/2024\/07\/En-el-PAN-de-Puebla-la-ropa-sucia-no-se-lava-en-casa-1024x576.jpg\" alt=\"\" class=\"wp-image-80007\" srcset=\"https:\/\/losperiodistas.com.mx\/portal\/wp-content\/uploads\/2024\/07\/En-el-PAN-de-Puebla-la-ropa-sucia-no-se-lava-en-casa-1024x576.jpg 1024w, https:\/\/losperiodistas.com.mx\/portal\/wp-content\/uploads\/2024\/07\/En-el-PAN-de-Puebla-la-ropa-sucia-no-se-lava-en-casa-300x169.jpg 300w, https:\/\/losperiodistas.com.mx\/portal\/wp-content\/uploads\/2024\/07\/En-el-PAN-de-Puebla-la-ropa-sucia-no-se-lava-en-casa-768x432.jpg 768w, https:\/\/losperiodistas.com.mx\/portal\/wp-content\/uploads\/2024\/07\/En-el-PAN-de-Puebla-la-ropa-sucia-no-se-lava-en-casa.jpg 1200w\" sizes=\"(max-width: 1024px) 100vw, 1024px\" \/><\/figure>\n\n\n\n<p><\/p>\n\n\n\n<p class=\"has-vivid-red-color has-text-color\" style=\"font-size:26px\"><strong><em>Por Itandehui Rodr\u00edguez \/ @Itandehui_RoMa<\/em><\/strong><\/p>\n\n\n\n<p>Hemos escuchado hasta el cansancio eso de que la ropa sucia se lava en casa, pero nadie nos explic\u00f3 sobre el planchado, \u00bfquieren saber por qu\u00e9 es importante?<\/p>\n\n\n\n<p>Pues todo surge a partir del \u2018Marcos Gate\u2019, aqu\u00ed nadie se rob\u00f3 documentos (esperemos), pero s\u00ed nos robaron la imagen del padre modelo poblano que atesorabamos en nuestros corazones (obvio no).<\/p>\n\n\n\n<p>Ya todos conocemos el video del secretario general de Acci\u00f3n Nacional, en acci\u00f3n, tomando de la mano a una chica y gui\u00e1ndola (en modo Moto Moto en Madagascar) al primer piso del CDE. La pregunta es, \u00bfqui\u00e9n lo filtr\u00f3?<\/p>\n\n\n\n<p>\u00a1Prosigamos!<\/p>\n\n\n\n<figure class=\"wp-block-embed is-type-rich is-provider-twitter wp-block-embed-twitter\"><div class=\"wp-block-embed__wrapper\">\nhttps:\/\/twitter.com\/i\/status\/1813340316998803913\n<\/div><\/figure>\n\n\n\n<p>Aunque todo el mundo se hizo historias de lo que pas\u00f3 en el primer piso del Comit\u00e9 Directivo Estatal de Acci\u00f3n Nacional y aunque nadie tiene pruebas, tampoco nos quedan dudas de que lo que hicieron fue\u2026 \u2018planchar\u2019 (para no hablar de relaciones \u00edntimas).<\/p>\n\n\n\n<p>Entendemos que \u2018la ropa sucia se lava en casa\u2019 y que para lavarla, hay que quit\u00e1rsela, pero \u00bfno pod\u00edan irse a \u2018planchar\u2019 a otro lado?<\/p>\n\n\n\n<p>Y menos cuando conocen perfectamente de la ubicaci\u00f3n de las c\u00e1maras de seguridad, porque Don Marcos volte\u00f3 a la c\u00e1mara, como si estuviera en un reality show.<\/p>\n\n\n\n<p>\u00bfNo era mejor ir a\u2026 una \u2018planchadur\u00eda\u2019 (para no decir motel)?<\/p>\n\n\n\n<p>Lo m\u00e1s grave de todo es que la ropa sucia no se lav\u00f3 en casa, sino en X (Twitter), d\u00f3nde todas y todos, nos enteramos del pecado del secretario.<\/p>\n\n\n\n<p>\u00bfGracias a qui\u00e9n?<\/p>\n\n\n\n<p>Ah\u00ed justamente est\u00e1 el problema con \u2018el lavado\u2019. Porque se olvidaron que la ropa sucia se lava en casa y alguien filtr\u00f3 el video, eso es obvio, pero\u2026 \u00bfqui\u00e9n? A continuaci\u00f3n los escenarios:<\/p>\n\n\n\n<h2 class=\"wp-block-heading\">El primero: el evidente<\/h2>\n\n\n\n<p>Cierta presidenta de cierto partido se fue a unas merecidas vacaciones satisfecha por del gran resultado que le entreg\u00f3 al panismo poblano (ninguno), a un lugar muy, muy lejano.<\/p>\n\n\n\n<p>Luego de tener que aguantar varias horas de vuelo para llegar a ese destino, d\u00f3nde llueve m\u00e1s que aqu\u00ed y d\u00f3nde hay m\u00e1s niebla que en Jalapa, reflexion\u00f3 y decidi\u00f3 algo:<\/p>\n\n\n\n<p>\u00bfPor qu\u00e9 diantres (no puedo decir demonios) se le ocurri\u00f3 destapar al candidato fallido a la gubernatura para sucederla en la dirigencia si ahora ya le salieron con el chiste (la mamada) de que si no va \u00e9l, ser\u00e1 \u2018el actor del momento\u2019 o \u2018el presidente municipal\u2019?<\/p>\n\n\n\n<p>\u00a1Pero qu\u00e9 desfachatez (para no decir chingadera)!<\/p>\n\n\n\n<p>Regres\u00f3 enojada desde aqu\u00e9l lugar muy, muy lejano d\u00f3nde el ej\u00e9rcito usa \u2018sombrerotes con peluchito negro\u2019.<\/p>\n\n\n\n<p>No la podemos culpar.<\/p>\n\n\n\n<p>Se baj\u00f3 de una pluri para reelegirse \u00bfy ahora le salen con eso?<\/p>\n\n\n\n<p>\u00a1No \u2018mis cielas\u2019!<\/p>\n\n\n\n<h2 class=\"wp-block-heading\">El segundo: este no se lo esperaban<\/h2>\n\n\n\n<p>Fue un secretario general adjunto a la Presidencia qui\u00e9n trab\u00f3 amistad con el personal de seguridad. Ellos entre risas y cotilleo, decidieron informarle del resbal\u00f3n (incotrolabe calentura) del ciudadano en cuesti\u00f3n.<\/p>\n\n\n\n<p>El secretario decidi\u00f3 allanarle el camino a su amigo, al que quiere ver mudarse de una presidencia a otra.<\/p>\n\n\n\n<p>Si de esta manera lograba cortar la cabeza de \u2018su compa\u00f1ero\u2019 secretario, solo restar\u00eda la de la presidenta vacacionista.<\/p>\n\n\n\n<p>Sonaba a un gran plan, el problema es que ya te descubrieron \u2018picar\u00f3n\u2019.<\/p>\n\n\n\n<h2 class=\"wp-block-heading\">\u00bfLa realidad?<\/h2>\n\n\n\n<p>\u00bfLa realidad? Es que solo vimos al secretario conducir a una mujer al primer piso del CDE del PAN.<\/p>\n\n\n\n<p>\u00bfLa realidad? Es que el equipo de Eduardo Riversa se est\u00e1 haciendo pedazos con tal de quedarse con la dirigencia, a costa de lo que sea, incluso de ellos mismos.<\/p>\n\n\n\n<p>La realidad, es que el PAN no lava los trapos sucios en casa, lo hace en las redes sociales. \u00bfY del planchado? De eso ya saben a qui\u00e9n preguntarle.<\/p>\n","protected":false},"excerpt":{"rendered":"<p>La pregunta del mill\u00f3n es: \u00bfqui\u00e9n dej\u00f3 de \u201clavar la ropa sucia en casa\u201d y prefiri\u00f3 llevarse el video a [&hellip;]<\/p>\n","protected":false},"author":1,"featured_media":80007,"comment_status":"open","ping_status":"open","sticky":false,"template":"","format":"standard","meta":{"site-sidebar-layout":"default","site-content-layout":"","ast-site-content-layout":"default","site-content-style":"default","site-sidebar-style":"default","ast-global-header-display":"","ast-banner-title-visibility":"","ast-main-header-display":"","ast-hfb-above-header-display":"","ast-hfb-below-header-display":"","ast-hfb-mobile-header-display":"","site-post-title":"","ast-breadcrumbs-content":"","ast-featured-img":"","footer-sml-layout":"","theme-transparent-header-meta":"","adv-header-id-meta":"","stick-header-meta":"","header-above-stick-meta":"","header-main-stick-meta":"","header-below-stick-meta":"","astra-migrate-meta-layouts":"default","ast-page-background-enabled":"default","ast-page-background-meta":{"desktop":{"background-color":"var(--ast-global-color-4)","background-image":"","background-repeat":"repeat","background-position":"center center","background-size":"auto","background-attachment":"scroll","background-type":"","background-media":"","overlay-type":"","overlay-color":"","overlay-opacity":"","overlay-gradient":""},"tablet":{"background-color":"","background-image":"","background-repeat":"repeat","background-position":"center center","background-size":"auto","background-attachment":"scroll","background-type":"","background-media":"","overlay-type":"","overlay-color":"","overlay-opacity":"","overlay-gradient":""},"mobile":{"background-color":"","background-image":"","background-repeat":"repeat","background-position":"center center","background-size":"auto","background-attachment":"scroll","background-type":"","background-media":"","overlay-type":"","overlay-color":"","overlay-opacity":"","overlay-gradient":""}},"ast-content-background-meta":{"desktop":{"background-color":"var(--ast-global-color-5)","background-image":"","background-repeat":"repeat","background-position":"center center","background-size":"auto","background-attachment":"scroll","background-type":"","background-media":"","overlay-type":"","overlay-color":"","overlay-opacity":"","overlay-gradient":""},"tablet":{"background-color":"var(--ast-global-color-5)","background-image":"","background-repeat":"repeat","background-position":"center center","background-size":"auto","background-attachment":"scroll","background-type":"","background-media":"","overlay-type":"","overlay-color":"","overlay-opacity":"","overlay-gradient":""},"mobile":{"background-color":"var(--ast-global-color-5)","background-image":"","background-repeat":"repeat","background-position":"center center","background-size":"auto","background-attachment":"scroll","background-type":"","background-media":"","overlay-type":"","overlay-color":"","overlay-opacity":"","overlay-gradient":""}},"footnotes":""},"categories":[8,22],"tags":[27651,2331],"class_list":["post-80006","post","type-post","status-publish","format-standard","has-post-thumbnail","hentry","category-noticias","category-opinion-invitada","tag-marcos-gate","tag-pan-puebla"],"_links":{"self":[{"href":"https:\/\/losperiodistas.com.mx\/portal\/wp-json\/wp\/v2\/posts\/80006","targetHints":{"allow":["GET"]}}],"collection":[{"href":"https:\/\/losperiodistas.com.mx\/portal\/wp-json\/wp\/v2\/posts"}],"about":[{"href":"https:\/\/losperiodistas.com.mx\/portal\/wp-json\/wp\/v2\/types\/post"}],"author":[{"embeddable":true,"href":"https:\/\/losperiodistas.com.mx\/portal\/wp-json\/wp\/v2\/users\/1"}],"replies":[{"embeddable":true,"href":"https:\/\/losperiodistas.com.mx\/portal\/wp-json\/wp\/v2\/comments?post=80006"}],"version-history":[{"count":1,"href":"https:\/\/losperiodistas.com.mx\/portal\/wp-json\/wp\/v2\/posts\/80006\/revisions"}],"predecessor-version":[{"id":80008,"href":"https:\/\/losperiodistas.com.mx\/portal\/wp-json\/wp\/v2\/posts\/80006\/revisions\/80008"}],"wp:featuredmedia":[{"embeddable":true,"href":"https:\/\/losperiodistas.com.mx\/portal\/wp-json\/wp\/v2\/media\/80007"}],"wp:attachment":[{"href":"https:\/\/losperiodistas.com.mx\/portal\/wp-json\/wp\/v2\/media?parent=80006"}],"wp:term":[{"taxonomy":"category","embeddable":true,"href":"https:\/\/losperiodistas.com.mx\/portal\/wp-json\/wp\/v2\/categories?post=80006"},{"taxonomy":"post_tag","embeddable":true,"href":"https:\/\/losperiodistas.com.mx\/portal\/wp-json\/wp\/v2\/tags?post=80006"}],"curies":[{"name":"wp","href":"https:\/\/api.w.org\/{rel}","templated":true}]}}