{"id":79994,"date":"2024-07-17T08:38:19","date_gmt":"2024-07-17T13:38:19","guid":{"rendered":"https:\/\/losperiodistas.com.mx\/portal\/?p=79994"},"modified":"2024-07-17T08:38:21","modified_gmt":"2024-07-17T13:38:21","slug":"iran-niega-estar-implicado-en-atentado-contra-trump-dw","status":"publish","type":"post","link":"https:\/\/losperiodistas.com.mx\/portal\/iran-niega-estar-implicado-en-atentado-contra-trump-dw\/","title":{"rendered":"Ir\u00e1n niega estar implicado en atentado contra Trump | DW"},"content":{"rendered":"\n<p class=\"has-pale-cyan-blue-background-color has-background has-medium-font-size\">Teher\u00e1n lleva a\u00f1os amenazando con tomar acciones contra el magnate y exmandatario estadounidense por la muerte del general Qasem Soleimani, ocurrida en 2020.<\/p>\n\n\n\n<p><\/p>\n\n\n\n<figure class=\"wp-block-image size-large\"><img fetchpriority=\"high\" decoding=\"async\" width=\"1024\" height=\"448\" src=\"https:\/\/losperiodistas.com.mx\/portal\/wp-content\/uploads\/2024\/07\/69653896_1004-1024x448.jpg\" alt=\"\" class=\"wp-image-79995\" srcset=\"https:\/\/losperiodistas.com.mx\/portal\/wp-content\/uploads\/2024\/07\/69653896_1004-1024x448.jpg 1024w, https:\/\/losperiodistas.com.mx\/portal\/wp-content\/uploads\/2024\/07\/69653896_1004-300x131.jpg 300w, https:\/\/losperiodistas.com.mx\/portal\/wp-content\/uploads\/2024\/07\/69653896_1004-768x336.jpg 768w, https:\/\/losperiodistas.com.mx\/portal\/wp-content\/uploads\/2024\/07\/69653896_1004.jpg 1200w\" sizes=\"(max-width: 1024px) 100vw, 1024px\" \/><figcaption><em>Imagen:\u00a0Brendan McDermid\/REUTERS<\/em><\/figcaption><\/figure>\n\n\n\n<p class=\"has-vivid-red-color has-text-color has-medium-font-size\"><strong>DW<\/strong><\/p>\n\n\n\n<p>Ir\u00e1n reiter\u00f3 este mi\u00e9rcoles (17.07.2024) que no ten\u00eda un&nbsp;<a href=\"https:\/\/www.dw.com\/es\/atentado-contra-trump-en-pensilvania\/a-69655303\">plan para asesinar a Donald Trump<\/a>&nbsp;semanas antes del atentado fallido que tuvo lugar el pasado s\u00e1bado, tal y como aseveraron fuentes de la inteligencia estadounidense.<\/p>\n\n\n\n<p>\u00abRechazamos contundentemente cualquier implicaci\u00f3n en el reciente ataque armado contra Trump o las alegaciones de que Ir\u00e1n ten\u00eda planes para llevar a cabo una acci\u00f3n similar\u201d, dijo el portavoz del Ministerio de Exteriores iran\u00ed, Nasser Kanan\u00ed, en un comunicado. \u00abEsas alegaciones tienen motivos y objetivos pol\u00edticos maliciosos\u201d, asever\u00f3.<\/p>\n\n\n\n<p>El diplom\u00e1tico afirm\u00f3 que&nbsp;<a href=\"https:\/\/www.dw.com\/es\/ir%C3%A1n-condena-a-eeuu-a-pagar-50-millones-de-d%C3%B3lares-por-muerte-de-soleimani\/a-67646039\">Teher\u00e1n est\u00e1 determinado a tomar medidas legales contra Trump<\/a>&nbsp;por su papel directo en el asesinato con un dron en Bagdad del general iran\u00ed Qasem Soleimani en 2020, comandante de la fuerza Al Quds, cuerpo exterior de la Guardia Revolucionaria iran\u00ed.<\/p>\n\n\n\n<p>La Misi\u00f3n de Ir\u00e1n ante la ONU -\u00fanico canal oficial iran\u00ed en suelo estadounidense, al no existir relaciones diplom\u00e1ticas- ya hab\u00eda descalificado las acusaciones horas antes, que calific\u00f3 como \u00absin fundamento\u201d y \u00abmalintencionadas\u201d.<\/p>\n\n\n\n<p><a href=\"https:\/\/www.dw.com\/es\/ir%C3%A1n-ratifica-intenci%C3%B3n-de-matar-a-donald-trump-por-muerte-de-soleimani\/a-64823035\">Ir\u00e1n ha llamado en numerosas ocasiones a \u00abvengar\u201d la muerte de Soleimani<\/a>. De hecho, el fallecido presidente iran\u00ed Ebrahim Rais\u00ed afirm\u00f3 hace dos a\u00f1os que la umma (la comunidad musulmana) se tomar\u00eda la venganza por su mano si Trump no era juzgado por el asesinato del general.<\/p>\n\n\n\n<p>Y el a\u00f1o pasado, el comandante de las Fuerzas A\u00e9reas de la Guardia Revolucionaria, Amir Ali Hajizadeh, afirm\u00f3 que \u00abnosotros buscamos matar a Trump\u201d por la muerte de Soleimani en una entrevista en televisi\u00f3n.<\/p>\n\n\n\n<p>(efe, afp\/mn)<\/p>\n\n\n\n<p>Fuente: <a href=\"https:\/\/www.dw.com\/es\/ir%C3%A1n-niega-estar-implicado-en-atentado-contra-trump\/a-69690083\">https:\/\/www.dw.com\/es\/ir%C3%A1n-niega-estar-implicado-en-atentado-contra-trump\/a-69690083<\/a><\/p>\n","protected":false},"excerpt":{"rendered":"<p>Teher\u00e1n lleva a\u00f1os amenazando con tomar acciones contra el magnate y exmandatario estadounidense por la muerte del general Qasem Soleimani, [&hellip;]<\/p>\n","protected":false},"author":1,"featured_media":79995,"comment_status":"open","ping_status":"open","sticky":false,"template":"","format":"standard","meta":{"site-sidebar-layout":"default","site-content-layout":"","ast-site-content-layout":"default","site-content-style":"default","site-sidebar-style":"default","ast-global-header-display":"","ast-banner-title-visibility":"","ast-main-header-display":"","ast-hfb-above-header-display":"","ast-hfb-below-header-display":"","ast-hfb-mobile-header-display":"","site-post-title":"","ast-breadcrumbs-content":"","ast-featured-img":"","footer-sml-layout":"","theme-transparent-header-meta":"","adv-header-id-meta":"","stick-header-meta":"","header-above-stick-meta":"","header-main-stick-meta":"","header-below-stick-meta":"","astra-migrate-meta-layouts":"default","ast-page-background-enabled":"default","ast-page-background-meta":{"desktop":{"background-color":"var(--ast-global-color-4)","background-image":"","background-repeat":"repeat","background-position":"center center","background-size":"auto","background-attachment":"scroll","background-type":"","background-media":"","overlay-type":"","overlay-color":"","overlay-opacity":"","overlay-gradient":""},"tablet":{"background-color":"","background-image":"","background-repeat":"repeat","background-position":"center center","background-size":"auto","background-attachment":"scroll","background-type":"","background-media":"","overlay-type":"","overlay-color":"","overlay-opacity":"","overlay-gradient":""},"mobile":{"background-color":"","background-image":"","background-repeat":"repeat","background-position":"center center","background-size":"auto","background-attachment":"scroll","background-type":"","background-media":"","overlay-type":"","overlay-color":"","overlay-opacity":"","overlay-gradient":""}},"ast-content-background-meta":{"desktop":{"background-color":"var(--ast-global-color-5)","background-image":"","background-repeat":"repeat","background-position":"center center","background-size":"auto","background-attachment":"scroll","background-type":"","background-media":"","overlay-type":"","overlay-color":"","overlay-opacity":"","overlay-gradient":""},"tablet":{"background-color":"var(--ast-global-color-5)","background-image":"","background-repeat":"repeat","background-position":"center center","background-size":"auto","background-attachment":"scroll","background-type":"","background-media":"","overlay-type":"","overlay-color":"","overlay-opacity":"","overlay-gradient":""},"mobile":{"background-color":"var(--ast-global-color-5)","background-image":"","background-repeat":"repeat","background-position":"center center","background-size":"auto","background-attachment":"scroll","background-type":"","background-media":"","overlay-type":"","overlay-color":"","overlay-opacity":"","overlay-gradient":""}},"footnotes":""},"categories":[8],"tags":[27646,27648,27647],"class_list":["post-79994","post","type-post","status-publish","format-standard","has-post-thumbnail","hentry","category-noticias","tag-gobierno-de-iran","tag-qasem-soleimani","tag-trump-atentado"],"_links":{"self":[{"href":"https:\/\/losperiodistas.com.mx\/portal\/wp-json\/wp\/v2\/posts\/79994","targetHints":{"allow":["GET"]}}],"collection":[{"href":"https:\/\/losperiodistas.com.mx\/portal\/wp-json\/wp\/v2\/posts"}],"about":[{"href":"https:\/\/losperiodistas.com.mx\/portal\/wp-json\/wp\/v2\/types\/post"}],"author":[{"embeddable":true,"href":"https:\/\/losperiodistas.com.mx\/portal\/wp-json\/wp\/v2\/users\/1"}],"replies":[{"embeddable":true,"href":"https:\/\/losperiodistas.com.mx\/portal\/wp-json\/wp\/v2\/comments?post=79994"}],"version-history":[{"count":1,"href":"https:\/\/losperiodistas.com.mx\/portal\/wp-json\/wp\/v2\/posts\/79994\/revisions"}],"predecessor-version":[{"id":79996,"href":"https:\/\/losperiodistas.com.mx\/portal\/wp-json\/wp\/v2\/posts\/79994\/revisions\/79996"}],"wp:featuredmedia":[{"embeddable":true,"href":"https:\/\/losperiodistas.com.mx\/portal\/wp-json\/wp\/v2\/media\/79995"}],"wp:attachment":[{"href":"https:\/\/losperiodistas.com.mx\/portal\/wp-json\/wp\/v2\/media?parent=79994"}],"wp:term":[{"taxonomy":"category","embeddable":true,"href":"https:\/\/losperiodistas.com.mx\/portal\/wp-json\/wp\/v2\/categories?post=79994"},{"taxonomy":"post_tag","embeddable":true,"href":"https:\/\/losperiodistas.com.mx\/portal\/wp-json\/wp\/v2\/tags?post=79994"}],"curies":[{"name":"wp","href":"https:\/\/api.w.org\/{rel}","templated":true}]}}