{"id":79990,"date":"2024-07-17T08:05:10","date_gmt":"2024-07-17T13:05:10","guid":{"rendered":"https:\/\/losperiodistas.com.mx\/portal\/?p=79990"},"modified":"2024-07-17T08:05:12","modified_gmt":"2024-07-17T13:05:12","slug":"despenalizacion-del-aborto-en-puebla-arquidiocesis-anuncia-acciones-aleteia","status":"publish","type":"post","link":"https:\/\/losperiodistas.com.mx\/portal\/despenalizacion-del-aborto-en-puebla-arquidiocesis-anuncia-acciones-aleteia\/","title":{"rendered":"Despenalizaci\u00f3n del aborto en Puebla: arquidi\u00f3cesis anuncia acciones | Aleteia"},"content":{"rendered":"\n<p class=\"has-luminous-vivid-amber-background-color has-background has-medium-font-size\"><em>\u00abNos conforta saber que es la presencia de Jes\u00fas entre nosotros lo que nos impulsa a renovar esfuerzos en nuestra misi\u00f3n de llevar a todos a la salvaci\u00f3n y de anunciar el Evangelio de la vida\u00bb<\/em><\/p>\n\n\n\n<p><\/p>\n\n\n\n<figure class=\"wp-block-image size-full\"><img fetchpriority=\"high\" decoding=\"async\" width=\"960\" height=\"640\" src=\"https:\/\/losperiodistas.com.mx\/portal\/wp-content\/uploads\/2024\/07\/teresa-andes.jpg\" alt=\"\" class=\"wp-image-79991\" srcset=\"https:\/\/losperiodistas.com.mx\/portal\/wp-content\/uploads\/2024\/07\/teresa-andes.jpg 960w, https:\/\/losperiodistas.com.mx\/portal\/wp-content\/uploads\/2024\/07\/teresa-andes-300x200.jpg 300w, https:\/\/losperiodistas.com.mx\/portal\/wp-content\/uploads\/2024\/07\/teresa-andes-768x512.jpg 768w\" sizes=\"(max-width: 960px) 100vw, 960px\" \/><figcaption>Alessandro28 | Shutterstock<\/figcaption><\/figure>\n\n\n\n<p class=\"has-vivid-red-color has-text-color has-medium-font-size\"><strong>Majo Fr\u00edas \/ Aleteia<\/strong><\/p>\n\n\n\n<p>El lunes 15 de julio de 2024&nbsp;<a href=\"https:\/\/elpais.com\/mexico\/2024-07-16\/puebla-se-une-a-los-estados-que-han-despenalizado-el-aborto-en-mexico.html#:~:text=De%20acuerdo%20con%20un%20comunicado,Formaci%C3%B3n%20e%20Iniciativa%20Social%2C%20A.C.\" target=\"_blank\" rel=\"noreferrer noopener\">el Congreso de Puebla aprob\u00f3 la despenalizaci\u00f3n del aborto<\/a>&nbsp;en el estado. Con esto ya son 14 estados (de 32 que tiene la rep\u00fablica) los que permiten el aborto hasta las 12 semanas de gestaci\u00f3n. En este contexto, la&nbsp;<a href=\"https:\/\/arquidiocesisdepuebla.mx\/\" target=\"_blank\" rel=\"noreferrer noopener\">Arquidi\u00f3cesis de Puebla<\/a>&nbsp;manifest\u00f3 su profunda tristeza y lament\u00f3 que se niegue el derecho a la vida.<\/p>\n\n\n\n<p>Reconociendo que la Iglesia recibi\u00f3 una misi\u00f3n de Dios, que no depende de normas humanas,\u00a0<a href=\"https:\/\/x.com\/Arqui_Puebla\/status\/1813090240468312507?ref_src=twsrc%5Egoogle%7Ctwcamp%5Eserp%7Ctwgr%5Etweet\" target=\"_blank\" rel=\"noreferrer noopener\">propuso acciones<\/a>\u00a0para responder de manera concreta a los desaf\u00edos pastorales de nuestro tiempo, \u201cen el que lamentablemente las nuevas ideolog\u00edas deshumanizan al no nacido\u201d:<\/p>\n\n\n\n<div class=\"wp-block-image\"><figure class=\"alignright size-full is-resized\"><img decoding=\"async\" src=\"https:\/\/losperiodistas.com.mx\/portal\/wp-content\/uploads\/2024\/07\/Captura-de-Pantalla-2022-01-06-a-las-5.39.02.png\" alt=\"\" class=\"wp-image-79992\" width=\"78\" height=\"137\" srcset=\"https:\/\/losperiodistas.com.mx\/portal\/wp-content\/uploads\/2024\/07\/Captura-de-Pantalla-2022-01-06-a-las-5.39.02.png 388w, https:\/\/losperiodistas.com.mx\/portal\/wp-content\/uploads\/2024\/07\/Captura-de-Pantalla-2022-01-06-a-las-5.39.02-171x300.png 171w\" sizes=\"(max-width: 78px) 100vw, 78px\" \/><figcaption><a href=\"https:\/\/whatsapp.com\/channel\/0029VaeRnMa77qVakJPLMI09\">\u00daNETE AL CANAL DE LOS PERIODISTAS \u00a1ES GRATIS!<\/a><\/figcaption><\/figure><\/div>\n\n\n\n<h2 class=\"wp-block-heading\">Desde la pastoral lit\u00fargica:<\/h2>\n\n\n\n<p>Se promover\u00e1 la oraci\u00f3n y la celebraci\u00f3n eucar\u00edstica para pedir por las mujeres que est\u00e1n considerando el aborto y, hasta comenzar el a\u00f1o jubilar, se realizar\u00e1 una oraci\u00f3n de desagravio cada viernes primero de mes.<\/p>\n\n\n\n<h2 class=\"wp-block-heading\">Desde la pastoral de la comunicaci\u00f3n:<\/h2>\n\n\n\n<p>Se crear\u00e1 una campa\u00f1a permanente en las redes sociales de la Arquidi\u00f3cesis y en las parroquias para concientizar sobre \u201cel valor inconmensurable de la vida humana y brindar elementos de formaci\u00f3n en valores\u201d.<\/p>\n\n\n\n<h2 class=\"wp-block-heading\">Desde la pastoral prof\u00e9tica y pastoral familiar:<\/h2>\n\n\n\n<p>Con empe\u00f1o renovado, continuar\u00e1n anunciado a Cristo y fomentando la vivencia sana del amor y la sexualidad para prevenir embarazos no deseados.<\/p>\n\n\n\n<p>\u201cComo Iglesia hemos constatado con preocupaci\u00f3n c\u00f3mo muchos varones, ante un embarazo, abandonan a la mujer y la dejan a su suerte, y ella sufre el rechazo a\u00fan en su propia familia. Por eso, desde la formaci\u00f3n inicial de los ni\u00f1os de catecismo, se promover\u00e1n los valores de la familia, la responsabilidad, el respeto y el dominio de s\u00ed\u201d.<\/p>\n\n\n\n<figure class=\"wp-block-image\"><img decoding=\"async\" src=\"https:\/\/wp.es.aleteia.org\/wp-content\/uploads\/sites\/7\/2024\/03\/shutterstock_1188981997.jpg?w=960&amp;q=75\" alt=\"Aborto: 4 ideas desmentidas y una soluci\u00f3n\"\/><\/figure>\n\n\n\n<p><em>Te puede interesar :<\/em><a href=\"https:\/\/es.aleteia.org\/2024\/03\/20\/aborto-4-ideas-desmentidas-y-una-solucion\">Aborto: 4 ideas desmentidas y una soluci\u00f3n<\/a><\/p>\n\n\n\n<h2 class=\"wp-block-heading\">Desde la dimensi\u00f3n vida:<\/h2>\n\n\n\n<figure class=\"wp-block-image\"><img decoding=\"async\" src=\"https:\/\/wp.es.aleteia.org\/wp-content\/uploads\/sites\/7\/2016\/09\/web3-baby-hand-mother-hands-de-nikkos-i-shutterstock.jpg?w=960&amp;q=75\" alt=\"BABY HAND\"\/><\/figure>\n\n\n\n<p>Seguir\u00e1n promoviendo el amor a la vida, \u201cconstruyendo y consolidando a las familias para que cada d\u00eda sean m\u00e1s fuertes y que como santuario, abracen, custodien, respeten, protejan y celebren este grand\u00edsimo regalo que viene de Dios: la vida\u201d.<\/p>\n\n\n\n<h2 class=\"wp-block-heading\">Desde la pastoral juvenil:<\/h2>\n\n\n\n<p>Continuar\u00e1n con el esfuerzo -hasta ahora realizado- de formar a los j\u00f3venes para vivir el amor humano, la fidelidad, responsabilidad, castidad y respeto. \u201cAdem\u00e1s se les animar\u00e1 a no tener miedo de ser protagonistas en el cambio social\u201d.<\/p>\n\n\n\n<h2 class=\"wp-block-heading\">Desde la pastoral social:<\/h2>\n\n\n\n<p>Continuar\u00e1n promoviendo la caridad como factor que dinamice toda la acci\u00f3n de la Iglesia en favor de las personas m\u00e1s necesitadas, vulnerables y excluidas, \u201cpara que, brind\u00e1ndoles el apoyo necesario, sean conscientes de su dignidad y mantengan la esperanza en una vida mejor\u201d.<\/p>\n\n\n\n<p>La Arquidi\u00f3cesis de Puebla, a pesar de su consternaci\u00f3n, se manifiestan llenos de esperanza en la certeza de que Jes\u00fas \u201cel Se\u00f1or de la Vida, triunfar\u00e1 sobre la cultura del descarte y la cultura de la muerte\u201d.<\/p>\n\n\n\n<blockquote class=\"wp-block-quote is-layout-flow wp-block-quote-is-layout-flow\"><p><em><\/em><\/p><p><em>Nos conforta saber que es la presencia de Jes\u00fas entre nosotros lo que nos impulsa a renovar esfuerzos en nuestra misi\u00f3n de llevar a todos a la salvaci\u00f3n y de anunciar el Evangelio de la vida\u201d<\/em><\/p><\/blockquote>\n\n\n\n<p>Fuente: <a href=\"https:\/\/es.aleteia.org\/2024\/07\/16\/despenalizacion-del-aborto-en-puebla-arquidiocesis-anuncia-acciones\">https:\/\/es.aleteia.org\/2024\/07\/16\/despenalizacion-del-aborto-en-puebla-arquidiocesis-anuncia-acciones<\/a><\/p>\n","protected":false},"excerpt":{"rendered":"<p>\u00abNos conforta saber que es la presencia de Jes\u00fas entre nosotros lo que nos impulsa a renovar esfuerzos en nuestra [&hellip;]<\/p>\n","protected":false},"author":1,"featured_media":79991,"comment_status":"open","ping_status":"open","sticky":false,"template":"","format":"standard","meta":{"site-sidebar-layout":"default","site-content-layout":"","ast-site-content-layout":"default","site-content-style":"default","site-sidebar-style":"default","ast-global-header-display":"","ast-banner-title-visibility":"","ast-main-header-display":"","ast-hfb-above-header-display":"","ast-hfb-below-header-display":"","ast-hfb-mobile-header-display":"","site-post-title":"","ast-breadcrumbs-content":"","ast-featured-img":"","footer-sml-layout":"","theme-transparent-header-meta":"","adv-header-id-meta":"","stick-header-meta":"","header-above-stick-meta":"","header-main-stick-meta":"","header-below-stick-meta":"","astra-migrate-meta-layouts":"default","ast-page-background-enabled":"default","ast-page-background-meta":{"desktop":{"background-color":"var(--ast-global-color-4)","background-image":"","background-repeat":"repeat","background-position":"center center","background-size":"auto","background-attachment":"scroll","background-type":"","background-media":"","overlay-type":"","overlay-color":"","overlay-opacity":"","overlay-gradient":""},"tablet":{"background-color":"","background-image":"","background-repeat":"repeat","background-position":"center center","background-size":"auto","background-attachment":"scroll","background-type":"","background-media":"","overlay-type":"","overlay-color":"","overlay-opacity":"","overlay-gradient":""},"mobile":{"background-color":"","background-image":"","background-repeat":"repeat","background-position":"center center","background-size":"auto","background-attachment":"scroll","background-type":"","background-media":"","overlay-type":"","overlay-color":"","overlay-opacity":"","overlay-gradient":""}},"ast-content-background-meta":{"desktop":{"background-color":"var(--ast-global-color-5)","background-image":"","background-repeat":"repeat","background-position":"center center","background-size":"auto","background-attachment":"scroll","background-type":"","background-media":"","overlay-type":"","overlay-color":"","overlay-opacity":"","overlay-gradient":""},"tablet":{"background-color":"var(--ast-global-color-5)","background-image":"","background-repeat":"repeat","background-position":"center center","background-size":"auto","background-attachment":"scroll","background-type":"","background-media":"","overlay-type":"","overlay-color":"","overlay-opacity":"","overlay-gradient":""},"mobile":{"background-color":"var(--ast-global-color-5)","background-image":"","background-repeat":"repeat","background-position":"center center","background-size":"auto","background-attachment":"scroll","background-type":"","background-media":"","overlay-type":"","overlay-color":"","overlay-opacity":"","overlay-gradient":""}},"footnotes":""},"categories":[8],"tags":[25817,21369,27311,27645],"class_list":["post-79990","post","type-post","status-publish","format-standard","has-post-thumbnail","hentry","category-noticias","tag-acciones","tag-arquidiocesis-de-puebla","tag-despenalizacion-del-aborto","tag-pastorales-puebla"],"_links":{"self":[{"href":"https:\/\/losperiodistas.com.mx\/portal\/wp-json\/wp\/v2\/posts\/79990","targetHints":{"allow":["GET"]}}],"collection":[{"href":"https:\/\/losperiodistas.com.mx\/portal\/wp-json\/wp\/v2\/posts"}],"about":[{"href":"https:\/\/losperiodistas.com.mx\/portal\/wp-json\/wp\/v2\/types\/post"}],"author":[{"embeddable":true,"href":"https:\/\/losperiodistas.com.mx\/portal\/wp-json\/wp\/v2\/users\/1"}],"replies":[{"embeddable":true,"href":"https:\/\/losperiodistas.com.mx\/portal\/wp-json\/wp\/v2\/comments?post=79990"}],"version-history":[{"count":1,"href":"https:\/\/losperiodistas.com.mx\/portal\/wp-json\/wp\/v2\/posts\/79990\/revisions"}],"predecessor-version":[{"id":79993,"href":"https:\/\/losperiodistas.com.mx\/portal\/wp-json\/wp\/v2\/posts\/79990\/revisions\/79993"}],"wp:featuredmedia":[{"embeddable":true,"href":"https:\/\/losperiodistas.com.mx\/portal\/wp-json\/wp\/v2\/media\/79991"}],"wp:attachment":[{"href":"https:\/\/losperiodistas.com.mx\/portal\/wp-json\/wp\/v2\/media?parent=79990"}],"wp:term":[{"taxonomy":"category","embeddable":true,"href":"https:\/\/losperiodistas.com.mx\/portal\/wp-json\/wp\/v2\/categories?post=79990"},{"taxonomy":"post_tag","embeddable":true,"href":"https:\/\/losperiodistas.com.mx\/portal\/wp-json\/wp\/v2\/tags?post=79990"}],"curies":[{"name":"wp","href":"https:\/\/api.w.org\/{rel}","templated":true}]}}