{"id":79987,"date":"2024-07-17T07:46:24","date_gmt":"2024-07-17T12:46:24","guid":{"rendered":"https:\/\/losperiodistas.com.mx\/portal\/?p=79987"},"modified":"2024-07-17T07:46:26","modified_gmt":"2024-07-17T12:46:26","slug":"detenido-el-jefe-de-seguridad-de-la-opositora-venezolana-maria-corina-machado-efe","status":"publish","type":"post","link":"https:\/\/losperiodistas.com.mx\/portal\/detenido-el-jefe-de-seguridad-de-la-opositora-venezolana-maria-corina-machado-efe\/","title":{"rendered":"Detenido el jefe de seguridad de la opositora venezolana Mar\u00eda Corina Machado | EFE"},"content":{"rendered":"\n<figure class=\"wp-block-image size-full\"><img fetchpriority=\"high\" decoding=\"async\" width=\"900\" height=\"599\" src=\"https:\/\/losperiodistas.com.mx\/portal\/wp-content\/uploads\/2024\/07\/VENEZUELA-MACHADO.jpg\" alt=\"\" class=\"wp-image-79988\" srcset=\"https:\/\/losperiodistas.com.mx\/portal\/wp-content\/uploads\/2024\/07\/VENEZUELA-MACHADO.jpg 900w, https:\/\/losperiodistas.com.mx\/portal\/wp-content\/uploads\/2024\/07\/VENEZUELA-MACHADO-300x200.jpg 300w, https:\/\/losperiodistas.com.mx\/portal\/wp-content\/uploads\/2024\/07\/VENEZUELA-MACHADO-768x511.jpg 768w\" sizes=\"(max-width: 900px) 100vw, 900px\" \/><figcaption>Exterior de la sede del partido pol\u00edtico VENTE en Caracas. EFE\/ Miguel Guti\u00e9rrez<\/figcaption><\/figure>\n\n\n\n<p class=\"has-vivid-red-color has-text-color has-medium-font-size\"><strong>REDACCI\u00d3N EFE<\/strong><\/p>\n\n\n\n<p>Caracas (EFE).- Funcionarios de cuerpos de seguridad del Estado venezolano detuvieron este mi\u00e9rcoles al \u201cjefe de protecci\u00f3n\u201d de la l\u00edder opositora Mar\u00eda Corina Machado, Milciades \u00c1vila, cuando se encontraba en su vivienda.<\/p>\n\n\n\n<p>As\u00ed lo inform\u00f3 el partido antichavista Vente Venezuela, en su cuenta de X.<\/p>\n\n\n\n<figure class=\"wp-block-embed is-type-rich is-provider-twitter wp-block-embed-twitter\"><div class=\"wp-block-embed__wrapper\">\n<blockquote class=\"twitter-tweet\" data-width=\"500\" data-dnt=\"true\"><p lang=\"es\" dir=\"ltr\"><a href=\"https:\/\/twitter.com\/hashtag\/Urgente?src=hash&amp;ref_src=twsrc%5Etfw\">#Urgente<\/a> Secuestrado jefe de protecci\u00f3n de Mar\u00eda Corina Machado (<a href=\"https:\/\/twitter.com\/MariaCorinaYA?ref_src=twsrc%5Etfw\">@MariaCorinaYA<\/a>), Milciades \u00c1vila. <br><br>Hoy en la madrugada, funcionarios del r\u00e9gimen ingresaron a la fuerza a la vivienda donde se encontraba, violando todo procedimiento legal. <br><br>\u00a1Exigimos su liberaci\u00f3n inmediata! <a href=\"https:\/\/t.co\/uo47ufEv3b\">pic.twitter.com\/uo47ufEv3b<\/a><\/p>&mdash; DDHH Vente Venezuela (@VenteDDHH) <a href=\"https:\/\/twitter.com\/VenteDDHH\/status\/1813517753426513950?ref_src=twsrc%5Etfw\">July 17, 2024<\/a><\/blockquote><script async src=\"https:\/\/platform.twitter.com\/widgets.js\" charset=\"utf-8\"><\/script>\n<\/div><\/figure>\n\n\n\n<p>El mensaje aparece acompa\u00f1ado de una foto de \u00c1vila, encargado de velar por la seguridad de la opositora durante la campa\u00f1a electoral, en la que Machado encabeza las actividades por diversos estados del pa\u00eds del abanderado de la oposici\u00f3n mayoritaria -Plataforma Unitaria Democr\u00e1tica (PUD)-, Edmundo Gonz\u00e1lez Urrutia.<\/p>\n\n\n\n<figure class=\"wp-block-image\"><img decoding=\"async\" src=\"https:\/\/i0.wp.com\/efe.com\/wp-content\/uploads\/2024\/07\/VENEZUELA-ELECCIONES.jpg?resize=900%2C599&amp;ssl=1\" alt=\"El candidato a la presidencia de Venezuela, Edmundo Gonz\u00e1lez (i), y la l\u00edder de la oposici\u00f3n, Mar\u00eda Corina Machado, participan en un acto de campa\u00f1a, en Puerto La Cruz (Venezuela)\" class=\"wp-image-1230161\"\/><figcaption>El candidato a la presidencia de Venezuela, Edmundo Gonz\u00e1lez (i), y la l\u00edder de la oposici\u00f3n, Mar\u00eda Corina Machado, participan en un acto de campa\u00f1a, en Puerto La Cruz (Venezuela). EFE\/ Miguel Guti\u00e9rrez<\/figcaption><\/figure>\n\n\n\n<p>Por el momento, se desconocen los motivos por los que se llev\u00f3 a cabo la detenci\u00f3n y el lugar al que fue trasladado el jefe de seguridad de la opositora tras ser sacado de su casa.&nbsp;<\/p>\n\n\n\n<h2 class=\"wp-block-heading\" id=\"h-denuncias-contra-la-campana-de-urrutia\">Denuncias contra la campa\u00f1a de Urrutia<\/h2>\n\n\n\n<p><a href=\"https:\/\/efe.com\/mundo\/2023-10-24\/machado-supera-el-92-de-votos-en-las-primarias-antichavistas\/\">Machado fue la ganadora de las primarias antichavistas&nbsp;<\/a>de octubre por una aplastante mayor\u00eda, pero no pudo postularse a las presidenciales debido a una inhabilitaci\u00f3n pol\u00edtica impuesta por la Contralor\u00eda General, que le impide ocupar cargos p\u00fablicos de elecci\u00f3n popular hasta 2036.<\/p>\n\n\n\n<p>Seg\u00fan inform\u00f3 este martes la ONG Foro Penal, las autoridades de Venezuela han detenido este a\u00f1o a 102 personas vinculadas con la campa\u00f1a de Gonz\u00e1lez Urrutia, el candidato presidencial de PUD -a las que ahora se suma \u00c1vila.<\/p>\n\n\n\n<blockquote class=\"wp-block-quote is-layout-flow wp-block-quote-is-layout-flow\"><p><a href=\"http:\/\/efe.com\/mundo\/2024-07-16\/venezuela-campana-elecciones-opositores\/\">Las detenciones de opositores marcan la campa\u00f1a a 13 d\u00edas de las elecciones en Venezuela<\/a><\/p><\/blockquote>\n\n\n\n<p>http:\/\/efe.com\/mundo\/2024-07-16\/venezuela-campana-elecciones-opositores\/embed\/#?secret=G6wBLHV8ju#?secret=efs8ejn8fd<\/p>\n\n\n\n<p>De las 102 detenciones, 77 se registraron a partir del comienzo formal de la campa\u00f1a, el pasado 4 de julio, lo que refleja \u201cun claro patr\u00f3n de actuaci\u00f3n contra activistas, militantes, incluso colaboradores o personas que prestan sus servicios\u201d a Gonz\u00e1lez Urrutia y a Machado, dijo Gonzalo Himiob, director del Foro Penal.<\/p>\n\n\n\n<p>En las elecciones del pr\u00f3ximo 28 de julio, competir\u00e1n por la Presidencia, adem\u00e1s de Gonz\u00e1lez Urrutia, nueve candidatos m\u00e1s, entre los que se encuentra el presidente Nicol\u00e1s Maduro, que buscar\u00e1 su tercer mandato<\/p>\n\n\n\n<p>Fuente: <a href=\"https:\/\/efe.com\/mundo\/2024-07-17\/detenido-jefe-seguridad-opositora-venezuela-machado\/\">https:\/\/efe.com\/mundo\/2024-07-17\/detenido-jefe-seguridad-opositora-venezuela-machado\/<\/a><\/p>\n","protected":false},"excerpt":{"rendered":"<p>REDACCI\u00d3N EFE Caracas (EFE).- Funcionarios de cuerpos de seguridad del Estado venezolano detuvieron este mi\u00e9rcoles al \u201cjefe de protecci\u00f3n\u201d de [&hellip;]<\/p>\n","protected":false},"author":1,"featured_media":79988,"comment_status":"open","ping_status":"open","sticky":false,"template":"","format":"standard","meta":{"site-sidebar-layout":"default","site-content-layout":"","ast-site-content-layout":"default","site-content-style":"default","site-sidebar-style":"default","ast-global-header-display":"","ast-banner-title-visibility":"","ast-main-header-display":"","ast-hfb-above-header-display":"","ast-hfb-below-header-display":"","ast-hfb-mobile-header-display":"","site-post-title":"","ast-breadcrumbs-content":"","ast-featured-img":"","footer-sml-layout":"","theme-transparent-header-meta":"","adv-header-id-meta":"","stick-header-meta":"","header-above-stick-meta":"","header-main-stick-meta":"","header-below-stick-meta":"","astra-migrate-meta-layouts":"default","ast-page-background-enabled":"default","ast-page-background-meta":{"desktop":{"background-color":"var(--ast-global-color-4)","background-image":"","background-repeat":"repeat","background-position":"center center","background-size":"auto","background-attachment":"scroll","background-type":"","background-media":"","overlay-type":"","overlay-color":"","overlay-opacity":"","overlay-gradient":""},"tablet":{"background-color":"","background-image":"","background-repeat":"repeat","background-position":"center center","background-size":"auto","background-attachment":"scroll","background-type":"","background-media":"","overlay-type":"","overlay-color":"","overlay-opacity":"","overlay-gradient":""},"mobile":{"background-color":"","background-image":"","background-repeat":"repeat","background-position":"center center","background-size":"auto","background-attachment":"scroll","background-type":"","background-media":"","overlay-type":"","overlay-color":"","overlay-opacity":"","overlay-gradient":""}},"ast-content-background-meta":{"desktop":{"background-color":"var(--ast-global-color-5)","background-image":"","background-repeat":"repeat","background-position":"center center","background-size":"auto","background-attachment":"scroll","background-type":"","background-media":"","overlay-type":"","overlay-color":"","overlay-opacity":"","overlay-gradient":""},"tablet":{"background-color":"var(--ast-global-color-5)","background-image":"","background-repeat":"repeat","background-position":"center center","background-size":"auto","background-attachment":"scroll","background-type":"","background-media":"","overlay-type":"","overlay-color":"","overlay-opacity":"","overlay-gradient":""},"mobile":{"background-color":"var(--ast-global-color-5)","background-image":"","background-repeat":"repeat","background-position":"center center","background-size":"auto","background-attachment":"scroll","background-type":"","background-media":"","overlay-type":"","overlay-color":"","overlay-opacity":"","overlay-gradient":""}},"footnotes":""},"categories":[8],"tags":[23513,19966,27643,2936],"class_list":["post-79987","post","type-post","status-publish","format-standard","has-post-thumbnail","hentry","category-noticias","tag-elecciones-venezuela","tag-maria-corina-machado","tag-milciades-avila","tag-nicolas-maduro"],"_links":{"self":[{"href":"https:\/\/losperiodistas.com.mx\/portal\/wp-json\/wp\/v2\/posts\/79987","targetHints":{"allow":["GET"]}}],"collection":[{"href":"https:\/\/losperiodistas.com.mx\/portal\/wp-json\/wp\/v2\/posts"}],"about":[{"href":"https:\/\/losperiodistas.com.mx\/portal\/wp-json\/wp\/v2\/types\/post"}],"author":[{"embeddable":true,"href":"https:\/\/losperiodistas.com.mx\/portal\/wp-json\/wp\/v2\/users\/1"}],"replies":[{"embeddable":true,"href":"https:\/\/losperiodistas.com.mx\/portal\/wp-json\/wp\/v2\/comments?post=79987"}],"version-history":[{"count":1,"href":"https:\/\/losperiodistas.com.mx\/portal\/wp-json\/wp\/v2\/posts\/79987\/revisions"}],"predecessor-version":[{"id":79989,"href":"https:\/\/losperiodistas.com.mx\/portal\/wp-json\/wp\/v2\/posts\/79987\/revisions\/79989"}],"wp:featuredmedia":[{"embeddable":true,"href":"https:\/\/losperiodistas.com.mx\/portal\/wp-json\/wp\/v2\/media\/79988"}],"wp:attachment":[{"href":"https:\/\/losperiodistas.com.mx\/portal\/wp-json\/wp\/v2\/media?parent=79987"}],"wp:term":[{"taxonomy":"category","embeddable":true,"href":"https:\/\/losperiodistas.com.mx\/portal\/wp-json\/wp\/v2\/categories?post=79987"},{"taxonomy":"post_tag","embeddable":true,"href":"https:\/\/losperiodistas.com.mx\/portal\/wp-json\/wp\/v2\/tags?post=79987"}],"curies":[{"name":"wp","href":"https:\/\/api.w.org\/{rel}","templated":true}]}}