{"id":79983,"date":"2024-07-17T07:16:01","date_gmt":"2024-07-17T12:16:01","guid":{"rendered":"https:\/\/losperiodistas.com.mx\/portal\/?p=79983"},"modified":"2024-07-17T07:16:03","modified_gmt":"2024-07-17T12:16:03","slug":"republicanos-cargan-contra-biden-sus-politicas-y-los-migrantes-el-financiero","status":"publish","type":"post","link":"https:\/\/losperiodistas.com.mx\/portal\/republicanos-cargan-contra-biden-sus-politicas-y-los-migrantes-el-financiero\/","title":{"rendered":"Republicanos cargan contra Biden, sus pol\u00edticas y los migrantes | El Financiero"},"content":{"rendered":"\n<h2 class=\"wp-block-heading\">La problem\u00e1tica de la frontera con M\u00e9xico ocup\u00f3 el lugar estelar en la segunda jornada de la Convenci\u00f3n Nacional Republicana.<\/h2>\n\n\n\n<figure class=\"wp-block-image size-large\"><img fetchpriority=\"high\" decoding=\"async\" width=\"1024\" height=\"679\" src=\"https:\/\/losperiodistas.com.mx\/portal\/wp-content\/uploads\/2024\/07\/Captura-de-Pantalla-2024-07-17-a-las-5.52.07-1024x679.jpg\" alt=\"\" class=\"wp-image-79984\" srcset=\"https:\/\/losperiodistas.com.mx\/portal\/wp-content\/uploads\/2024\/07\/Captura-de-Pantalla-2024-07-17-a-las-5.52.07-1024x679.jpg 1024w, https:\/\/losperiodistas.com.mx\/portal\/wp-content\/uploads\/2024\/07\/Captura-de-Pantalla-2024-07-17-a-las-5.52.07-300x199.jpg 300w, https:\/\/losperiodistas.com.mx\/portal\/wp-content\/uploads\/2024\/07\/Captura-de-Pantalla-2024-07-17-a-las-5.52.07-768x509.jpg 768w, https:\/\/losperiodistas.com.mx\/portal\/wp-content\/uploads\/2024\/07\/Captura-de-Pantalla-2024-07-17-a-las-5.52.07-1536x1019.jpg 1536w, https:\/\/losperiodistas.com.mx\/portal\/wp-content\/uploads\/2024\/07\/Captura-de-Pantalla-2024-07-17-a-las-5.52.07.jpg 1830w\" sizes=\"(max-width: 1024px) 100vw, 1024px\" \/><figcaption>El senador por Texas Ted Cruz responsabiliz\u00f3 directamente a los inmigrantes de los cr\u00edmenes cometidos contra estadounidenses de raza blanca. [Fotograf\u00eda. EFE]<\/figcaption><\/figure>\n\n\n\n<p class=\"has-vivid-red-color has-text-color has-medium-font-size\"><strong>Jos\u00e9 L\u00f3pez Zamorano \/ Corresponsal \/ El Financiero<\/strong><\/p>\n\n\n\n<p>Ante un sonriente&nbsp;<a href=\"https:\/\/www.elfinanciero.com.mx\/mundo\/2024\/07\/16\/jd-vance-estas-son-las-posturas-polemicas-que-caracterizan-al-companero-de-formula-de-donald-trump\/\" target=\"_blank\" rel=\"noreferrer noopener\">Donald Trump,<\/a>&nbsp;la plana mayor del Partido Republicano, incluidos los gobernadores de Florida,&nbsp;<strong>Ron DeSantis,<\/strong>&nbsp;la exgobernadora de Carolina del Sur&nbsp;<strong>Nikki Hailey&nbsp;<\/strong>y el senador cubano-americano Ted Cruz, se lanzaron contra<strong>&nbsp;la pol\u00edtica migratoria de Joe Biden<\/strong>&nbsp;y los migrantes, a quienes culparon de la ola de criminalidad en Estados Unidos.<\/p>\n\n\n\n<p>En la segunda jornada de la Convenci\u00f3n Nacional Republicana, donde Trump apareci\u00f3 alzando el pu\u00f1o y m\u00e1s energizado que la noche anterior, la problem\u00e1tica de<a href=\"https:\/\/www.elfinanciero.com.mx\/mundo\/2024\/07\/09\/plataforma-republicana-2024-sellar-la-frontera-y-demoler-a-los-carteles\/\" target=\"_blank\" rel=\"noreferrer noopener\">la frontera con M\u00e9xico<\/a>&nbsp;ocup\u00f3 el lugar estelar en los discursos de un largo desfile de pol\u00edticos y de familiares de estadounidenses blancos v\u00edctimas de&nbsp;<strong>la violencia de migrantes.<\/strong><\/p>\n\n\n\n<p>Haley, hija de migrantes indios y segundo lugar en la carrera a la nominaci\u00f3n presidencial republicana durante las primarias, deton\u00f3 la embestida contra&nbsp;<a href=\"https:\/\/www.elfinanciero.com.mx\/mundo\/2024\/06\/18\/cual-es-el-plan-de-biden-para-que-medio-millon-de-migrantes-consiga-la-ciudadania-estadounidense\/\" target=\"_blank\" rel=\"noreferrer noopener\">la pol\u00edtica migratoria de la administraci\u00f3n Biden<\/a>&nbsp;enfocando sus bater\u00edas contra la vicepresidenta Kamala Harris, a quien ridiculiz\u00f3 por su supuesto fracaso para controlar la frontera con M\u00e9xico.<\/p>\n\n\n\n<p>\u201cKamala (Harris) ten\u00eda s\u00f3lo un trabajo, arreglar la frontera. Ahora imag\u00ednense a cargo de todo el pa\u00eds bajo Joe Biden.\u00a0<strong>Los migrantes est\u00e1n llegando a nuestro pa\u00eds por miles todos los d\u00edas.\u00a0<\/strong>No tenemos idea de qui\u00e9nes son, d\u00f3nde terminan o qu\u00e9 planean hacer\u201d, dijo en medio de aplausos.<\/p>\n\n\n\n<hr class=\"wp-block-separator\"\/>\n\n\n\n<p>En su turno, el exrival pol\u00edtico de Trump y gobernador de Florida, Ron DeSantis, centr\u00f3 sus cr\u00edticas en el presidente.<\/p>\n\n\n\n<p>\u201cBiden es un figur\u00edn, una herramienta para imponer una agenda izquierdista al pueblo de Estados Unidos.\u00a0<strong>Apoyan fronteras abiertas<\/strong>. Permiten que millones y millones de extranjeros ilegales entren a nuestro pa\u00eds y amen a nuestras comunidades\u201d, asegur\u00f3 el mandatario local.<a href=\"https:\/\/www.elfinanciero.com.mx\/mundo\/2024\/07\/16\/podria-minar-la-moral-democratas-cuestionan-que-joe-biden-reciba-candidatura-expedita\/\"><\/a><a href=\"https:\/\/www.elfinanciero.com.mx\/mundo\/2024\/07\/16\/podria-minar-la-moral-democratas-cuestionan-que-joe-biden-reciba-candidatura-expedita\/\">\u2018<\/a><\/p>\n\n\n\n<p><a href=\"https:\/\/www.elfinanciero.com.mx\/mundo\/2024\/07\/16\/podria-minar-la-moral-democratas-cuestionan-que-joe-biden-reciba-candidatura-expedita\/\">Podr\u00eda minar la moral\u2019: Dem\u00f3cratas cuestionan que Joe Biden reciba candidatura expedita<\/a><\/p>\n\n\n\n<hr class=\"wp-block-separator\"\/>\n\n\n\n<p>Por su parte el senador por Texas<strong>\u00a0Ted Cruz responsabiliz\u00f3 directamente a los inmigrantes<\/strong>\u00a0de los cr\u00edmenes cometidos contra estadounidenses de raza blanca.<\/p>\n\n\n\n<p>\u201cEstamos enfrentando una invasi\u00f3n a nuestra frontera sr. No es algo figurativo, una invasi\u00f3n literal de 11.5 millones de personas han cruzado nuestra frontera ilegalmente bajo Joe Biden. En esta arena caben 18 mil soldados, ahora imag\u00ednense 639 arenas como esta llenas hasta el tope. Esos son 11.5 millones de personas\u201d, exclam\u00f3.<\/p>\n\n\n\n<p>Aunque el otro senador cubano-americano,\u00a0<strong>Marco Rubio<\/strong>, quien se qued\u00f3 en la lista de finalistas para obtener la candidatura vicepresidencial como compa\u00f1ero de Trump, se refiri\u00f3 a la importancia de la migraci\u00f3n legal, evit\u00f3 atacar directamente al presidente Biden o los migrantes.<\/p>\n\n\n\n<p>Fuente: <a href=\"https:\/\/www.elfinanciero.com.mx\/mundo\/2024\/07\/17\/republicanos-cargan-contra-biden-sus-politicas-y-los-migrantes\/\">https:\/\/www.elfinanciero.com.mx\/mundo\/2024\/07\/17\/republicanos-cargan-contra-biden-sus-politicas-y-los-migrantes\/<\/a><\/p>\n","protected":false},"excerpt":{"rendered":"<p>La problem\u00e1tica de la frontera con M\u00e9xico ocup\u00f3 el lugar estelar en la segunda jornada de la Convenci\u00f3n Nacional Republicana. [&hellip;]<\/p>\n","protected":false},"author":1,"featured_media":79984,"comment_status":"open","ping_status":"open","sticky":false,"template":"","format":"standard","meta":{"site-sidebar-layout":"default","site-content-layout":"","ast-site-content-layout":"default","site-content-style":"default","site-sidebar-style":"default","ast-global-header-display":"","ast-banner-title-visibility":"","ast-main-header-display":"","ast-hfb-above-header-display":"","ast-hfb-below-header-display":"","ast-hfb-mobile-header-display":"","site-post-title":"","ast-breadcrumbs-content":"","ast-featured-img":"","footer-sml-layout":"","theme-transparent-header-meta":"","adv-header-id-meta":"","stick-header-meta":"","header-above-stick-meta":"","header-main-stick-meta":"","header-below-stick-meta":"","astra-migrate-meta-layouts":"default","ast-page-background-enabled":"default","ast-page-background-meta":{"desktop":{"background-color":"var(--ast-global-color-4)","background-image":"","background-repeat":"repeat","background-position":"center center","background-size":"auto","background-attachment":"scroll","background-type":"","background-media":"","overlay-type":"","overlay-color":"","overlay-opacity":"","overlay-gradient":""},"tablet":{"background-color":"","background-image":"","background-repeat":"repeat","background-position":"center center","background-size":"auto","background-attachment":"scroll","background-type":"","background-media":"","overlay-type":"","overlay-color":"","overlay-opacity":"","overlay-gradient":""},"mobile":{"background-color":"","background-image":"","background-repeat":"repeat","background-position":"center center","background-size":"auto","background-attachment":"scroll","background-type":"","background-media":"","overlay-type":"","overlay-color":"","overlay-opacity":"","overlay-gradient":""}},"ast-content-background-meta":{"desktop":{"background-color":"var(--ast-global-color-5)","background-image":"","background-repeat":"repeat","background-position":"center center","background-size":"auto","background-attachment":"scroll","background-type":"","background-media":"","overlay-type":"","overlay-color":"","overlay-opacity":"","overlay-gradient":""},"tablet":{"background-color":"var(--ast-global-color-5)","background-image":"","background-repeat":"repeat","background-position":"center center","background-size":"auto","background-attachment":"scroll","background-type":"","background-media":"","overlay-type":"","overlay-color":"","overlay-opacity":"","overlay-gradient":""},"mobile":{"background-color":"var(--ast-global-color-5)","background-image":"","background-repeat":"repeat","background-position":"center center","background-size":"auto","background-attachment":"scroll","background-type":"","background-media":"","overlay-type":"","overlay-color":"","overlay-opacity":"","overlay-gradient":""}},"footnotes":""},"categories":[8],"tags":[27641,22058],"class_list":["post-79983","post","type-post","status-publish","format-standard","has-post-thumbnail","hentry","category-noticias","tag-convencion-nacional-republicana","tag-frontera-eu-mexico-2"],"_links":{"self":[{"href":"https:\/\/losperiodistas.com.mx\/portal\/wp-json\/wp\/v2\/posts\/79983","targetHints":{"allow":["GET"]}}],"collection":[{"href":"https:\/\/losperiodistas.com.mx\/portal\/wp-json\/wp\/v2\/posts"}],"about":[{"href":"https:\/\/losperiodistas.com.mx\/portal\/wp-json\/wp\/v2\/types\/post"}],"author":[{"embeddable":true,"href":"https:\/\/losperiodistas.com.mx\/portal\/wp-json\/wp\/v2\/users\/1"}],"replies":[{"embeddable":true,"href":"https:\/\/losperiodistas.com.mx\/portal\/wp-json\/wp\/v2\/comments?post=79983"}],"version-history":[{"count":1,"href":"https:\/\/losperiodistas.com.mx\/portal\/wp-json\/wp\/v2\/posts\/79983\/revisions"}],"predecessor-version":[{"id":79985,"href":"https:\/\/losperiodistas.com.mx\/portal\/wp-json\/wp\/v2\/posts\/79983\/revisions\/79985"}],"wp:featuredmedia":[{"embeddable":true,"href":"https:\/\/losperiodistas.com.mx\/portal\/wp-json\/wp\/v2\/media\/79984"}],"wp:attachment":[{"href":"https:\/\/losperiodistas.com.mx\/portal\/wp-json\/wp\/v2\/media?parent=79983"}],"wp:term":[{"taxonomy":"category","embeddable":true,"href":"https:\/\/losperiodistas.com.mx\/portal\/wp-json\/wp\/v2\/categories?post=79983"},{"taxonomy":"post_tag","embeddable":true,"href":"https:\/\/losperiodistas.com.mx\/portal\/wp-json\/wp\/v2\/tags?post=79983"}],"curies":[{"name":"wp","href":"https:\/\/api.w.org\/{rel}","templated":true}]}}