{"id":79980,"date":"2024-07-17T06:50:01","date_gmt":"2024-07-17T11:50:01","guid":{"rendered":"https:\/\/losperiodistas.com.mx\/portal\/?p=79980"},"modified":"2024-07-17T06:50:03","modified_gmt":"2024-07-17T11:50:03","slug":"dia-internacional-del-tatuaje-did","status":"publish","type":"post","link":"https:\/\/losperiodistas.com.mx\/portal\/dia-internacional-del-tatuaje-did\/","title":{"rendered":"D\u00eda Internacional del Tatuaje | DID"},"content":{"rendered":"\n<div class=\"wp-block-image\"><figure class=\"alignright size-full is-resized\"><img fetchpriority=\"high\" decoding=\"async\" src=\"https:\/\/losperiodistas.com.mx\/portal\/wp-content\/uploads\/2024\/07\/07-17_dia-internacional-tatuaje.jpg\" alt=\"\" class=\"wp-image-79981\" width=\"466\" height=\"310\" srcset=\"https:\/\/losperiodistas.com.mx\/portal\/wp-content\/uploads\/2024\/07\/07-17_dia-internacional-tatuaje.jpg 305w, https:\/\/losperiodistas.com.mx\/portal\/wp-content\/uploads\/2024\/07\/07-17_dia-internacional-tatuaje-300x200.jpg 300w\" sizes=\"(max-width: 466px) 100vw, 466px\" \/><\/figure><\/div>\n\n\n\n<p><\/p>\n\n\n\n<p class=\"has-vivid-red-color has-text-color has-medium-font-size\"><strong>REDACCI\u00d3N D\u00cdA INTERNACIONAL DE<\/strong><\/p>\n\n\n\n<p>Los apasionados de una de las expresiones art\u00edsticas corporales m\u00e1s antiguas tienen su d\u00eda.&nbsp;<strong>El 17 de julio se celebra el D\u00eda Internacional del Tatuaje.<\/strong><\/p>\n\n\n\n<p>Esta efem\u00e9ride surgi\u00f3 inicialmente en Estados Unidos, siendo conocido como&nbsp;<em><strong>National Tatto Day<\/strong><\/em>, extendiendo posteriormente esta celebraci\u00f3n a nivel internacional.<\/p>\n\n\n\n<h2 class=\"wp-block-heading\" id=\"resTit_1\">\u00bfCu\u00e1l es el origen de los tatuajes?<\/h2>\n\n\n\n<p>Se estima que los primeros tatuajes surgieron en el a\u00f1o 2.160 a.C., con hallazgos importantes en momias de la\u00a0<em><strong>cultura egipcia<\/strong><\/em>. Se utilizaban agujas de oro para la aplicaci\u00f3n de pigmentos de henna. Los tatuajes simbolizaban la prevenci\u00f3n de peligros y enfermedades, con un significado m\u00e1gico y de estatus o posici\u00f3n social.<\/p>\n\n\n\n<p>En cambio, en&nbsp;<strong><em>Asia<\/em><\/strong>&nbsp;los tatuajes surgieron en el a\u00f1o 1.000 a. C., a trav\u00e9s de las rutas comerciales de China, Jap\u00f3n y la India. En Jap\u00f3n, las mafias japonesas utilizaban los tatuajes para expresar lealtad y valent\u00eda.<\/p>\n\n\n\n<p>En&nbsp;<em><strong>Norteam\u00e9rica<\/strong><\/em>&nbsp;y&nbsp;<em><strong>Am\u00e9rica Central&nbsp;<\/strong><\/em>los tatuajes se asociaban con elementos m\u00e1gicos y religiosos, para contrarrestar a la muerte y rendir tributo a dioses.<\/p>\n\n\n\n<p>Ya para el&nbsp;<em><strong>siglo XX&nbsp;<\/strong><\/em>se comenz\u00f3 a aplicar la t\u00e9cnica de&nbsp;<em>micropigmentaci\u00f3n<\/em>, comenzando a utilizar los tatuajes como pr\u00e1ctica m\u00e9dica y est\u00e9tica a partir de 1970, con tintas antial\u00e9rgicas para la pigmentaci\u00f3n de labios, cejas y p\u00e1rpados.<\/p>\n\n\n\n<h2 class=\"wp-block-heading\" id=\"resTit_2\">\u00bfCu\u00e1ntos tipos de tatuajes existen?<\/h2>\n\n\n\n<p>Mostramos algunos tipos de tatuajes m\u00e1s utilizados en la actualidad:<\/p>\n\n\n\n<ul class=\"wp-block-list\"><li><em><strong>Blackwork:&nbsp;<\/strong><\/em>elaborados \u00fanicamente con tinta negra para crear sombras, l\u00edneas y efectos.<\/li><li><em><strong>Tradicional:&nbsp;<\/strong><\/em>conocidos igualmente como&nbsp;<strong><em>Old School<\/em><\/strong>, referidos al tatuaje tradicional americano con formas de flores, animales, entre otros.<\/li><li><em><strong>Neotradicional o New School:&nbsp;<\/strong><\/em>combina trazos gruesos y finos, que incluyen flores y otros ornamentos de fondo.<\/li><li><em><strong>Acuarela:<\/strong><\/em>&nbsp;se crean luces y sombras similares a las acuarelas en papel.<\/li><li><em><strong>Dotwork o puntilista:&nbsp;<\/strong><\/em>con dise\u00f1os, sombras y colores basados en puntos.<\/li><li><em><strong>Negro y gris:&nbsp;<\/strong><\/em>combina los estilos de blackwork y acuarela, con dise\u00f1os elaborados en color negro y tonalidades de gris.<\/li><li><strong><em>Japon\u00e9s Tradicional y Neo Japon\u00e9s:&nbsp;<\/em><\/strong>incluye dise\u00f1os y figuras cl\u00e1sicas japonesas, tales como peces, dragones, geishas y samur\u00e1is.<\/li><li><em><strong>Tribal:<\/strong><\/em>&nbsp;basado en s\u00edmbolos tribales y \u00e9tnicos.<\/li><li><em><strong>G\u00f3tico:&nbsp;<\/strong><\/em>inspirados en el cine de terror cl\u00e1sico, con dise\u00f1os de colores rojo y negro (calaveras, rosas con sangre, castillos).<\/li><\/ul>\n\n\n\n<h2 class=\"wp-block-heading\" id=\"resTit_3\">\u00bfSab\u00edas que? Datos curiosos acerca de los tatuajes<\/h2>\n\n\n\n<p>Estos son algunos datos curiosos e interesantes sobre el mundo del tatuaje:<\/p>\n\n\n\n<ul class=\"wp-block-list\"><li>A finales del siglo XIX&nbsp;<em>Thomas Alva Edison<\/em>&nbsp;invent\u00f3 la primera m\u00e1quina de tatuar.<\/li><li>Las tintas de los tatuajes cambian de color, de acuerdo al tono de la piel.<\/li><li>Algunos estudios se\u00f1alan que las personas con tatuajes tienen mucha personalidad y son m\u00e1s extrovertidas. Adem\u00e1s, poseen un sistema inmunol\u00f3gico m\u00e1s fuerte.<\/li><li>Los dise\u00f1os de tatuajes m\u00e1s solicitados son \u00e1ngeles y corazones.<\/li><li>El tatuaje m\u00e1s antiguo tiene unos de 3.000 a\u00f1os de antig\u00fcedad. Fue descubierto en el a\u00f1o 1991 en una momia congelada denominada&nbsp;<em>\u00d6tzi.<\/em><\/li><li>Existe una tinta \u00abinvisible\u00bb, que solo puede verse al exponer el tatuaje a la luz ultravioleta.<\/li><li>Los tatuajes son susceptibles a los rayos del sol. Es recomendable utilizar en la piel protectores solares.<\/li><li>Se considera que tatuarse en pareja y tener un n\u00famero de tatuajes par en la piel son de mala suerte.<\/li><\/ul>\n\n\n\n<p>Comparte informaci\u00f3n interesante en las redes sociales acerca del D\u00eda Internacional del Tatuaje. Utiliza los hashtags\u00a0<strong><em>#tatuaje #Tattooday<\/em><\/strong>.<\/p>\n\n\n\n<p>Fuente: <a href=\"https:\/\/www.diainternacionalde.com\/dias-raros\/dia-internacional-tatuaje\">https:\/\/www.diainternacionalde.com\/dias-raros\/dia-internacional-tatuaje<\/a><\/p>\n","protected":false},"excerpt":{"rendered":"<p>REDACCI\u00d3N D\u00cdA INTERNACIONAL DE Los apasionados de una de las expresiones art\u00edsticas corporales m\u00e1s antiguas tienen su d\u00eda.&nbsp;El 17 de [&hellip;]<\/p>\n","protected":false},"author":1,"featured_media":79981,"comment_status":"open","ping_status":"open","sticky":false,"template":"","format":"standard","meta":{"site-sidebar-layout":"default","site-content-layout":"","ast-site-content-layout":"default","site-content-style":"default","site-sidebar-style":"default","ast-global-header-display":"","ast-banner-title-visibility":"","ast-main-header-display":"","ast-hfb-above-header-display":"","ast-hfb-below-header-display":"","ast-hfb-mobile-header-display":"","site-post-title":"","ast-breadcrumbs-content":"","ast-featured-img":"","footer-sml-layout":"","theme-transparent-header-meta":"","adv-header-id-meta":"","stick-header-meta":"","header-above-stick-meta":"","header-main-stick-meta":"","header-below-stick-meta":"","astra-migrate-meta-layouts":"default","ast-page-background-enabled":"default","ast-page-background-meta":{"desktop":{"background-color":"var(--ast-global-color-4)","background-image":"","background-repeat":"repeat","background-position":"center center","background-size":"auto","background-attachment":"scroll","background-type":"","background-media":"","overlay-type":"","overlay-color":"","overlay-opacity":"","overlay-gradient":""},"tablet":{"background-color":"","background-image":"","background-repeat":"repeat","background-position":"center center","background-size":"auto","background-attachment":"scroll","background-type":"","background-media":"","overlay-type":"","overlay-color":"","overlay-opacity":"","overlay-gradient":""},"mobile":{"background-color":"","background-image":"","background-repeat":"repeat","background-position":"center center","background-size":"auto","background-attachment":"scroll","background-type":"","background-media":"","overlay-type":"","overlay-color":"","overlay-opacity":"","overlay-gradient":""}},"ast-content-background-meta":{"desktop":{"background-color":"var(--ast-global-color-5)","background-image":"","background-repeat":"repeat","background-position":"center center","background-size":"auto","background-attachment":"scroll","background-type":"","background-media":"","overlay-type":"","overlay-color":"","overlay-opacity":"","overlay-gradient":""},"tablet":{"background-color":"var(--ast-global-color-5)","background-image":"","background-repeat":"repeat","background-position":"center center","background-size":"auto","background-attachment":"scroll","background-type":"","background-media":"","overlay-type":"","overlay-color":"","overlay-opacity":"","overlay-gradient":""},"mobile":{"background-color":"var(--ast-global-color-5)","background-image":"","background-repeat":"repeat","background-position":"center center","background-size":"auto","background-attachment":"scroll","background-type":"","background-media":"","overlay-type":"","overlay-color":"","overlay-opacity":"","overlay-gradient":""}},"footnotes":""},"categories":[8],"tags":[27638,27639,27640],"class_list":["post-79980","post","type-post","status-publish","format-standard","has-post-thumbnail","hentry","category-noticias","tag-tattooday","tag-cultura-egipcia","tag-dia-internacional-del-tatuaje"],"_links":{"self":[{"href":"https:\/\/losperiodistas.com.mx\/portal\/wp-json\/wp\/v2\/posts\/79980","targetHints":{"allow":["GET"]}}],"collection":[{"href":"https:\/\/losperiodistas.com.mx\/portal\/wp-json\/wp\/v2\/posts"}],"about":[{"href":"https:\/\/losperiodistas.com.mx\/portal\/wp-json\/wp\/v2\/types\/post"}],"author":[{"embeddable":true,"href":"https:\/\/losperiodistas.com.mx\/portal\/wp-json\/wp\/v2\/users\/1"}],"replies":[{"embeddable":true,"href":"https:\/\/losperiodistas.com.mx\/portal\/wp-json\/wp\/v2\/comments?post=79980"}],"version-history":[{"count":1,"href":"https:\/\/losperiodistas.com.mx\/portal\/wp-json\/wp\/v2\/posts\/79980\/revisions"}],"predecessor-version":[{"id":79982,"href":"https:\/\/losperiodistas.com.mx\/portal\/wp-json\/wp\/v2\/posts\/79980\/revisions\/79982"}],"wp:featuredmedia":[{"embeddable":true,"href":"https:\/\/losperiodistas.com.mx\/portal\/wp-json\/wp\/v2\/media\/79981"}],"wp:attachment":[{"href":"https:\/\/losperiodistas.com.mx\/portal\/wp-json\/wp\/v2\/media?parent=79980"}],"wp:term":[{"taxonomy":"category","embeddable":true,"href":"https:\/\/losperiodistas.com.mx\/portal\/wp-json\/wp\/v2\/categories?post=79980"},{"taxonomy":"post_tag","embeddable":true,"href":"https:\/\/losperiodistas.com.mx\/portal\/wp-json\/wp\/v2\/tags?post=79980"}],"curies":[{"name":"wp","href":"https:\/\/api.w.org\/{rel}","templated":true}]}}