{"id":79713,"date":"2024-07-14T11:13:49","date_gmt":"2024-07-14T16:13:49","guid":{"rendered":"https:\/\/losperiodistas.com.mx\/portal\/?p=79713"},"modified":"2024-07-14T11:13:51","modified_gmt":"2024-07-14T16:13:51","slug":"la-llama-olimpica-llega-a-paris-el-dia-de-la-bastilla-euronews","status":"publish","type":"post","link":"https:\/\/losperiodistas.com.mx\/portal\/la-llama-olimpica-llega-a-paris-el-dia-de-la-bastilla-euronews\/","title":{"rendered":"La llama ol\u00edmpica llega a Par\u00eds el d\u00eda de la Bastilla | Euronews"},"content":{"rendered":"\n<p class=\"has-pale-cyan-blue-background-color has-background has-medium-font-size\">La llama ol\u00edmpica fue el centro de atenci\u00f3n durante el desfile militar anual de Par\u00eds con motivo de la fiesta nacional de Francia, el d\u00eda de la Bastilla.<\/p>\n\n\n\n<figure class=\"wp-block-image size-large\"><img fetchpriority=\"high\" decoding=\"async\" width=\"1024\" height=\"576\" src=\"https:\/\/losperiodistas.com.mx\/portal\/wp-content\/uploads\/2024\/07\/1920x1080_cmsv2_aa55655b-f933-5b75-8694-41e52bf740a4-8574736-1024x576.jpg\" alt=\"\" class=\"wp-image-79714\" srcset=\"https:\/\/losperiodistas.com.mx\/portal\/wp-content\/uploads\/2024\/07\/1920x1080_cmsv2_aa55655b-f933-5b75-8694-41e52bf740a4-8574736-1024x576.jpg 1024w, https:\/\/losperiodistas.com.mx\/portal\/wp-content\/uploads\/2024\/07\/1920x1080_cmsv2_aa55655b-f933-5b75-8694-41e52bf740a4-8574736-300x169.jpg 300w, https:\/\/losperiodistas.com.mx\/portal\/wp-content\/uploads\/2024\/07\/1920x1080_cmsv2_aa55655b-f933-5b75-8694-41e52bf740a4-8574736-768x432.jpg 768w, https:\/\/losperiodistas.com.mx\/portal\/wp-content\/uploads\/2024\/07\/1920x1080_cmsv2_aa55655b-f933-5b75-8694-41e52bf740a4-8574736-1536x864.jpg 1536w, https:\/\/losperiodistas.com.mx\/portal\/wp-content\/uploads\/2024\/07\/1920x1080_cmsv2_aa55655b-f933-5b75-8694-41e52bf740a4-8574736.jpg 1920w\" sizes=\"(max-width: 1024px) 100vw, 1024px\" \/><figcaption>Derechos de autor\u00a0Louise Delmotte\/Copyright 2024 The AP. All rights reserved.<\/figcaption><\/figure>\n\n\n\n<p class=\"has-vivid-cyan-blue-color has-text-color has-medium-font-size\"><strong>EURONEWS<\/strong><\/p>\n\n\n\n<p>La capital francesa se prepara a pocos d\u00edas del inicio de&nbsp;<a href=\"https:\/\/es.euronews.com\/2024\/07\/13\/la-ministra-de-deporte-de-francia-se-bana-en-el-sena-disipando-las-dudas-sobre-la-calidad-\">los Juegos Ol\u00edmpicos<\/a>.&nbsp;<strong>La llama fue escoltada por 25 portadores<\/strong>&nbsp;de la antorcha, y cadetes.<\/p>\n\n\n\n<p>Miles de soldados, marineros, socorristas y m\u00e9dicos se reunieron para desfilar mientras la &#8216;Patrouille de france&#8217; sobrevolaba la ciudad. Hace tan solo unos d\u00edas&nbsp;<a href=\"https:\/\/es.euronews.com\/video\/2024\/07\/12\/no-comment-la-antorcha-olimpica-llega-a-borgona-entre-aplausos\">estaba en Borgo\u00f1a<\/a>. Las pr\u00f3ximas paradas de la llama incluyen la&nbsp;<strong>catedral de Notre Dame<\/strong>&#8230; la hist\u00f3rica&nbsp;<strong>universidad de la Sorbona<\/strong>&nbsp;y el&nbsp;<strong>Museo del Louvre<\/strong>.<\/p>\n\n\n\n<h2 class=\"wp-block-heading\">De Olimpia a Par\u00eds, el viaje de la llama ol\u00edmpica en 2024<\/h2>\n\n\n\n<p>La tradici\u00f3n de la llama ol\u00edmpica, s\u00edmbolo de paz y unidad entre las naciones, se prepara para su viaje m\u00e1s reciente con destino a los&nbsp;<strong>Juegos Ol\u00edmpicos de Par\u00eds 2024<\/strong>.<\/p>\n\n\n\n<p><strong>El recorrido comienza<\/strong>, como es costumbre,&nbsp;<strong>en la antigua Olimpia, Grecia<\/strong>, cuna de los Juegos Ol\u00edmpicos. All\u00ed, la llama se enciende de manera tradicional utilizando los rayos del sol y un espejo parab\u00f3lico, en una ceremonia que evoca la pureza y el esp\u00edritu de los juegos antiguos.<\/p>\n\n\n\n<p>Tras su encendido, la llama emprender\u00e1 un&nbsp;<strong>viaje por Grecia durante aproximadamente una semana<\/strong>, pasando por lugares emblem\u00e1ticos y ciudades importantes del pa\u00eds. Luego, en una ceremonia especial en el Estadio Panathinaiko de Atenas, la llama ser\u00e1 entregada a&nbsp;<a href=\"https:\/\/es.euronews.com\/tag\/juegos-olimpicos-de-paris-2024\">los organizadores de Par\u00eds 2024<\/a>.<\/p>\n\n\n\n<p>El relevo de la antorcha en Francia ha durado cerca de 80 d\u00edas, cubriendo gran parte del territorio franc\u00e9s. Se espera que la llama visite numerosos departamentos y&nbsp;<strong>regiones de ultramar<\/strong>, incluyendo la Polinesia Francesa, las Antillas y la Guayana Francesa, destacando la diversidad geogr\u00e1fica y cultural del pa\u00eds.<\/p>\n\n\n\n<p>Durante su recorrido por Francia, la llama pasar\u00e1 por ciudades ic\u00f3nicas, monumentos hist\u00f3ricos y lugares de importancia cultural. Se prev\u00e9 que&nbsp;<strong>miles de portadores participen en el relevo<\/strong>, representando la diversidad de la sociedad francesa y el esp\u00edritu ol\u00edmpico de inclusi\u00f3n.<\/p>\n\n\n\n<p>El viaje culmina en Par\u00eds, donde finalmente la llama ser\u00e1 utilizada para encender el pebetero ol\u00edmpico durante la ceremonia de apertura de los Juegos, marcando el&nbsp;<a href=\"https:\/\/es.euronews.com\/tag\/juegos-olimpicos-de-paris-2024\"><strong>inicio oficial de las Olimpiadas de 2024<\/strong><\/a>.<\/p>\n\n\n\n<p>Este recorrido no solo sirve para transportar la llama, sino que tambi\u00e9n act\u00faa como un preludio a los Juegos, generando entusiasmo y uniendo a las personas en torno al esp\u00edritu ol\u00edmpico.<\/p>\n\n\n\n<p>Fuente: <a href=\"https:\/\/es.euronews.com\/2024\/07\/14\/la-llama-olimpica-llega-a-paris-el-dia-de-la-bastilla\">https:\/\/es.euronews.com\/2024\/07\/14\/la-llama-olimpica-llega-a-paris-el-dia-de-la-bastilla<\/a><\/p>\n","protected":false},"excerpt":{"rendered":"<p>La llama ol\u00edmpica fue el centro de atenci\u00f3n durante el desfile militar anual de Par\u00eds con motivo de la fiesta [&hellip;]<\/p>\n","protected":false},"author":1,"featured_media":79714,"comment_status":"open","ping_status":"open","sticky":false,"template":"","format":"standard","meta":{"site-sidebar-layout":"default","site-content-layout":"","ast-site-content-layout":"default","site-content-style":"default","site-sidebar-style":"default","ast-global-header-display":"","ast-banner-title-visibility":"","ast-main-header-display":"","ast-hfb-above-header-display":"","ast-hfb-below-header-display":"","ast-hfb-mobile-header-display":"","site-post-title":"","ast-breadcrumbs-content":"","ast-featured-img":"","footer-sml-layout":"","theme-transparent-header-meta":"","adv-header-id-meta":"","stick-header-meta":"","header-above-stick-meta":"","header-main-stick-meta":"","header-below-stick-meta":"","astra-migrate-meta-layouts":"default","ast-page-background-enabled":"default","ast-page-background-meta":{"desktop":{"background-color":"var(--ast-global-color-4)","background-image":"","background-repeat":"repeat","background-position":"center center","background-size":"auto","background-attachment":"scroll","background-type":"","background-media":"","overlay-type":"","overlay-color":"","overlay-opacity":"","overlay-gradient":""},"tablet":{"background-color":"","background-image":"","background-repeat":"repeat","background-position":"center center","background-size":"auto","background-attachment":"scroll","background-type":"","background-media":"","overlay-type":"","overlay-color":"","overlay-opacity":"","overlay-gradient":""},"mobile":{"background-color":"","background-image":"","background-repeat":"repeat","background-position":"center center","background-size":"auto","background-attachment":"scroll","background-type":"","background-media":"","overlay-type":"","overlay-color":"","overlay-opacity":"","overlay-gradient":""}},"ast-content-background-meta":{"desktop":{"background-color":"var(--ast-global-color-5)","background-image":"","background-repeat":"repeat","background-position":"center center","background-size":"auto","background-attachment":"scroll","background-type":"","background-media":"","overlay-type":"","overlay-color":"","overlay-opacity":"","overlay-gradient":""},"tablet":{"background-color":"var(--ast-global-color-5)","background-image":"","background-repeat":"repeat","background-position":"center center","background-size":"auto","background-attachment":"scroll","background-type":"","background-media":"","overlay-type":"","overlay-color":"","overlay-opacity":"","overlay-gradient":""},"mobile":{"background-color":"var(--ast-global-color-5)","background-image":"","background-repeat":"repeat","background-position":"center center","background-size":"auto","background-attachment":"scroll","background-type":"","background-media":"","overlay-type":"","overlay-color":"","overlay-opacity":"","overlay-gradient":""}},"footnotes":""},"categories":[8],"tags":[27499,27498,16493],"class_list":["post-79713","post","type-post","status-publish","format-standard","has-post-thumbnail","hentry","category-noticias","tag-la-bastilla","tag-llama-olimpica","tag-paris-2024"],"_links":{"self":[{"href":"https:\/\/losperiodistas.com.mx\/portal\/wp-json\/wp\/v2\/posts\/79713","targetHints":{"allow":["GET"]}}],"collection":[{"href":"https:\/\/losperiodistas.com.mx\/portal\/wp-json\/wp\/v2\/posts"}],"about":[{"href":"https:\/\/losperiodistas.com.mx\/portal\/wp-json\/wp\/v2\/types\/post"}],"author":[{"embeddable":true,"href":"https:\/\/losperiodistas.com.mx\/portal\/wp-json\/wp\/v2\/users\/1"}],"replies":[{"embeddable":true,"href":"https:\/\/losperiodistas.com.mx\/portal\/wp-json\/wp\/v2\/comments?post=79713"}],"version-history":[{"count":1,"href":"https:\/\/losperiodistas.com.mx\/portal\/wp-json\/wp\/v2\/posts\/79713\/revisions"}],"predecessor-version":[{"id":79715,"href":"https:\/\/losperiodistas.com.mx\/portal\/wp-json\/wp\/v2\/posts\/79713\/revisions\/79715"}],"wp:featuredmedia":[{"embeddable":true,"href":"https:\/\/losperiodistas.com.mx\/portal\/wp-json\/wp\/v2\/media\/79714"}],"wp:attachment":[{"href":"https:\/\/losperiodistas.com.mx\/portal\/wp-json\/wp\/v2\/media?parent=79713"}],"wp:term":[{"taxonomy":"category","embeddable":true,"href":"https:\/\/losperiodistas.com.mx\/portal\/wp-json\/wp\/v2\/categories?post=79713"},{"taxonomy":"post_tag","embeddable":true,"href":"https:\/\/losperiodistas.com.mx\/portal\/wp-json\/wp\/v2\/tags?post=79713"}],"curies":[{"name":"wp","href":"https:\/\/api.w.org\/{rel}","templated":true}]}}