{"id":79616,"date":"2024-07-13T10:26:40","date_gmt":"2024-07-13T15:26:40","guid":{"rendered":"https:\/\/losperiodistas.com.mx\/portal\/?p=79616"},"modified":"2024-07-13T10:26:43","modified_gmt":"2024-07-13T15:26:43","slug":"muere-el-videoartista-estadounidense-bill-viola-a-los-73-anos-el-pais","status":"publish","type":"post","link":"https:\/\/losperiodistas.com.mx\/portal\/muere-el-videoartista-estadounidense-bill-viola-a-los-73-anos-el-pais\/","title":{"rendered":"Muere el videoartista estadounidense Bill Viola a los 73 a\u00f1os | El Pa\u00eds"},"content":{"rendered":"\n<h2 class=\"has-background wp-block-heading\" style=\"background-color:#f57fdc\">El creador neoyorquino, que padec\u00eda alzh\u00e9imer, falleci\u00f3 el viernes, 12 de julio<\/h2>\n\n\n\n<figure class=\"wp-block-image size-large\"><img fetchpriority=\"high\" decoding=\"async\" width=\"1024\" height=\"682\" src=\"https:\/\/losperiodistas.com.mx\/portal\/wp-content\/uploads\/2024\/07\/Captura-de-Pantalla-2024-07-13-a-las-9.22.35-1024x682.jpg\" alt=\"\" class=\"wp-image-79617\" srcset=\"https:\/\/losperiodistas.com.mx\/portal\/wp-content\/uploads\/2024\/07\/Captura-de-Pantalla-2024-07-13-a-las-9.22.35-1024x682.jpg 1024w, https:\/\/losperiodistas.com.mx\/portal\/wp-content\/uploads\/2024\/07\/Captura-de-Pantalla-2024-07-13-a-las-9.22.35-300x200.jpg 300w, https:\/\/losperiodistas.com.mx\/portal\/wp-content\/uploads\/2024\/07\/Captura-de-Pantalla-2024-07-13-a-las-9.22.35-768x511.jpg 768w, https:\/\/losperiodistas.com.mx\/portal\/wp-content\/uploads\/2024\/07\/Captura-de-Pantalla-2024-07-13-a-las-9.22.35-1536x1022.jpg 1536w, https:\/\/losperiodistas.com.mx\/portal\/wp-content\/uploads\/2024\/07\/Captura-de-Pantalla-2024-07-13-a-las-9.22.35-2048x1363.jpg 2048w\" sizes=\"(max-width: 1024px) 100vw, 1024px\" \/><figcaption>El videoartista neoyorquino Bill Viola, delante de una de sus obras, en 2005. GORKA LEJARCEGI<\/figcaption><\/figure>\n\n\n\n<p class=\"has-vivid-red-color has-text-color has-medium-font-size\"><strong>EL PA\u00cdS<\/strong><\/p>\n\n\n\n<p>El videoartista estadounidense Bill Viola ha fallecido a los 73 a\u00f1os, ha informado su&nbsp;<a href=\"https:\/\/www.instagram.com\/p\/C9XEUqTI7aV\/?utm_source=ig_web_copy_link&amp;igsh=MzRlODBiNWFlZA%3D%3D&amp;img_index=1\" target=\"_blank\" rel=\"noreferrer noopener\">estudio en su cuenta de la red social Instagram<\/a>, una informaci\u00f3n que despu\u00e9s a confirmado su esposa a&nbsp;<em>The New York Times<\/em>. Biola padec\u00eda alzh\u00e9imer desde hace a\u00f1os. \u201cCon gran tristeza, el estudio Bill Viola comparte la triste noticia de la muerte de Bill Viola\u201d, se\u00f1ala el comunicado en Instagram, que a\u00f1ade: \u201cFalleci\u00f3 en paz en su casa, el 12 de julio, a los 73 a\u00f1os. La causa ha sido la enfermedad de alzh\u00e9imer\u201d. Viola estaba casado con Kira Perov, que era su tambi\u00e9n su ayudante en la labor creadora, con quien ten\u00eda dos hijos, Blake y Andrei.<\/p>\n\n\n\n<p>Nacido en Nueva York, en 1951, Viola, que tambi\u00e9n fue dise\u00f1ador y director de cine, estaba muy influido, entre otros, por los grandes maestros del Renacimiento. Su principal contribuci\u00f3n al arte contempor\u00e1neo es haber situado al v\u00eddeo como otra forma de expresi\u00f3n, medio en el que ha abordado los grandes temas de la humanidad, como el nacimiento, el amor y la muerte, con los que trataba de agitar las conciencias de los espectadores, envolvi\u00e9ndolos con sus im\u00e1genes y sonidos con tecnolog\u00eda de vanguardia.<\/p>\n\n\n\n<p>M\u00c1S INFORMACI\u00d3N<a href=\"https:\/\/elpais.com\/diario\/1983\/12\/11\/opinion\/439945218_850215.html#?rel=mas_sumario\">&#8216;El arte del v\u00eddeo&#8217;, art\u00edculo de Bill Viola publicado en EL PA\u00cdS en 1983<\/a><\/p>\n\n\n\n<p>Viola desarroll\u00f3 su trayectoria art\u00edstica a lo largo de cuatro d\u00e9cadas mediante cintas de v\u00eddeo, instalaciones de v\u00eddeo arquitect\u00f3nicas, entornos sonoros, actuaciones de m\u00fasica electr\u00f3nica, piezas de v\u00eddeo en pantalla plana y obras para retransmisiones televisivas, entre otros formatos, piezas muy cotizadas que alcanzaron elevados precios en el mercado del arte.<\/p>\n\n\n\n<figure class=\"wp-block-image\"><img decoding=\"async\" src=\"https:\/\/imagenes.elpais.com\/resizer\/v2\/ZB5HALMBSBFSLPE4BW2CN6STSA.jpg?auth=55dc1e6ad0cac1f8bcb4d3e70eb7d9befd72c4444abd1117d7f4c9966323aa16&amp;width=414\" alt=\"El videoartista Bill Viola posa ante uno de sus trabajos en una exposici\u00f3n de su obra en al Museo Reina Sof\u00eda de Madrid, en 1993.\"\/><figcaption>El videoartista Bill Viola posa ante uno de sus trabajos en una exposici\u00f3n de su obra en al Museo Reina Sof\u00eda de Madrid, en 1993.ALFREDO GARC\u00cdA FRANCES<\/figcaption><\/figure>\n\n\n\n<p><em>Fuente: <\/em><a href=\"https:\/\/elpais.com\/cultura\/2024-07-13\/muere-el-videoartista-estadounidense-bill-viola-a-los-73-anos.html\">https:\/\/elpais.com\/cultura\/2024-07-13\/muere-el-videoartista-estadounidense-bill-viola-a-los-73-anos.html<\/a><\/p>\n","protected":false},"excerpt":{"rendered":"<p>El creador neoyorquino, que padec\u00eda alzh\u00e9imer, falleci\u00f3 el viernes, 12 de julio EL PA\u00cdS El videoartista estadounidense Bill Viola ha [&hellip;]<\/p>\n","protected":false},"author":1,"featured_media":79617,"comment_status":"open","ping_status":"open","sticky":false,"template":"","format":"standard","meta":{"site-sidebar-layout":"default","site-content-layout":"","ast-site-content-layout":"default","site-content-style":"default","site-sidebar-style":"default","ast-global-header-display":"","ast-banner-title-visibility":"","ast-main-header-display":"","ast-hfb-above-header-display":"","ast-hfb-below-header-display":"","ast-hfb-mobile-header-display":"","site-post-title":"","ast-breadcrumbs-content":"","ast-featured-img":"","footer-sml-layout":"","theme-transparent-header-meta":"","adv-header-id-meta":"","stick-header-meta":"","header-above-stick-meta":"","header-main-stick-meta":"","header-below-stick-meta":"","astra-migrate-meta-layouts":"default","ast-page-background-enabled":"default","ast-page-background-meta":{"desktop":{"background-color":"var(--ast-global-color-4)","background-image":"","background-repeat":"repeat","background-position":"center center","background-size":"auto","background-attachment":"scroll","background-type":"","background-media":"","overlay-type":"","overlay-color":"","overlay-opacity":"","overlay-gradient":""},"tablet":{"background-color":"","background-image":"","background-repeat":"repeat","background-position":"center center","background-size":"auto","background-attachment":"scroll","background-type":"","background-media":"","overlay-type":"","overlay-color":"","overlay-opacity":"","overlay-gradient":""},"mobile":{"background-color":"","background-image":"","background-repeat":"repeat","background-position":"center center","background-size":"auto","background-attachment":"scroll","background-type":"","background-media":"","overlay-type":"","overlay-color":"","overlay-opacity":"","overlay-gradient":""}},"ast-content-background-meta":{"desktop":{"background-color":"var(--ast-global-color-5)","background-image":"","background-repeat":"repeat","background-position":"center center","background-size":"auto","background-attachment":"scroll","background-type":"","background-media":"","overlay-type":"","overlay-color":"","overlay-opacity":"","overlay-gradient":""},"tablet":{"background-color":"var(--ast-global-color-5)","background-image":"","background-repeat":"repeat","background-position":"center center","background-size":"auto","background-attachment":"scroll","background-type":"","background-media":"","overlay-type":"","overlay-color":"","overlay-opacity":"","overlay-gradient":""},"mobile":{"background-color":"var(--ast-global-color-5)","background-image":"","background-repeat":"repeat","background-position":"center center","background-size":"auto","background-attachment":"scroll","background-type":"","background-media":"","overlay-type":"","overlay-color":"","overlay-opacity":"","overlay-gradient":""}},"footnotes":""},"categories":[8],"tags":[27460,27461],"class_list":["post-79616","post","type-post","status-publish","format-standard","has-post-thumbnail","hentry","category-noticias","tag-bill-viola","tag-creador-neoyorquino"],"_links":{"self":[{"href":"https:\/\/losperiodistas.com.mx\/portal\/wp-json\/wp\/v2\/posts\/79616","targetHints":{"allow":["GET"]}}],"collection":[{"href":"https:\/\/losperiodistas.com.mx\/portal\/wp-json\/wp\/v2\/posts"}],"about":[{"href":"https:\/\/losperiodistas.com.mx\/portal\/wp-json\/wp\/v2\/types\/post"}],"author":[{"embeddable":true,"href":"https:\/\/losperiodistas.com.mx\/portal\/wp-json\/wp\/v2\/users\/1"}],"replies":[{"embeddable":true,"href":"https:\/\/losperiodistas.com.mx\/portal\/wp-json\/wp\/v2\/comments?post=79616"}],"version-history":[{"count":1,"href":"https:\/\/losperiodistas.com.mx\/portal\/wp-json\/wp\/v2\/posts\/79616\/revisions"}],"predecessor-version":[{"id":79618,"href":"https:\/\/losperiodistas.com.mx\/portal\/wp-json\/wp\/v2\/posts\/79616\/revisions\/79618"}],"wp:featuredmedia":[{"embeddable":true,"href":"https:\/\/losperiodistas.com.mx\/portal\/wp-json\/wp\/v2\/media\/79617"}],"wp:attachment":[{"href":"https:\/\/losperiodistas.com.mx\/portal\/wp-json\/wp\/v2\/media?parent=79616"}],"wp:term":[{"taxonomy":"category","embeddable":true,"href":"https:\/\/losperiodistas.com.mx\/portal\/wp-json\/wp\/v2\/categories?post=79616"},{"taxonomy":"post_tag","embeddable":true,"href":"https:\/\/losperiodistas.com.mx\/portal\/wp-json\/wp\/v2\/tags?post=79616"}],"curies":[{"name":"wp","href":"https:\/\/api.w.org\/{rel}","templated":true}]}}