{"id":79613,"date":"2024-07-13T10:15:09","date_gmt":"2024-07-13T15:15:09","guid":{"rendered":"https:\/\/losperiodistas.com.mx\/portal\/?p=79613"},"modified":"2024-07-13T10:15:11","modified_gmt":"2024-07-13T15:15:11","slug":"que-desayunaban-los-cardenales-en-el-concilio-de-trento-aleteia","status":"publish","type":"post","link":"https:\/\/losperiodistas.com.mx\/portal\/que-desayunaban-los-cardenales-en-el-concilio-de-trento-aleteia\/","title":{"rendered":"\u00bfQu\u00e9 desayunaban los cardenales en el Concilio de Trento? | Aleteia"},"content":{"rendered":"\n<p class=\"has-background has-medium-font-size\" style=\"background-color:#7bf7d5\"><em>\u00a1Com\u00edan muy bien mientras debat\u00edan sobre problemas teol\u00f3gicos! Te compartimos la historia y la deliciosa receta&#8230;<\/em><\/p>\n\n\n\n<figure class=\"wp-block-image size-full\"><img fetchpriority=\"high\" decoding=\"async\" width=\"960\" height=\"640\" src=\"https:\/\/losperiodistas.com.mx\/portal\/wp-content\/uploads\/2024\/07\/eggs-and-sausage.jpg\" alt=\"\" class=\"wp-image-79614\" srcset=\"https:\/\/losperiodistas.com.mx\/portal\/wp-content\/uploads\/2024\/07\/eggs-and-sausage.jpg 960w, https:\/\/losperiodistas.com.mx\/portal\/wp-content\/uploads\/2024\/07\/eggs-and-sausage-300x200.jpg 300w, https:\/\/losperiodistas.com.mx\/portal\/wp-content\/uploads\/2024\/07\/eggs-and-sausage-768x512.jpg 768w\" sizes=\"(max-width: 960px) 100vw, 960px\" \/><figcaption>gorkem demir | Shutterstock<\/figcaption><\/figure>\n\n\n\n<p class=\"has-vivid-red-color has-text-color has-medium-font-size\"><strong>Mar\u00eda Paola Daud \/ Aleteia<\/strong><\/p>\n\n\n\n<p>Dice la tradici\u00f3n que la receta de estos huevos fue inventada para los cardenales durante el Concilio de Trento, que inici\u00f3 el\u00a0<a href=\"https:\/\/www.vatican.va\/content\/vatican\/es\/holy-father\/paolo-iii.html\" target=\"_blank\" rel=\"noreferrer noopener\">Papa Pablo III<\/a>\u00a0en 1545. En este concilio, el m\u00e1s importante de la Edad Moderna (el Vaticano I y II son ya de la Era Contempor\u00e1nea), la Iglesia ten\u00eda que afrontar el grave reto que supon\u00eda la Reforma protestante,\u00a0efectuar una reorientaci\u00f3n general de la Iglesia y definir con precisi\u00f3n sus dogmas esenciales.<\/p>\n\n\n\n<p><\/p>\n\n\n\n<figure class=\"wp-block-image\"><a href=\"https:\/\/es.wikipedia.org\/wiki\/Paulo_III#\/media\/Archivo:Portrait_of_Pope_Paul_III_Farnese_(by_Titian)_-_National_Museum_of_Capodimonte.jpg\"><img decoding=\"async\" src=\"https:\/\/wp.es.aleteia.org\/wp-content\/uploads\/sites\/7\/2024\/07\/E_04f5a9.jpg?w=960&amp;q=75\" alt=\"Pope Paul III\"\/><\/a><figcaption>Papa Pablo III<\/figcaption><\/figure>\n\n\n\n<p>Trento es una bell\u00edsima ciudad italiana situada al sur del Tirol alpino, de fuerte influencia alemana. Como en todas las zonas de los Alpes, el Trentino es una regi\u00f3n en la que la comida es sencilla pero contundente y sabrosa.<\/p>\n\n\n\n<div class=\"wp-block-image\"><figure class=\"alignleft is-resized\"><img decoding=\"async\" src=\"https:\/\/wp.es.aleteia.org\/wp-content\/uploads\/sites\/7\/2024\/04\/Coca-fanta-Benoit-XVI-Jean-Paul-II.jpg?w=960&amp;q=75\" alt=\"Una Coca-Cola para Juan Pablo, una Fanta para Benedicto\" width=\"-421\" height=\"-236\"\/><\/figure><\/div>\n\n\n\n<p><em>Te puede interesar :<\/em><a href=\"https:\/\/es.aleteia.org\/2024\/04\/15\/una-coca-cola-para-juan-pablo-una-fanta-para-benedicto\">Una Coca-Cola para Juan Pablo, una Fanta para Benedict<\/a>o <\/p>\n\n\n\n<p><\/p>\n\n\n\n<p><\/p>\n\n\n\n<p><\/p>\n\n\n\n<p class=\"has-medium-font-size\"><strong>Un descubrimiento culinario<\/strong><\/p>\n\n\n\n<p>Para muchos prelados, los trabajos del Concilio fueron tambi\u00e9n jornadas de \u00abdescubrimiento\u00bb de la cocina local. Hasta el punto de que, por ejemplo, otro de los platos t\u00edpicos de Trento hoy se conoce como \u00abstrangolapreti\u00bb (estrangula-curas), y consiste en una especie de alb\u00f3ndigas de pan con huevo, espinacas y queso, que&nbsp;<a href=\"http:\/\/www.masofinisterre.it\/gli-strangolapreti\/\" target=\"_blank\" rel=\"noreferrer noopener\">seg\u00fan la tradici\u00f3n local,<\/a>&nbsp;hac\u00edan las delicias de los padres conciliares.<\/p>\n\n\n\n<p>Este es uno de los apreciados platillos que probaron los prelados. Los famosos \u00abHuevos del Concilio\u00bb, una receta de desayuno muy simple y campesino, de pocos ingredientes y f\u00e1cil preparaci\u00f3n.https:\/\/b6e220b9fc5249b84da892da96cf5c33.safeframe.googlesyndication.com\/safeframe\/1-0-40\/html\/container.html<\/p>\n\n\n\n<figure class=\"wp-block-image\"><img decoding=\"async\" src=\"https:\/\/wp.es.aleteia.org\/wp-content\/uploads\/sites\/7\/2018\/01\/eggs-and-sausage.jpg?w=960&amp;q=75\" alt=\"eggs and sausage\"\/><\/figure>\n\n\n\n<p><em><strong>Ingredientes:<\/strong><\/em><\/p>\n\n\n\n<p>-4 huevos<br>-35 gr de harina<br>-120 gr de chorizo<br>-Aceite de oliva<br>-Sal<\/p>\n\n\n\n<p><em><strong>Preparaci\u00f3n:<\/strong><\/em><\/p>\n\n\n\n<p>1. Separar las claras de las yemas. Batir las claras con una pizca de sal y agregar poco a poco la harina hasta que el compuesto tenga una buena consistencia.<\/p>\n\n\n\n<p>2. Calentar en una sart\u00e9n bastante espaciosa un hilo de aceite y agregar 4 cucharadas del compuesto de huevo y harina dividida en 4 partes en la sart\u00e9n. Encima se agrega el chorizo cortado. Por \u00faltimo, a\u00f1adir las yemas antes separadas.<br><br>3. Terminar de cocinar y luego servir en un plato. Pimienta y sal al gusto.<\/p>\n\n\n\n<p>Receta inspirada en la revista\u00a0<em>Il mio papa<\/em>, a\u00f1o 4, n\u00famero 49, pag. 50<\/p>\n\n\n\n<p>Fuente: <a href=\"https:\/\/es.aleteia.org\/2018\/01\/24\/los-huevos-del-concilio-de-trento\">https:\/\/es.aleteia.org\/2018\/01\/24\/los-huevos-del-concilio-de-trento<\/a><\/p>\n","protected":false},"excerpt":{"rendered":"<p>\u00a1Com\u00edan muy bien mientras debat\u00edan sobre problemas teol\u00f3gicos! Te compartimos la historia y la deliciosa receta&#8230; Mar\u00eda Paola Daud \/ [&hellip;]<\/p>\n","protected":false},"author":1,"featured_media":79614,"comment_status":"open","ping_status":"open","sticky":false,"template":"","format":"standard","meta":{"site-sidebar-layout":"default","site-content-layout":"","ast-site-content-layout":"default","site-content-style":"default","site-sidebar-style":"default","ast-global-header-display":"","ast-banner-title-visibility":"","ast-main-header-display":"","ast-hfb-above-header-display":"","ast-hfb-below-header-display":"","ast-hfb-mobile-header-display":"","site-post-title":"","ast-breadcrumbs-content":"","ast-featured-img":"","footer-sml-layout":"","theme-transparent-header-meta":"","adv-header-id-meta":"","stick-header-meta":"","header-above-stick-meta":"","header-main-stick-meta":"","header-below-stick-meta":"","astra-migrate-meta-layouts":"default","ast-page-background-enabled":"default","ast-page-background-meta":{"desktop":{"background-color":"var(--ast-global-color-4)","background-image":"","background-repeat":"repeat","background-position":"center center","background-size":"auto","background-attachment":"scroll","background-type":"","background-media":"","overlay-type":"","overlay-color":"","overlay-opacity":"","overlay-gradient":""},"tablet":{"background-color":"","background-image":"","background-repeat":"repeat","background-position":"center center","background-size":"auto","background-attachment":"scroll","background-type":"","background-media":"","overlay-type":"","overlay-color":"","overlay-opacity":"","overlay-gradient":""},"mobile":{"background-color":"","background-image":"","background-repeat":"repeat","background-position":"center center","background-size":"auto","background-attachment":"scroll","background-type":"","background-media":"","overlay-type":"","overlay-color":"","overlay-opacity":"","overlay-gradient":""}},"ast-content-background-meta":{"desktop":{"background-color":"var(--ast-global-color-5)","background-image":"","background-repeat":"repeat","background-position":"center center","background-size":"auto","background-attachment":"scroll","background-type":"","background-media":"","overlay-type":"","overlay-color":"","overlay-opacity":"","overlay-gradient":""},"tablet":{"background-color":"var(--ast-global-color-5)","background-image":"","background-repeat":"repeat","background-position":"center center","background-size":"auto","background-attachment":"scroll","background-type":"","background-media":"","overlay-type":"","overlay-color":"","overlay-opacity":"","overlay-gradient":""},"mobile":{"background-color":"var(--ast-global-color-5)","background-image":"","background-repeat":"repeat","background-position":"center center","background-size":"auto","background-attachment":"scroll","background-type":"","background-media":"","overlay-type":"","overlay-color":"","overlay-opacity":"","overlay-gradient":""}},"footnotes":""},"categories":[8],"tags":[27458,27457,27459],"class_list":["post-79613","post","type-post","status-publish","format-standard","has-post-thumbnail","hentry","category-noticias","tag-cardenales-desayunos","tag-concilio-de-trento","tag-gastronomia-vaticano"],"_links":{"self":[{"href":"https:\/\/losperiodistas.com.mx\/portal\/wp-json\/wp\/v2\/posts\/79613","targetHints":{"allow":["GET"]}}],"collection":[{"href":"https:\/\/losperiodistas.com.mx\/portal\/wp-json\/wp\/v2\/posts"}],"about":[{"href":"https:\/\/losperiodistas.com.mx\/portal\/wp-json\/wp\/v2\/types\/post"}],"author":[{"embeddable":true,"href":"https:\/\/losperiodistas.com.mx\/portal\/wp-json\/wp\/v2\/users\/1"}],"replies":[{"embeddable":true,"href":"https:\/\/losperiodistas.com.mx\/portal\/wp-json\/wp\/v2\/comments?post=79613"}],"version-history":[{"count":1,"href":"https:\/\/losperiodistas.com.mx\/portal\/wp-json\/wp\/v2\/posts\/79613\/revisions"}],"predecessor-version":[{"id":79615,"href":"https:\/\/losperiodistas.com.mx\/portal\/wp-json\/wp\/v2\/posts\/79613\/revisions\/79615"}],"wp:featuredmedia":[{"embeddable":true,"href":"https:\/\/losperiodistas.com.mx\/portal\/wp-json\/wp\/v2\/media\/79614"}],"wp:attachment":[{"href":"https:\/\/losperiodistas.com.mx\/portal\/wp-json\/wp\/v2\/media?parent=79613"}],"wp:term":[{"taxonomy":"category","embeddable":true,"href":"https:\/\/losperiodistas.com.mx\/portal\/wp-json\/wp\/v2\/categories?post=79613"},{"taxonomy":"post_tag","embeddable":true,"href":"https:\/\/losperiodistas.com.mx\/portal\/wp-json\/wp\/v2\/tags?post=79613"}],"curies":[{"name":"wp","href":"https:\/\/api.w.org\/{rel}","templated":true}]}}