{"id":79602,"date":"2024-07-13T08:48:16","date_gmt":"2024-07-13T13:48:16","guid":{"rendered":"https:\/\/losperiodistas.com.mx\/portal\/?p=79602"},"modified":"2024-07-13T08:48:18","modified_gmt":"2024-07-13T13:48:18","slug":"van-juzgadores-contra-morena-luces-del-siglo","status":"publish","type":"post","link":"https:\/\/losperiodistas.com.mx\/portal\/van-juzgadores-contra-morena-luces-del-siglo\/","title":{"rendered":"Van juzgadores contra Morena | Luces del Siglo"},"content":{"rendered":"\n<p class=\"has-medium-font-size\"><strong><strong><em>Impartidores de justicia del PJF anunciaron ayer que preparan una estrategia jur\u00eddica para combatir la eventual sobrerrepresentaci\u00f3n de Morena.<\/em><\/strong><\/strong><\/p>\n\n\n\n<figure class=\"wp-block-image size-large\"><img fetchpriority=\"high\" decoding=\"async\" width=\"1024\" height=\"681\" src=\"https:\/\/losperiodistas.com.mx\/portal\/wp-content\/uploads\/2024\/07\/Captura-de-Pantalla-2024-07-13-a-las-7.37.41-1024x681.jpg\" alt=\"\" class=\"wp-image-79603\" srcset=\"https:\/\/losperiodistas.com.mx\/portal\/wp-content\/uploads\/2024\/07\/Captura-de-Pantalla-2024-07-13-a-las-7.37.41-1024x681.jpg 1024w, https:\/\/losperiodistas.com.mx\/portal\/wp-content\/uploads\/2024\/07\/Captura-de-Pantalla-2024-07-13-a-las-7.37.41-300x200.jpg 300w, https:\/\/losperiodistas.com.mx\/portal\/wp-content\/uploads\/2024\/07\/Captura-de-Pantalla-2024-07-13-a-las-7.37.41-768x511.jpg 768w, https:\/\/losperiodistas.com.mx\/portal\/wp-content\/uploads\/2024\/07\/Captura-de-Pantalla-2024-07-13-a-las-7.37.41.jpg 1392w\" sizes=\"(max-width: 1024px) 100vw, 1024px\" \/><figcaption>Foto: Alejandro Mendoza<\/figcaption><\/figure>\n\n\n\n<p class=\"has-vivid-red-color has-text-color has-medium-font-size\"><strong>ABEL BARAJAS Y CLAUDIA SALAZAR \/ AGENCIA REFORMA \/ Luces el Siglo<\/strong><\/p>\n\n\n\n<p>CIUDAD DE M\u00c9XICO.- Impartidores de justicia del Poder Judicial de la Federaci\u00f3n (PJF) anunciaron ayer que preparan una estrategia jur\u00eddica para combatir la eventual sobrerrepresentaci\u00f3n de Morena y sus aliados en el Congreso de la Uni\u00f3n, la cual facilitar\u00eda la reforma judicial.<\/p>\n\n\n\n<p>Durante una protesta en el Palacio de Justicia de San L\u00e1zaro, a la que asistieron m\u00e1s de 200 integrantes del PJF, el Magistrado Mauricio Barajas, del Segundo Tribunal Colegiado en Materia del Trabajo, explic\u00f3 la estrategia que desarrollar\u00e1n.<\/p>\n\n\n\n<p>\u201cLa primera (l\u00ednea de defensa), para acudir a \u00f3rganos internacionales de protecci\u00f3n de los derechos humanos e impugnar la hoy inminente reforma constitucional en cuya pretensi\u00f3n se encuentra la captura, cooptaci\u00f3n y sometimiento de un poder soberano de la Uni\u00f3n, como es el Judicial\u201d, dijo.<\/p>\n\n\n\n<ul class=\"wp-block-list\"><li><img decoding=\"async\" width=\"300\" height=\"198\" src=\"https:\/\/lucesdelsiglo.com\/wp-content\/uploads\/2024\/07\/van-juzgadores-contra-morena-300x198.jpg\" alt=\"\" srcset=\"https:\/\/lucesdelsiglo.com\/wp-content\/uploads\/2024\/07\/van-juzgadores-contra-morena-300x198.jpg 300w, https:\/\/lucesdelsiglo.com\/wp-content\/uploads\/2024\/07\/van-juzgadores-contra-morena-1024x676.jpg 1024w, https:\/\/lucesdelsiglo.com\/wp-content\/uploads\/2024\/07\/van-juzgadores-contra-morena-768x507.jpg 768w, https:\/\/lucesdelsiglo.com\/wp-content\/uploads\/2024\/07\/van-juzgadores-contra-morena-636x420.jpg 636w, https:\/\/lucesdelsiglo.com\/wp-content\/uploads\/2024\/07\/van-juzgadores-contra-morena-696x459.jpg 696w, https:\/\/lucesdelsiglo.com\/wp-content\/uploads\/2024\/07\/van-juzgadores-contra-morena-1068x705.jpg 1068w, https:\/\/lucesdelsiglo.com\/wp-content\/uploads\/2024\/07\/van-juzgadores-contra-morena-741x486.jpg 741w, https:\/\/lucesdelsiglo.com\/wp-content\/uploads\/2024\/07\/van-juzgadores-contra-morena.jpg 1515w\"><a href=\"https:\/\/lucesdelsiglo.com\/2024\/07\/13\/van-juzgadores-contra-morena-nacional\/\">Van juzgadores contra Morena<\/a><\/li><li><img decoding=\"async\" width=\"300\" height=\"200\" src=\"https:\/\/lucesdelsiglo.com\/wp-content\/uploads\/2024\/07\/liberan-a-osiel-cardenas-de-prision-de-eu-300x200.webp\" alt=\"\" srcset=\"https:\/\/lucesdelsiglo.com\/wp-content\/uploads\/2024\/07\/liberan-a-osiel-cardenas-de-prision-de-eu-300x200.webp 300w, https:\/\/lucesdelsiglo.com\/wp-content\/uploads\/2024\/07\/liberan-a-osiel-cardenas-de-prision-de-eu-768x512.webp 768w, https:\/\/lucesdelsiglo.com\/wp-content\/uploads\/2024\/07\/liberan-a-osiel-cardenas-de-prision-de-eu-630x420.webp 630w, https:\/\/lucesdelsiglo.com\/wp-content\/uploads\/2024\/07\/liberan-a-osiel-cardenas-de-prision-de-eu-696x464.webp 696w, https:\/\/lucesdelsiglo.com\/wp-content\/uploads\/2024\/07\/liberan-a-osiel-cardenas-de-prision-de-eu.webp 960w\"><a href=\"https:\/\/lucesdelsiglo.com\/2024\/07\/13\/liberan-a-osiel-cardenas-de-prision-de-eu-nacional\/\">Liberan a Osiel C\u00e1rdenas de prisi\u00f3n de EU<\/a><\/li><li><img loading=\"lazy\" decoding=\"async\" width=\"300\" height=\"200\" src=\"https:\/\/lucesdelsiglo.com\/wp-content\/uploads\/2024\/07\/ostras-y-moluscos-contribuyen-a-la-reduccion-de-contaminantes-en-el-agua-300x200.jpg\" alt=\"\" srcset=\"https:\/\/lucesdelsiglo.com\/wp-content\/uploads\/2024\/07\/ostras-y-moluscos-contribuyen-a-la-reduccion-de-contaminantes-en-el-agua-300x200.jpg 300w, https:\/\/lucesdelsiglo.com\/wp-content\/uploads\/2024\/07\/ostras-y-moluscos-contribuyen-a-la-reduccion-de-contaminantes-en-el-agua-1024x683.jpg 1024w, https:\/\/lucesdelsiglo.com\/wp-content\/uploads\/2024\/07\/ostras-y-moluscos-contribuyen-a-la-reduccion-de-contaminantes-en-el-agua-768x512.jpg 768w, https:\/\/lucesdelsiglo.com\/wp-content\/uploads\/2024\/07\/ostras-y-moluscos-contribuyen-a-la-reduccion-de-contaminantes-en-el-agua-1536x1024.jpg 1536w, https:\/\/lucesdelsiglo.com\/wp-content\/uploads\/2024\/07\/ostras-y-moluscos-contribuyen-a-la-reduccion-de-contaminantes-en-el-agua-630x420.jpg 630w, https:\/\/lucesdelsiglo.com\/wp-content\/uploads\/2024\/07\/ostras-y-moluscos-contribuyen-a-la-reduccion-de-contaminantes-en-el-agua-696x464.jpg 696w, https:\/\/lucesdelsiglo.com\/wp-content\/uploads\/2024\/07\/ostras-y-moluscos-contribuyen-a-la-reduccion-de-contaminantes-en-el-agua-1068x712.jpg 1068w, https:\/\/lucesdelsiglo.com\/wp-content\/uploads\/2024\/07\/ostras-y-moluscos-contribuyen-a-la-reduccion-de-contaminantes-en-el-agua.jpg 1600w\"><a href=\"https:\/\/lucesdelsiglo.com\/2024\/07\/12\/ostras-y-moluscos-contribuyen-a-la-reduccion-de-contaminantes-en-el-agua-nacional\/\">Ostras y moluscos contribuyen a la reducci\u00f3n de contaminantes en el agua<\/a><\/li><\/ul>\n\n\n\n<p>\u201cTambi\u00e9n se delinean las estrategias para enfrentar la asignaci\u00f3n de los diputados por representaci\u00f3n proporcional con la pretensi\u00f3n de que la fuerza pol\u00edtica dominante no alcance las dos terceras partes de cada una de las c\u00e1maras que integran el Congreso de la Uni\u00f3n\u201d.<\/p>\n\n\n\n<p>Al finalizar la protesta, las seis principales asociaciones que agrupan a actuarios, secretarios, jueces y magistrados del Poder Judicial emitieron un pronunciamiento en el que acusan que los foros de discusi\u00f3n sobre la reforma judicial son una estrategia para dilatar las protestas del personal jurisdiccional.<\/p>\n\n\n\n<p>Reiteraron su rechazo a la iniciativa del Ejecutivo federal y a la propuesta de elegir mediante voto popular a los juzgadores, porque, afirmaron, no necesitan las urnas para juzgar.<\/p>\n\n\n\n<p>\u201cNo somos pol\u00edticos y rechazamos cualquier invitaci\u00f3n de compartir el poder pol\u00edtico. Juzgar exige capacidad, independencia y autonom\u00eda. Nosotros no insultamos. No usamos urnas para juzgar o perseguir\u201d, se\u00f1alaron.<\/p>\n\n\n\n<p>\u201cNo usamos vallas ni grupos antimotines. Nuestra fuerza proviene de la raz\u00f3n, de la palabra, con el apoyo de la Constituci\u00f3n y la ley. Con sentencias protegemos los derechos humanos del pueblo de M\u00e9xico. Es nuestro poder: interpretar leyes, condenar a delincuentes cuando existe el debido proceso y pruebas. No defendemos ideolog\u00edas ni propias ni ajenas\u201d.<\/p>\n\n\n\n<p>En Veracruz, legisladores y representantes del Poder Judicial vivieron el foro de mayor tensi\u00f3n sobre la reforma judicial, luego de que jueces y especialistas calificaron al nuevo Tribunal de Disciplina Judicial como un \u00f3rgano inquisidor.<\/p>\n\n\n\n<p>La propuesta de sancionar a los juzgadores por sentencias que no tomen en cuenta el bien com\u00fan y que no sean \u201cobjetivas\u201d, as\u00ed como la inacatabilidad de las resoluciones del Tribunal, fueron vistas como violatorias de los derechos humanos y fuera de convenciones internacionales.<\/p>\n\n\n\n<p>La Magistrada Nadia Villanueva reclam\u00f3 que se llame corruptos a todos los integrantes del Poder Judicial, como el fundamento para crear un nuevo tribunal.<\/p>\n\n\n\n<p>\u201cHa sido de dominio p\u00fablico, como tambi\u00e9n en el Ejecutivo, familiares de nuestro actual Presidente de la Rep\u00fablica est\u00e1n involucrados en este tipo de actos, no sabemos c\u00f3mo son las sanciones que se han llevado a cabo\u201d, recrimin\u00f3.<\/p>\n\n\n\n<p>El petista Gerardo Fern\u00e1ndez Noro\u00f1a pidi\u00f3 una disculpa p\u00fablica a la Magistrada por el se\u00f1alamiento contra el Presidente.<\/p>\n\n\n\n<p>La Magistrada lejos de ofrecer una disculpa a AMLO, le exigi\u00f3 una para ella y para todos los juzgadores por haberlos acusado de corruptos sin ninguna prueba.<\/p>\n\n\n\n<p>Fuente: <a href=\"https:\/\/lucesdelsiglo.com\/2024\/07\/13\/van-juzgadores-contra-morena-nacional\/\">https:\/\/lucesdelsiglo.com\/2024\/07\/13\/van-juzgadores-contra-morena-nacional\/<\/a><\/p>\n","protected":false},"excerpt":{"rendered":"<p>Impartidores de justicia del PJF anunciaron ayer que preparan una estrategia jur\u00eddica para combatir la eventual sobrerrepresentaci\u00f3n de Morena. ABEL [&hellip;]<\/p>\n","protected":false},"author":1,"featured_media":79603,"comment_status":"open","ping_status":"open","sticky":false,"template":"","format":"standard","meta":{"site-sidebar-layout":"default","site-content-layout":"","ast-site-content-layout":"default","site-content-style":"default","site-sidebar-style":"default","ast-global-header-display":"","ast-banner-title-visibility":"","ast-main-header-display":"","ast-hfb-above-header-display":"","ast-hfb-below-header-display":"","ast-hfb-mobile-header-display":"","site-post-title":"","ast-breadcrumbs-content":"","ast-featured-img":"","footer-sml-layout":"","theme-transparent-header-meta":"","adv-header-id-meta":"","stick-header-meta":"","header-above-stick-meta":"","header-main-stick-meta":"","header-below-stick-meta":"","astra-migrate-meta-layouts":"default","ast-page-background-enabled":"default","ast-page-background-meta":{"desktop":{"background-color":"var(--ast-global-color-4)","background-image":"","background-repeat":"repeat","background-position":"center center","background-size":"auto","background-attachment":"scroll","background-type":"","background-media":"","overlay-type":"","overlay-color":"","overlay-opacity":"","overlay-gradient":""},"tablet":{"background-color":"","background-image":"","background-repeat":"repeat","background-position":"center center","background-size":"auto","background-attachment":"scroll","background-type":"","background-media":"","overlay-type":"","overlay-color":"","overlay-opacity":"","overlay-gradient":""},"mobile":{"background-color":"","background-image":"","background-repeat":"repeat","background-position":"center center","background-size":"auto","background-attachment":"scroll","background-type":"","background-media":"","overlay-type":"","overlay-color":"","overlay-opacity":"","overlay-gradient":""}},"ast-content-background-meta":{"desktop":{"background-color":"var(--ast-global-color-5)","background-image":"","background-repeat":"repeat","background-position":"center center","background-size":"auto","background-attachment":"scroll","background-type":"","background-media":"","overlay-type":"","overlay-color":"","overlay-opacity":"","overlay-gradient":""},"tablet":{"background-color":"var(--ast-global-color-5)","background-image":"","background-repeat":"repeat","background-position":"center center","background-size":"auto","background-attachment":"scroll","background-type":"","background-media":"","overlay-type":"","overlay-color":"","overlay-opacity":"","overlay-gradient":""},"mobile":{"background-color":"var(--ast-global-color-5)","background-image":"","background-repeat":"repeat","background-position":"center center","background-size":"auto","background-attachment":"scroll","background-type":"","background-media":"","overlay-type":"","overlay-color":"","overlay-opacity":"","overlay-gradient":""}},"footnotes":""},"categories":[8],"tags":[27454,18121,27453],"class_list":["post-79602","post","type-post","status-publish","format-standard","has-post-thumbnail","hentry","category-noticias","tag-impartidores-de-justicia-mexico","tag-pjf","tag-sobrerrepresentacion-morena"],"_links":{"self":[{"href":"https:\/\/losperiodistas.com.mx\/portal\/wp-json\/wp\/v2\/posts\/79602","targetHints":{"allow":["GET"]}}],"collection":[{"href":"https:\/\/losperiodistas.com.mx\/portal\/wp-json\/wp\/v2\/posts"}],"about":[{"href":"https:\/\/losperiodistas.com.mx\/portal\/wp-json\/wp\/v2\/types\/post"}],"author":[{"embeddable":true,"href":"https:\/\/losperiodistas.com.mx\/portal\/wp-json\/wp\/v2\/users\/1"}],"replies":[{"embeddable":true,"href":"https:\/\/losperiodistas.com.mx\/portal\/wp-json\/wp\/v2\/comments?post=79602"}],"version-history":[{"count":1,"href":"https:\/\/losperiodistas.com.mx\/portal\/wp-json\/wp\/v2\/posts\/79602\/revisions"}],"predecessor-version":[{"id":79606,"href":"https:\/\/losperiodistas.com.mx\/portal\/wp-json\/wp\/v2\/posts\/79602\/revisions\/79606"}],"wp:featuredmedia":[{"embeddable":true,"href":"https:\/\/losperiodistas.com.mx\/portal\/wp-json\/wp\/v2\/media\/79603"}],"wp:attachment":[{"href":"https:\/\/losperiodistas.com.mx\/portal\/wp-json\/wp\/v2\/media?parent=79602"}],"wp:term":[{"taxonomy":"category","embeddable":true,"href":"https:\/\/losperiodistas.com.mx\/portal\/wp-json\/wp\/v2\/categories?post=79602"},{"taxonomy":"post_tag","embeddable":true,"href":"https:\/\/losperiodistas.com.mx\/portal\/wp-json\/wp\/v2\/tags?post=79602"}],"curies":[{"name":"wp","href":"https:\/\/api.w.org\/{rel}","templated":true}]}}