{"id":79595,"date":"2024-07-13T08:34:37","date_gmt":"2024-07-13T13:34:37","guid":{"rendered":"https:\/\/losperiodistas.com.mx\/portal\/?p=79595"},"modified":"2024-07-13T08:34:39","modified_gmt":"2024-07-13T13:34:39","slug":"la-lista-de-10-frases-celebres-de-pablo-neruda-a-120-de-su-natalicio","status":"publish","type":"post","link":"https:\/\/losperiodistas.com.mx\/portal\/la-lista-de-10-frases-celebres-de-pablo-neruda-a-120-de-su-natalicio\/","title":{"rendered":"La-Lista de 10 frases c\u00e9lebres de Pablo Neruda a 120 de su natalicio"},"content":{"rendered":"\n<p class=\"has-medium-font-size\">La obra de Neruda sigue siendo una fuente inagotable de inspiraci\u00f3n y reflexi\u00f3n, record\u00e1ndonos el poder de la poes\u00eda para capturar la esencia de la humanidad y trascender el tiempo.<\/p>\n\n\n\n<figure class=\"wp-block-image size-large\"><img fetchpriority=\"high\" decoding=\"async\" width=\"1024\" height=\"576\" src=\"https:\/\/losperiodistas.com.mx\/portal\/wp-content\/uploads\/2024\/07\/Pablo-Neruda-1024x576.jpg\" alt=\"\" class=\"wp-image-79596\" srcset=\"https:\/\/losperiodistas.com.mx\/portal\/wp-content\/uploads\/2024\/07\/Pablo-Neruda-1024x576.jpg 1024w, https:\/\/losperiodistas.com.mx\/portal\/wp-content\/uploads\/2024\/07\/Pablo-Neruda-300x169.jpg 300w, https:\/\/losperiodistas.com.mx\/portal\/wp-content\/uploads\/2024\/07\/Pablo-Neruda-768x432.jpg 768w, https:\/\/losperiodistas.com.mx\/portal\/wp-content\/uploads\/2024\/07\/Pablo-Neruda.jpg 1280w\" sizes=\"(max-width: 1024px) 100vw, 1024px\" \/><figcaption>La-Lista de Pablo Neruda, por su natalicio. Foto: Wikimedia Commons<\/figcaption><\/figure>\n\n\n\n<p class=\"has-vivid-red-color has-text-color has-medium-font-size\"><strong>REDACCI\u00d3N LA-LISTA<\/strong><\/p>\n\n\n\n<p>El 12 de julio marca el 120 aniversario del nacimiento de Pablo Neruda, el c\u00e9lebre poeta y pol\u00edtico chileno cuya obra ha dejado una huella imborrable en la literatura mundial. Ganador del Premio Nobel de Literatura en 1971, Neruda es considerado por el colombiano Gabriel Garc\u00eda M\u00e1rquez como \u201cel m\u00e1s grande poeta del siglo XX en cualquier idioma\u201d.<\/p>\n\n\n\n<figure class=\"wp-block-image\"><a href=\"https:\/\/la-lista.com\/the-guardian\/un-estudio-forense-revela-que-el-poeta-chileno-pablo-neruda-fue-envenenado\" target=\"_blank\" rel=\"noreferrer noopener\"><img decoding=\"async\" src=\"https:\/\/i0.wp.com\/la-lista.com\/wp-content\/uploads\/2023\/02\/estudio_forense_revela_que_el_poeta_chileno_pablo_neruda_fue_envenenado.jpg?resize=600%2C360&amp;ssl=1\" alt=\"La-Lista de 10 frases c\u00e9lebres de Pablo Neruda a 120 de su natalicio - estudio_forense_revela_que_el_poeta_chileno_pablo_neruda_fue_envenenado-600x360\" title=\"Un estudio forense revela que el poeta chileno Pablo Neruda fue envenenado\"\/><\/a><\/figure>\n\n\n\n<p><strong><a target=\"_blank\" href=\"https:\/\/la-lista.com\/the-guardian\/un-estudio-forense-revela-que-el-poeta-chileno-pablo-neruda-fue-envenenado\" rel=\"noreferrer noopener\">Un estudio forense revela que el poeta chileno Pablo Neruda fue envenenado<\/a><\/strong><a target=\"_blank\" href=\"https:\/\/la-lista.com\/the-guardian\/un-estudio-forense-revela-que-el-poeta-chileno-pablo-neruda-fue-envenenado\" rel=\"noreferrer noopener\">LEER MAS<\/a><\/p>\n\n\n\n<p>A pesar de su fama, la vida de Neruda estuvo marcada por la tragedia. Falleci\u00f3 el 23 de septiembre de 1973, doce d\u00edas despu\u00e9s del golpe militar de Augusto Pinochet. Aunque oficialmente se inform\u00f3 que muri\u00f3 de c\u00e1ncer de pr\u00f3stata, investigaciones recientes han sugerido que fue envenenado.<\/p>\n\n\n\n<p>El impacto de Neruda en la literatura es indiscutible. Public\u00f3 m\u00e1s de 40 obras en vida y cerca de 30 m\u00e1s fueron publicadas p\u00f3stumamente. Su obra ha sido un referente para escritores de todas las generaciones y ha sido llevada al cine por directores como el chileno Pablo Larra\u00edn. Adem\u00e1s, fue admirado por otros gigantes de la literatura, como el cr\u00edtico Harold Bloom, quien afirm\u00f3 que ning\u00fan poeta del hemisferio occidental en el siglo XX pod\u00eda compararse con \u00e9l.<\/p>\n\n\n\n<p>Por ello, y en honor a su legado, recopilamos 10 de las frases m\u00e1s memorables de Pablo Neruda:<\/p>\n\n\n\n<blockquote class=\"wp-block-quote is-layout-flow wp-block-quote-is-layout-flow\"><p><strong>Podr\u00e1n cortar todas las flores, pero no podr\u00e1n detener la primavera<\/strong>.<\/p><\/blockquote>\n\n\n\n<p><strong>Hay un cierto placer en la locura, que solo el loco conoce.<\/strong><\/p>\n\n\n\n<figure class=\"wp-block-image size-large\"><img decoding=\"async\" width=\"927\" height=\"1024\" src=\"https:\/\/losperiodistas.com.mx\/portal\/wp-content\/uploads\/2024\/07\/Captura-de-Pantalla-2024-07-13-a-las-7.27.45-927x1024.jpg\" alt=\"\" class=\"wp-image-79597\" srcset=\"https:\/\/losperiodistas.com.mx\/portal\/wp-content\/uploads\/2024\/07\/Captura-de-Pantalla-2024-07-13-a-las-7.27.45-927x1024.jpg 927w, https:\/\/losperiodistas.com.mx\/portal\/wp-content\/uploads\/2024\/07\/Captura-de-Pantalla-2024-07-13-a-las-7.27.45-272x300.jpg 272w, https:\/\/losperiodistas.com.mx\/portal\/wp-content\/uploads\/2024\/07\/Captura-de-Pantalla-2024-07-13-a-las-7.27.45-768x848.jpg 768w, https:\/\/losperiodistas.com.mx\/portal\/wp-content\/uploads\/2024\/07\/Captura-de-Pantalla-2024-07-13-a-las-7.27.45.jpg 1076w\" sizes=\"(max-width: 927px) 100vw, 927px\" \/><figcaption><a href=\"https:\/\/www.instagram.com\/p\/BRL9oM1gerp\/?utm_source=ig_web_copy_link\">VER EN INSTAGRAM<\/a><\/figcaption><\/figure>\n\n\n\n<p><strong>Es tan corto el amor y tan largo el olvido.<\/strong><\/p>\n\n\n\n<blockquote class=\"wp-block-quote is-layout-flow wp-block-quote-is-layout-flow\"><p><strong>Para mi coraz\u00f3n basta tu pecho, para tu libertad bastan mis alas.<\/strong><\/p><\/blockquote>\n\n\n\n<figure class=\"wp-block-image size-large\"><img decoding=\"async\" width=\"934\" height=\"1024\" src=\"https:\/\/losperiodistas.com.mx\/portal\/wp-content\/uploads\/2024\/07\/Captura-de-Pantalla-2024-07-13-a-las-7.29.01-934x1024.jpg\" alt=\"\" class=\"wp-image-79598\" srcset=\"https:\/\/losperiodistas.com.mx\/portal\/wp-content\/uploads\/2024\/07\/Captura-de-Pantalla-2024-07-13-a-las-7.29.01-934x1024.jpg 934w, https:\/\/losperiodistas.com.mx\/portal\/wp-content\/uploads\/2024\/07\/Captura-de-Pantalla-2024-07-13-a-las-7.29.01-274x300.jpg 274w, https:\/\/losperiodistas.com.mx\/portal\/wp-content\/uploads\/2024\/07\/Captura-de-Pantalla-2024-07-13-a-las-7.29.01-768x842.jpg 768w, https:\/\/losperiodistas.com.mx\/portal\/wp-content\/uploads\/2024\/07\/Captura-de-Pantalla-2024-07-13-a-las-7.29.01.jpg 1084w\" sizes=\"(max-width: 934px) 100vw, 934px\" \/><figcaption><a href=\"https:\/\/www.instagram.com\/p\/BQf9hH0lEzG\/?utm_source=ig_web_copy_link\">VER EN INSTAGRAM<\/a><\/figcaption><\/figure>\n\n\n\n<blockquote class=\"wp-block-quote is-layout-flow wp-block-quote-is-layout-flow\"><p><strong>Conocer el amor de los que amamos es el fuego que alimenta la vida.<\/strong><\/p><\/blockquote>\n\n\n\n<blockquote class=\"wp-block-quote is-layout-flow wp-block-quote-is-layout-flow\"><p><strong>Los recuerdos son de agua y a veces nos salen por los ojos.<\/strong><\/p><\/blockquote>\n\n\n\n<figure class=\"wp-block-image size-large\"><img loading=\"lazy\" decoding=\"async\" width=\"1024\" height=\"875\" src=\"https:\/\/losperiodistas.com.mx\/portal\/wp-content\/uploads\/2024\/07\/Captura-de-Pantalla-2024-07-13-a-las-7.30.23-1024x875.jpg\" alt=\"\" class=\"wp-image-79599\" srcset=\"https:\/\/losperiodistas.com.mx\/portal\/wp-content\/uploads\/2024\/07\/Captura-de-Pantalla-2024-07-13-a-las-7.30.23-1024x875.jpg 1024w, https:\/\/losperiodistas.com.mx\/portal\/wp-content\/uploads\/2024\/07\/Captura-de-Pantalla-2024-07-13-a-las-7.30.23-300x256.jpg 300w, https:\/\/losperiodistas.com.mx\/portal\/wp-content\/uploads\/2024\/07\/Captura-de-Pantalla-2024-07-13-a-las-7.30.23-768x656.jpg 768w, https:\/\/losperiodistas.com.mx\/portal\/wp-content\/uploads\/2024\/07\/Captura-de-Pantalla-2024-07-13-a-las-7.30.23.jpg 1084w\" sizes=\"(max-width: 1024px) 100vw, 1024px\" \/><figcaption><a href=\"https:\/\/www.instagram.com\/p\/BMfGvU1hvwf\/?utm_source=ig_web_copy_link\">VER EN INSTAGRAM<\/a><\/figcaption><\/figure>\n\n\n\n<blockquote class=\"wp-block-quote is-layout-flow wp-block-quote-is-layout-flow\"><p><strong>S\u00f3lo con una ardiente paciencia conquistaremos la espl\u00e9ndida ciudad que dar\u00e1 luz, justicia y dignidad a todos los hombres. As\u00ed la poes\u00eda no habr\u00e1 cantado en vano.<\/strong><\/p><\/blockquote>\n\n\n\n<blockquote class=\"wp-block-quote is-layout-flow wp-block-quote-is-layout-flow\"><p><strong>Me gustas cuando callas porque est\u00e1s como ausente, y me oyes desde lejos, y mi voz no te toca.<\/strong><\/p><\/blockquote>\n\n\n\n<figure class=\"wp-block-image size-large\"><img loading=\"lazy\" decoding=\"async\" width=\"1024\" height=\"874\" src=\"https:\/\/losperiodistas.com.mx\/portal\/wp-content\/uploads\/2024\/07\/Captura-de-Pantalla-2024-07-13-a-las-7.31.24-1024x874.jpg\" alt=\"\" class=\"wp-image-79600\" srcset=\"https:\/\/losperiodistas.com.mx\/portal\/wp-content\/uploads\/2024\/07\/Captura-de-Pantalla-2024-07-13-a-las-7.31.24-1024x874.jpg 1024w, https:\/\/losperiodistas.com.mx\/portal\/wp-content\/uploads\/2024\/07\/Captura-de-Pantalla-2024-07-13-a-las-7.31.24-300x256.jpg 300w, https:\/\/losperiodistas.com.mx\/portal\/wp-content\/uploads\/2024\/07\/Captura-de-Pantalla-2024-07-13-a-las-7.31.24-768x656.jpg 768w, https:\/\/losperiodistas.com.mx\/portal\/wp-content\/uploads\/2024\/07\/Captura-de-Pantalla-2024-07-13-a-las-7.31.24.jpg 1080w\" sizes=\"(max-width: 1024px) 100vw, 1024px\" \/><figcaption><a href=\"https:\/\/www.instagram.com\/p\/BIRk9NmBaN3\/?utm_source=ig_web_copy_link\">VER EN INSTAGRAM<\/a><\/figcaption><\/figure>\n\n\n\n<blockquote class=\"wp-block-quote is-layout-flow wp-block-quote-is-layout-flow\"><p><strong>La timidez es una condici\u00f3n ajena al coraz\u00f3n, una categor\u00eda, una dimensi\u00f3n que desemboca en la soledad.<\/strong><\/p><\/blockquote>\n\n\n\n<blockquote class=\"wp-block-quote is-layout-flow wp-block-quote-is-layout-flow\"><p><strong>Si nada nos salva de la muerte, al menos que el amor nos salve de la vida.<\/strong><\/p><cite>Fuente: <a href=\"https:\/\/la-lista.com\/cultura\/la-lista-de-10-frases-celebres-de-pablo-neruda-a-120-de-su-natalicio\">https:\/\/la-lista.com\/cultura\/la-lista-de-10-frases-celebres-de-pablo-neruda-a-120-de-su-natalicio<\/a><\/cite><\/blockquote>\n","protected":false},"excerpt":{"rendered":"<p>La obra de Neruda sigue siendo una fuente inagotable de inspiraci\u00f3n y reflexi\u00f3n, record\u00e1ndonos el poder de la poes\u00eda para [&hellip;]<\/p>\n","protected":false},"author":1,"featured_media":79596,"comment_status":"open","ping_status":"open","sticky":false,"template":"","format":"standard","meta":{"site-sidebar-layout":"default","site-content-layout":"","ast-site-content-layout":"default","site-content-style":"default","site-sidebar-style":"default","ast-global-header-display":"","ast-banner-title-visibility":"","ast-main-header-display":"","ast-hfb-above-header-display":"","ast-hfb-below-header-display":"","ast-hfb-mobile-header-display":"","site-post-title":"","ast-breadcrumbs-content":"","ast-featured-img":"","footer-sml-layout":"","theme-transparent-header-meta":"","adv-header-id-meta":"","stick-header-meta":"","header-above-stick-meta":"","header-main-stick-meta":"","header-below-stick-meta":"","astra-migrate-meta-layouts":"default","ast-page-background-enabled":"default","ast-page-background-meta":{"desktop":{"background-color":"var(--ast-global-color-4)","background-image":"","background-repeat":"repeat","background-position":"center center","background-size":"auto","background-attachment":"scroll","background-type":"","background-media":"","overlay-type":"","overlay-color":"","overlay-opacity":"","overlay-gradient":""},"tablet":{"background-color":"","background-image":"","background-repeat":"repeat","background-position":"center center","background-size":"auto","background-attachment":"scroll","background-type":"","background-media":"","overlay-type":"","overlay-color":"","overlay-opacity":"","overlay-gradient":""},"mobile":{"background-color":"","background-image":"","background-repeat":"repeat","background-position":"center center","background-size":"auto","background-attachment":"scroll","background-type":"","background-media":"","overlay-type":"","overlay-color":"","overlay-opacity":"","overlay-gradient":""}},"ast-content-background-meta":{"desktop":{"background-color":"var(--ast-global-color-5)","background-image":"","background-repeat":"repeat","background-position":"center center","background-size":"auto","background-attachment":"scroll","background-type":"","background-media":"","overlay-type":"","overlay-color":"","overlay-opacity":"","overlay-gradient":""},"tablet":{"background-color":"var(--ast-global-color-5)","background-image":"","background-repeat":"repeat","background-position":"center center","background-size":"auto","background-attachment":"scroll","background-type":"","background-media":"","overlay-type":"","overlay-color":"","overlay-opacity":"","overlay-gradient":""},"mobile":{"background-color":"var(--ast-global-color-5)","background-image":"","background-repeat":"repeat","background-position":"center center","background-size":"auto","background-attachment":"scroll","background-type":"","background-media":"","overlay-type":"","overlay-color":"","overlay-opacity":"","overlay-gradient":""}},"footnotes":""},"categories":[8],"tags":[27451,27452,4915],"class_list":["post-79595","post","type-post","status-publish","format-standard","has-post-thumbnail","hentry","category-noticias","tag-es-tan-corto-el-amor-y-tan-largo-el-olvido","tag-frases-de-pablo-neruda","tag-pablo-neruda"],"_links":{"self":[{"href":"https:\/\/losperiodistas.com.mx\/portal\/wp-json\/wp\/v2\/posts\/79595","targetHints":{"allow":["GET"]}}],"collection":[{"href":"https:\/\/losperiodistas.com.mx\/portal\/wp-json\/wp\/v2\/posts"}],"about":[{"href":"https:\/\/losperiodistas.com.mx\/portal\/wp-json\/wp\/v2\/types\/post"}],"author":[{"embeddable":true,"href":"https:\/\/losperiodistas.com.mx\/portal\/wp-json\/wp\/v2\/users\/1"}],"replies":[{"embeddable":true,"href":"https:\/\/losperiodistas.com.mx\/portal\/wp-json\/wp\/v2\/comments?post=79595"}],"version-history":[{"count":1,"href":"https:\/\/losperiodistas.com.mx\/portal\/wp-json\/wp\/v2\/posts\/79595\/revisions"}],"predecessor-version":[{"id":79601,"href":"https:\/\/losperiodistas.com.mx\/portal\/wp-json\/wp\/v2\/posts\/79595\/revisions\/79601"}],"wp:featuredmedia":[{"embeddable":true,"href":"https:\/\/losperiodistas.com.mx\/portal\/wp-json\/wp\/v2\/media\/79596"}],"wp:attachment":[{"href":"https:\/\/losperiodistas.com.mx\/portal\/wp-json\/wp\/v2\/media?parent=79595"}],"wp:term":[{"taxonomy":"category","embeddable":true,"href":"https:\/\/losperiodistas.com.mx\/portal\/wp-json\/wp\/v2\/categories?post=79595"},{"taxonomy":"post_tag","embeddable":true,"href":"https:\/\/losperiodistas.com.mx\/portal\/wp-json\/wp\/v2\/tags?post=79595"}],"curies":[{"name":"wp","href":"https:\/\/api.w.org\/{rel}","templated":true}]}}