{"id":79591,"date":"2024-07-13T08:17:05","date_gmt":"2024-07-13T13:17:05","guid":{"rendered":"https:\/\/losperiodistas.com.mx\/portal\/?p=79591"},"modified":"2024-07-13T08:17:07","modified_gmt":"2024-07-13T13:17:07","slug":"juez-ordena-aprehender-a-miguel-angel-yunes-marquez-fiscalia-pide-ayuda-a-interpol-sinembargo","status":"publish","type":"post","link":"https:\/\/losperiodistas.com.mx\/portal\/juez-ordena-aprehender-a-miguel-angel-yunes-marquez-fiscalia-pide-ayuda-a-interpol-sinembargo\/","title":{"rendered":"Juez ordena aprehender a Miguel \u00c1ngel Yunes M\u00e1rquez. Fiscal\u00eda pide ayuda a Interpol | SinEmbargo"},"content":{"rendered":"\n<p><strong>Yunes M\u00e1rquez afirm\u00f3 que el Juez decidi\u00f3 suspender la audiencia inicial \u201ca mis espaldas\u201d, cuando el panista tuvo que marcharse para que supuestamente se le administrara un analg\u00e9sico.<\/strong><\/p>\n\n\n\n<figure class=\"wp-block-image size-large\"><img fetchpriority=\"high\" decoding=\"async\" width=\"1024\" height=\"540\" src=\"https:\/\/losperiodistas.com.mx\/portal\/wp-content\/uploads\/2024\/07\/yunes-marquez-1024x540.jpg\" alt=\"\" class=\"wp-image-79592\" srcset=\"https:\/\/losperiodistas.com.mx\/portal\/wp-content\/uploads\/2024\/07\/yunes-marquez-1024x540.jpg 1024w, https:\/\/losperiodistas.com.mx\/portal\/wp-content\/uploads\/2024\/07\/yunes-marquez-300x158.jpg 300w, https:\/\/losperiodistas.com.mx\/portal\/wp-content\/uploads\/2024\/07\/yunes-marquez-768x405.jpg 768w, https:\/\/losperiodistas.com.mx\/portal\/wp-content\/uploads\/2024\/07\/yunes-marquez.jpg 1100w\" sizes=\"(max-width: 1024px) 100vw, 1024px\" \/><\/figure>\n\n\n\n<p><\/p>\n\n\n\n<p class=\"has-vivid-red-color has-text-color has-medium-font-size\"><strong>Redacci\u00f3n SinEmbargo<\/strong><\/p>\n\n\n\n<p>Un\u00a0<strong>Juez de Control<\/strong>\u00a0<strong>emiti\u00f3<\/strong>\u00a0este viernes una\u00a0<strong>orden de aprehensi\u00f3n<\/strong>\u00a0en contra de\u00a0<strong>Miguel \u00c1ngel Yunes M\u00e1rquez<\/strong>, Senador electo del Partido Acci\u00f3n Nacional (PAN) y quien actualmente\u00a0<strong>se encuentra<\/strong>\u00a0en los\u00a0<strong>Estados Unidos<\/strong>\u00a0para una supuesta atenci\u00f3n m\u00e9dica, a la vez que\u00a0<strong>afronta<\/strong>\u00a0un\u00a0<strong>proceso<\/strong>\u00a0<strong>en su contra<\/strong>\u00a0por\u00a0<strong>tres delitos<\/strong>: emisi\u00f3n de documentos falsos, falsedad ante la autoridad y fraude procesal.<\/p>\n\n\n\n<p>Ayer fue celebrada la audiencia inicial contra Yunes M\u00e1rquez, quien se present\u00f3 a trav\u00e9s de videoconferencia; sin embargo, luego de seis horas, se desconect\u00f3 debido a que supuestamente deb\u00eda de recibir un tratamiento farmacol\u00f3gico por problemas en su columna vertebral.<\/p>\n\n\n\n<p>Ante esta circunstancia, \u00d3scar Luis Lozada Hern\u00e1ndez, Juez de Control adscrito al Juzgado de Proceso y Procedimiento Penal y Oral del D\u00e9cimo Primer Distrito Judicial de Xalapa, emiti\u00f3 la madrugada de este 12 de julio una orden de captura en contra del excandidato a la Presidencia Municipal de Veracruz, en la misma entidad que su padre, Miguel \u00c1ngel Yunes Linares, gobern\u00f3 y cuya familia representa un clan de dominio en ese estado.<\/p>\n\n\n\n<p>De forma paralela, al momento de recibir la orden de aprehensi\u00f3n, la Fiscal\u00eda General del Estado (FGE) de Veracruz solicit\u00f3 a la Unidad de Asuntos Polic\u00edas Internacionales y a la Interpol una Alerta Migratoria y Ficha Roja para la b\u00fasqueda, localizaci\u00f3n y detenci\u00f3n de Miguel \u00c1ngel Yunes M\u00e1rquez, esto con el fin de evitar una posible evasi\u00f3n de la justicia.<\/p>\n\n\n\n<p><\/p>\n\n\n\n<figure class=\"wp-block-image\" id=\"attachment_3977419\"><img decoding=\"async\" src=\"https:\/\/i1.wp.com\/www.sinembargo.mx\/wp-content\/uploads\/2021\/05\/captura-de-pantalla-2021-05-18-a-las-23-46-24.png?resize=700%2C369&amp;quality=80&amp;strip=all&amp;ssl=1\" alt=\"\" class=\"wp-image-3977419\"\/><figcaption>Miguel \u00c1ngel Yunes M\u00e1rquez, Senador electo por el Partido Acci\u00f3n Nacional. Foto: Especial.<\/figcaption><\/figure>\n\n\n\n<p>Si bien Ver\u00f3nica Hern\u00e1ndez Gi\u00e1dans, titular de la Fiscal\u00eda estatal, evadi\u00f3 responder en un encuentro con medios de comunicaci\u00f3n si era cierto o no la orden de aprehensi\u00f3n, el propio Miguel \u00c1ngel Yunes emiti\u00f3 un comunicado, replicado y citado por medios nacionales, en el que confirma la orden de captura emitida por el Juez.<\/p>\n\n\n\n<p>\u201cEn la audiencia de ayer fui part\u00edcipe y testigo de los abusos que se cometen y de la falta de \u00e9tica, compromiso con la Ley y -dir\u00eda tambi\u00e9n- falta de verg\u00fcenza de jueces locales y fiscales\u201d, denunci\u00f3 el panista.<\/p>\n\n\n\n<p>Yunes M\u00e1rquez afirm\u00f3 que el comportamiento del Juez no corresponde con su responsabilidad, sino que, por el contrario, los llam\u00f3 \u201clacayos, serviles al poder\u201d y que no les importa violentar la Ley y \u201chacer el rid\u00edculo, quieren \u2018quedar bien&#8217;\u201d.<video preload=\"none\" poster=\"data:image\/png;base64,iVBORw0KGgoAAAANSUhEUgAAAAEAAAABCAQAAAC1HAwCAAAAC0lEQVR42mNkYAAAAAYAAjCB0C8AAAAASUVORK5CYII=\"><\/video>\u00bfCu\u00e1ndo se inaugur\u00f3 por primera vez el techo de la Capilla Sixtina?<\/p>\n\n\n\n<p>Respecto al Juez que estuvo presente en su audiencia, afirm\u00f3 que \u00e9ste decidi\u00f3 suspenderla \u201ca mis espaldas\u201d, cuando tuvo que marcharse para que supuestamente se le administrara un analg\u00e9sico. Dicha acci\u00f3n, asegura, fue para justificar la orden de aprehensi\u00f3n y as\u00ed \u201cpoder acudir de rodillas ante sus jefes y decirles: deber cumplido, ya lo hice, ahora quiero ser Magistrado\u201d.<\/p>\n\n\n\n<figure class=\"wp-block-image\" id=\"attachment_4524469\"><img decoding=\"async\" src=\"https:\/\/i1.wp.com\/www.sinembargo.mx\/wp-content\/uploads\/2024\/07\/gsjqnipweaa1yek.jpeg?resize=700%2C1075&amp;quality=80&amp;strip=all&amp;ssl=1\" alt=\"\" class=\"wp-image-4524469\"\/><figcaption>Copia de una parte del oficio del Poder Judicial de Veracruz enviado a la Embajada de Estados Unidos en M\u00e9xico. Foto: Especial<\/figcaption><\/figure>\n\n\n\n<p>\u201cMe seguir\u00e9 defendiendo, con el valor y dignidad que quienes me persiguen no tienen. Eso es lo que merecen los veracruzanos, servidores p\u00fablicos dignos y comprometidos con la verdad y la justicia\u201d, agreg\u00f3.<\/p>\n\n\n\n<p>La Fiscal\u00eda General del Estado de Veracruz acusa al Senador electo por los delitos de uso de documentos falsos, falsedad ante la autoridad y fraude procesal, esto luego de haber presuntamente falseado su residencia efectiva en el puerto de Veracruz con el fin de permitir su competencia en la elecci\u00f3n del 2021 por la Presidencia Municipal de Veracruz.<\/p>\n\n\n\n<p>En dichas elecciones, el Tribunal Electoral de la entidad (TEV) decidi\u00f3 retirarle la candidatura al panista, luego de que los magistrados determinaran que incumpl\u00eda con los requisitos de residencia efectiva de m\u00e1s de tres a\u00f1os.<\/p>\n\n\n\n<blockquote class=\"wp-block-quote is-layout-flow wp-block-quote-is-layout-flow\"><p>\u201cSe declara la inelegibilidad del ciudadano Miguel \u00c1ngel Yunes M\u00e1rquez para contender al cargo de presidente municipal de Veracruz, al no satisfacer el requisito de elegibilidad relativo a la residencia efectiva de no menor a tres a\u00f1os\u201d, destacaron las autoridades de TEV.<\/p><p><\/p><\/blockquote>\n\n\n\n<figure class=\"wp-block-embed is-type-video is-provider-youtube wp-block-embed-youtube wp-embed-aspect-16-9 wp-has-aspect-ratio\"><div class=\"wp-block-embed__wrapper\">\n<iframe title=\"No hallan al hijo de Yunes, acusado de 3 delitos. El Poder Judicial pide ayuda a EU\" width=\"500\" height=\"281\" src=\"https:\/\/www.youtube.com\/embed\/5eSPPjMgHGM?feature=oembed\" frameborder=\"0\" allow=\"accelerometer; autoplay; clipboard-write; encrypted-media; gyroscope; picture-in-picture; web-share\" referrerpolicy=\"strict-origin-when-cross-origin\" allowfullscreen><\/iframe>\n<\/div><\/figure>\n\n\n\n<p>Yunes M\u00e1rquez hab\u00eda aplazado en tres distintas ocasiones su audiencia inicial, esto con supuestos comprobantes m\u00e9dicos que afirmaban la necesidad de su internamiento en una cl\u00ednica de salud en los Estados Unidos, hecho que finalmente ocurri\u00f3 el pasado 5 de julio cuando su defensa entreg\u00f3 una constancia donde afirmaban que el panista hab\u00eda viajado a Jacksonville, en el estado de Florida, para presuntamente ser atendido.<\/p>\n\n\n\n<p>Dicho oficio se\u00f1alaba que Yunes M\u00e1rquez se encuentra hospedado en el hotel Courtyard Marriot Jacksonville at the Mayo Clinic, en la mencionada ciudad de Florida.<\/p>\n\n\n\n<p>Fue ante dicha notificaci\u00f3n que el Poder Judicial del estado de Veracruz solicit\u00f3 la ayuda a la Embajada de los Estados Unidos en M\u00e9xico para solicitar que, a trav\u00e9s de su personal, rectificara la residencia temporal de Yunes M\u00e1rquez previo a su audiencia.<\/p>\n\n\n\n<p>Fuente: <a href=\"https:\/\/www.sinembargo.mx\/12-07-2024\/4525662\">https:\/\/www.sinembargo.mx\/12-07-2024\/4525662<\/a><\/p>\n","protected":false},"excerpt":{"rendered":"<p>Yunes M\u00e1rquez afirm\u00f3 que el Juez decidi\u00f3 suspender la audiencia inicial \u201ca mis espaldas\u201d, cuando el panista tuvo que marcharse [&hellip;]<\/p>\n","protected":false},"author":1,"featured_media":79592,"comment_status":"open","ping_status":"open","sticky":false,"template":"","format":"standard","meta":{"site-sidebar-layout":"default","site-content-layout":"","ast-site-content-layout":"default","site-content-style":"default","site-sidebar-style":"default","ast-global-header-display":"","ast-banner-title-visibility":"","ast-main-header-display":"","ast-hfb-above-header-display":"","ast-hfb-below-header-display":"","ast-hfb-mobile-header-display":"","site-post-title":"","ast-breadcrumbs-content":"","ast-featured-img":"","footer-sml-layout":"","theme-transparent-header-meta":"","adv-header-id-meta":"","stick-header-meta":"","header-above-stick-meta":"","header-main-stick-meta":"","header-below-stick-meta":"","astra-migrate-meta-layouts":"default","ast-page-background-enabled":"default","ast-page-background-meta":{"desktop":{"background-color":"var(--ast-global-color-4)","background-image":"","background-repeat":"repeat","background-position":"center center","background-size":"auto","background-attachment":"scroll","background-type":"","background-media":"","overlay-type":"","overlay-color":"","overlay-opacity":"","overlay-gradient":""},"tablet":{"background-color":"","background-image":"","background-repeat":"repeat","background-position":"center center","background-size":"auto","background-attachment":"scroll","background-type":"","background-media":"","overlay-type":"","overlay-color":"","overlay-opacity":"","overlay-gradient":""},"mobile":{"background-color":"","background-image":"","background-repeat":"repeat","background-position":"center center","background-size":"auto","background-attachment":"scroll","background-type":"","background-media":"","overlay-type":"","overlay-color":"","overlay-opacity":"","overlay-gradient":""}},"ast-content-background-meta":{"desktop":{"background-color":"var(--ast-global-color-5)","background-image":"","background-repeat":"repeat","background-position":"center center","background-size":"auto","background-attachment":"scroll","background-type":"","background-media":"","overlay-type":"","overlay-color":"","overlay-opacity":"","overlay-gradient":""},"tablet":{"background-color":"var(--ast-global-color-5)","background-image":"","background-repeat":"repeat","background-position":"center center","background-size":"auto","background-attachment":"scroll","background-type":"","background-media":"","overlay-type":"","overlay-color":"","overlay-opacity":"","overlay-gradient":""},"mobile":{"background-color":"var(--ast-global-color-5)","background-image":"","background-repeat":"repeat","background-position":"center center","background-size":"auto","background-attachment":"scroll","background-type":"","background-media":"","overlay-type":"","overlay-color":"","overlay-opacity":"","overlay-gradient":""}},"footnotes":""},"categories":[8],"tags":[27450,16041,27449],"class_list":["post-79591","post","type-post","status-publish","format-standard","has-post-thumbnail","hentry","category-noticias","tag-fiscalia-veracruz","tag-interpol","tag-miguel-angel-yunes-marquez"],"_links":{"self":[{"href":"https:\/\/losperiodistas.com.mx\/portal\/wp-json\/wp\/v2\/posts\/79591","targetHints":{"allow":["GET"]}}],"collection":[{"href":"https:\/\/losperiodistas.com.mx\/portal\/wp-json\/wp\/v2\/posts"}],"about":[{"href":"https:\/\/losperiodistas.com.mx\/portal\/wp-json\/wp\/v2\/types\/post"}],"author":[{"embeddable":true,"href":"https:\/\/losperiodistas.com.mx\/portal\/wp-json\/wp\/v2\/users\/1"}],"replies":[{"embeddable":true,"href":"https:\/\/losperiodistas.com.mx\/portal\/wp-json\/wp\/v2\/comments?post=79591"}],"version-history":[{"count":1,"href":"https:\/\/losperiodistas.com.mx\/portal\/wp-json\/wp\/v2\/posts\/79591\/revisions"}],"predecessor-version":[{"id":79594,"href":"https:\/\/losperiodistas.com.mx\/portal\/wp-json\/wp\/v2\/posts\/79591\/revisions\/79594"}],"wp:featuredmedia":[{"embeddable":true,"href":"https:\/\/losperiodistas.com.mx\/portal\/wp-json\/wp\/v2\/media\/79592"}],"wp:attachment":[{"href":"https:\/\/losperiodistas.com.mx\/portal\/wp-json\/wp\/v2\/media?parent=79591"}],"wp:term":[{"taxonomy":"category","embeddable":true,"href":"https:\/\/losperiodistas.com.mx\/portal\/wp-json\/wp\/v2\/categories?post=79591"},{"taxonomy":"post_tag","embeddable":true,"href":"https:\/\/losperiodistas.com.mx\/portal\/wp-json\/wp\/v2\/tags?post=79591"}],"curies":[{"name":"wp","href":"https:\/\/api.w.org\/{rel}","templated":true}]}}