{"id":79439,"date":"2024-07-11T20:03:11","date_gmt":"2024-07-12T01:03:11","guid":{"rendered":"http:\/\/losperiodistas.com.mx\/portal\/?p=79439"},"modified":"2024-07-11T20:03:13","modified_gmt":"2024-07-12T01:03:13","slug":"esto-es-lo-que-garcia-harfuch-opina-de-la-estrategia-de-seguridad-de-amlo","status":"publish","type":"post","link":"https:\/\/losperiodistas.com.mx\/portal\/esto-es-lo-que-garcia-harfuch-opina-de-la-estrategia-de-seguridad-de-amlo\/","title":{"rendered":"\u201cAbrazos, no balazos\u201d: esto es lo que Omar Garc\u00eda Harfuch opina de la estrategia de seguridad de AMLO | Infobae"},"content":{"rendered":"\n<p>El pr\u00f3ximo titular de la SSPC en el gobierno de Claudia Sheinbaum ha dejado claro en m\u00e1s de una ocasi\u00f3n qu\u00e9 opina sobre la pol\u00e9mica pol\u00edtica de L\u00f3pez Obrador; esto es lo que ha dicho<\/p>\n\n\n\n<figure class=\"wp-block-image size-large\"><img fetchpriority=\"high\" decoding=\"async\" width=\"1024\" height=\"575\" src=\"https:\/\/losperiodistas.com.mx\/portal\/wp-content\/uploads\/2024\/07\/Captura-de-pantalla-2024-07-11-185410-1024x575.png\" alt=\"AMLO y Garc\u00eda Harfuch\" class=\"wp-image-79440\" srcset=\"https:\/\/losperiodistas.com.mx\/portal\/wp-content\/uploads\/2024\/07\/Captura-de-pantalla-2024-07-11-185410-1024x575.png 1024w, https:\/\/losperiodistas.com.mx\/portal\/wp-content\/uploads\/2024\/07\/Captura-de-pantalla-2024-07-11-185410-300x169.png 300w, https:\/\/losperiodistas.com.mx\/portal\/wp-content\/uploads\/2024\/07\/Captura-de-pantalla-2024-07-11-185410-768x432.png 768w, https:\/\/losperiodistas.com.mx\/portal\/wp-content\/uploads\/2024\/07\/Captura-de-pantalla-2024-07-11-185410.png 1196w\" sizes=\"(max-width: 1024px) 100vw, 1024px\" \/><figcaption>AMLO no incluye a Garc\u00eda Harfuch entre sus \u00abcorcholatas\u00bb para la CDMX. (Jovanni P\u00e9rez\/Infobae)<\/figcaption><\/figure>\n\n\n\n<p class=\"has-vivid-red-color has-text-color\">Rubi Martinez \/ Infobae<\/p>\n\n\n\n<p>A escasos meses de que<strong> Claudia Sheinbaum Pardo<\/strong> llegue a la Presidencia de la Rep\u00fablica, las y los integrantes de su pr\u00f3ximo gabinete ya se preparan para asumir las dependencias que se les ha encomendado dirigir por los pr\u00f3ximos seis a\u00f1os. Entre ellos se encuentra <strong>Omar Garc\u00eda Harfuch<\/strong>, quien se convertir\u00e1 en el titular de la <strong>Secretar\u00eda de Seguridad y Protecci\u00f3n Ciudadana (SSPC)<\/strong>. Al respecto, surge la pregunta: \u00bfcu\u00e1l ser\u00e1 la estrategia que guiar\u00e1 su dirigencia?<\/p>\n\n\n\n<p>Aunque Garc\u00eda Harfuch se ha mantenido lejos del ojo p\u00fablico desde su designaci\u00f3n p\u00fablica, ocurrida el 4 de julio en el Museo Interactivo de Econom\u00eda (MIDE), el extitular de la Secretar\u00eda de Seguridad Ciudadana (SSC) de la Ciudad de M\u00e9xico adelant\u00f3 aquel d\u00eda no estar a favor de<strong> combatir el crimen organizado <\/strong>con mano dura, sino <strong>de manera eficaz<\/strong>.<\/p>\n\n\n\n<p>A pregunta expresa de si continuar\u00e1 la estrategia de <strong>\u201cabrazos, no balazos\u201d <\/strong>del presidente <strong>Andr\u00e9s Manuel L\u00f3pez Obrador<\/strong>, se\u00f1al\u00f3 que dicha pol\u00edtica ha presentado resultados.<\/p>\n\n\n\n<p>\u201cHa habido much\u00edsimas operaciones en el pa\u00eds. Todos los d\u00edas, el Ej\u00e9rcito Mexicano y la Marina <strong>han arriesgado su vida<\/strong>, hemos perdido much\u00edsimos compa\u00f1eros, lo que demuestra que ha sido una estrategia donde se ha combatido al crimen. Tan es as\u00ed que hemos perdido la vida de gente valiosa\u201d, declar\u00f3.<\/p>\n\n\n\n<p>Sin embargo, destaca que esa <strong>no fue la primera ocasi\u00f3n <\/strong>en la que Garc\u00eda <strong>Harfuch defendi\u00f3 <\/strong>la pol\u00e9mica estrategia de seguridad del l\u00edder del Ejecutivo. Meses antes incluso asegur\u00f3 haber aplicado una pol\u00edtica similar en la capital del pa\u00eds.<\/p>\n\n\n\n<figure class=\"wp-block-image size-large\"><img decoding=\"async\" width=\"1024\" height=\"578\" src=\"https:\/\/losperiodistas.com.mx\/portal\/wp-content\/uploads\/2024\/07\/Captura-de-pantalla-2024-07-11-185606-1024x578.png\" alt=\"\" class=\"wp-image-79441\" srcset=\"https:\/\/losperiodistas.com.mx\/portal\/wp-content\/uploads\/2024\/07\/Captura-de-pantalla-2024-07-11-185606-1024x578.png 1024w, https:\/\/losperiodistas.com.mx\/portal\/wp-content\/uploads\/2024\/07\/Captura-de-pantalla-2024-07-11-185606-300x169.png 300w, https:\/\/losperiodistas.com.mx\/portal\/wp-content\/uploads\/2024\/07\/Captura-de-pantalla-2024-07-11-185606-768x433.png 768w, https:\/\/losperiodistas.com.mx\/portal\/wp-content\/uploads\/2024\/07\/Captura-de-pantalla-2024-07-11-185606.png 1195w\" sizes=\"(max-width: 1024px) 100vw, 1024px\" \/><figcaption>Omar Garc\u00eda Harfuch. (Cuartoscuro)<\/figcaption><\/figure>\n\n\n\n<h2 class=\"wp-block-heading\">Harfuch, en contra de la \u2018violencia desmedida\u2019<\/h2>\n\n\n\n<p>En octubre de 2023, Garc\u00eda Harfuch declar\u00f3haber aplicado una estrategia de seguridad apegada al gobierno federal durante su tiempo al frente de la SSC.<\/p>\n\n\n\n<p>En entrevista con la periodista y conductora de televisi\u00f3n <strong>M\u00f3nica Garza<\/strong>, dijo estar de acuerdo con que <strong>\u201cno haya violencia desmedida\u201d<\/strong>.<\/p>\n\n\n\n<blockquote class=\"wp-block-quote is-style-default is-layout-flow wp-block-quote-is-layout-flow\"><p>\u201cLa violencia desmedida por parte de las instituciones de seguridad genera abusos, violaciones a los derechos humanos\u2026 eso de que con mano dura se resuelve no tiene nada que ver. Eso se resuelve con mano eficiente, haciendo bien tu trabajo, haciendo de manera diligente una investigaci\u00f3n, capacitando a los compa\u00f1eros\u201d.<\/p><\/blockquote>\n\n\n\n<blockquote class=\"wp-block-quote is-style-default is-layout-flow wp-block-quote-is-layout-flow\"><p>\u201cHa habido much\u00edsimas operaciones que nosotros hicimos aqu\u00ed en la Ciudad de M\u00e9xico con la Secretar\u00eda de la Defensa Nacional (Sedena), con la Secretar\u00eda de Marina (Semar), donde no hubo en todas las operaciones que hicimos una sola violaci\u00f3n a los derechos humanos\u201d.<\/p><\/blockquote>\n\n\n\n<p>Por otra parte, desconoci\u00f3 los rumores sobre el <strong>supuesto rechazo del presidente L\u00f3pez Obrador<\/strong> hacia su persona.<\/p>\n\n\n\n<p>\u201cYo nunca he sentido el m\u00e1s m\u00ednimo rechazo por parte del se\u00f1or presidente. No solo eso, los cuatro a\u00f1os que estuve como secretario de seguridad recibimos much\u00edsimo apoyo del gobierno de M\u00e9xico. Nunca sent\u00ed eso, <strong>no s\u00e9 de d\u00f3nde sali\u00f3 esa idea<\/strong>\u201d, revel\u00f3.<\/p>\n\n\n\n<figure class=\"wp-block-image size-large\"><img decoding=\"async\" width=\"1024\" height=\"578\" src=\"https:\/\/losperiodistas.com.mx\/portal\/wp-content\/uploads\/2024\/07\/Captura-de-pantalla-2024-07-11-185813-1024x578.png\" alt=\"\" class=\"wp-image-79442\" srcset=\"https:\/\/losperiodistas.com.mx\/portal\/wp-content\/uploads\/2024\/07\/Captura-de-pantalla-2024-07-11-185813-1024x578.png 1024w, https:\/\/losperiodistas.com.mx\/portal\/wp-content\/uploads\/2024\/07\/Captura-de-pantalla-2024-07-11-185813-300x169.png 300w, https:\/\/losperiodistas.com.mx\/portal\/wp-content\/uploads\/2024\/07\/Captura-de-pantalla-2024-07-11-185813-768x433.png 768w, https:\/\/losperiodistas.com.mx\/portal\/wp-content\/uploads\/2024\/07\/Captura-de-pantalla-2024-07-11-185813.png 1196w\" sizes=\"(max-width: 1024px) 100vw, 1024px\" \/><figcaption>AMLO y Garc\u00eda Harfuch. (Cuartoscuro)<\/figcaption><\/figure>\n\n\n\n<h2 class=\"wp-block-heading\">El origen de \u2018Abrazos, no balazos\u2019<\/h2>\n\n\n\n<p>Aunque la frase del mandatario federal se hizo popular en 2018, luego de mencionarla en uno de los <strong>debates electorales<\/strong>, sus or\u00edgenes datan <strong>desde el 2012<\/strong>; a\u00f1o en el que busc\u00f3 por segunda vez llegar a la silla presidencial.<\/p>\n\n\n\n<p>En aquel a\u00f1o, L\u00f3pez Obrador apost\u00f3 por implementar programas sociales para alejar a los j\u00f3venes de la delincuencia organizada.<\/p>\n\n\n\n<p>\u201cAunque est\u00e9n queriendo cuestionarme vamos a buscar otra estrategia, vamos a atender las causas y vamos conseguir la paz y vamos a hablar con todos\u201d, asegur\u00f3, meses antes de llegar a la Presidencia de la Rep\u00fablica.<\/p>\n\n\n\n<figure class=\"wp-block-image size-full\"><img loading=\"lazy\" decoding=\"async\" width=\"998\" height=\"663\" src=\"https:\/\/losperiodistas.com.mx\/portal\/wp-content\/uploads\/2024\/07\/Captura-de-pantalla-2024-07-11-185916.png\" alt=\"\" class=\"wp-image-79443\" srcset=\"https:\/\/losperiodistas.com.mx\/portal\/wp-content\/uploads\/2024\/07\/Captura-de-pantalla-2024-07-11-185916.png 998w, https:\/\/losperiodistas.com.mx\/portal\/wp-content\/uploads\/2024\/07\/Captura-de-pantalla-2024-07-11-185916-300x199.png 300w, https:\/\/losperiodistas.com.mx\/portal\/wp-content\/uploads\/2024\/07\/Captura-de-pantalla-2024-07-11-185916-768x510.png 768w\" sizes=\"(max-width: 998px) 100vw, 998px\" \/><figcaption>AMLO logr\u00f3 consolidar su proyecto de la 4T tras obtener la victoria en 2018 (MISAEL VALTIERRA\/CUARTOSCURO.COM)<\/figcaption><\/figure>\n\n\n\n<p>Fuente: <a href=\"https:\/\/www.infobae.com\/mexico\/2024\/07\/11\/abrazos-no-balazos-esto-es-lo-que-omar-garcia-harfuch-opina-de-la-estrategia-de-seguridad-de-amlo\/\" target=\"_blank\" rel=\"noreferrer noopener\">Infobae<\/a><\/p>\n","protected":false},"excerpt":{"rendered":"<p>El pr\u00f3ximo titular de la SSPC en el gobierno de Claudia Sheinbaum ha dejado claro en m\u00e1s de una ocasi\u00f3n qu\u00e9 opina sobre la pol\u00e9mica pol\u00edtica de L\u00f3pez Obrador; esto es lo que ha dicho<\/p>\n","protected":false},"author":1,"featured_media":79440,"comment_status":"open","ping_status":"open","sticky":false,"template":"","format":"standard","meta":{"site-sidebar-layout":"default","site-content-layout":"","ast-site-content-layout":"default","site-content-style":"default","site-sidebar-style":"default","ast-global-header-display":"","ast-banner-title-visibility":"","ast-main-header-display":"","ast-hfb-above-header-display":"","ast-hfb-below-header-display":"","ast-hfb-mobile-header-display":"","site-post-title":"","ast-breadcrumbs-content":"","ast-featured-img":"","footer-sml-layout":"","theme-transparent-header-meta":"","adv-header-id-meta":"","stick-header-meta":"","header-above-stick-meta":"","header-main-stick-meta":"","header-below-stick-meta":"","astra-migrate-meta-layouts":"default","ast-page-background-enabled":"default","ast-page-background-meta":{"desktop":{"background-color":"var(--ast-global-color-4)","background-image":"","background-repeat":"repeat","background-position":"center center","background-size":"auto","background-attachment":"scroll","background-type":"","background-media":"","overlay-type":"","overlay-color":"","overlay-opacity":"","overlay-gradient":""},"tablet":{"background-color":"","background-image":"","background-repeat":"repeat","background-position":"center center","background-size":"auto","background-attachment":"scroll","background-type":"","background-media":"","overlay-type":"","overlay-color":"","overlay-opacity":"","overlay-gradient":""},"mobile":{"background-color":"","background-image":"","background-repeat":"repeat","background-position":"center center","background-size":"auto","background-attachment":"scroll","background-type":"","background-media":"","overlay-type":"","overlay-color":"","overlay-opacity":"","overlay-gradient":""}},"ast-content-background-meta":{"desktop":{"background-color":"var(--ast-global-color-5)","background-image":"","background-repeat":"repeat","background-position":"center center","background-size":"auto","background-attachment":"scroll","background-type":"","background-media":"","overlay-type":"","overlay-color":"","overlay-opacity":"","overlay-gradient":""},"tablet":{"background-color":"var(--ast-global-color-5)","background-image":"","background-repeat":"repeat","background-position":"center center","background-size":"auto","background-attachment":"scroll","background-type":"","background-media":"","overlay-type":"","overlay-color":"","overlay-opacity":"","overlay-gradient":""},"mobile":{"background-color":"var(--ast-global-color-5)","background-image":"","background-repeat":"repeat","background-position":"center center","background-size":"auto","background-attachment":"scroll","background-type":"","background-media":"","overlay-type":"","overlay-color":"","overlay-opacity":"","overlay-gradient":""}},"footnotes":""},"categories":[8],"tags":[11034,199,12105,27362],"class_list":["post-79439","post","type-post","status-publish","format-standard","has-post-thumbnail","hentry","category-noticias","tag-abrazos-no-balazos","tag-amlo","tag-omar-garcia-harfuch","tag-sscp"],"_links":{"self":[{"href":"https:\/\/losperiodistas.com.mx\/portal\/wp-json\/wp\/v2\/posts\/79439","targetHints":{"allow":["GET"]}}],"collection":[{"href":"https:\/\/losperiodistas.com.mx\/portal\/wp-json\/wp\/v2\/posts"}],"about":[{"href":"https:\/\/losperiodistas.com.mx\/portal\/wp-json\/wp\/v2\/types\/post"}],"author":[{"embeddable":true,"href":"https:\/\/losperiodistas.com.mx\/portal\/wp-json\/wp\/v2\/users\/1"}],"replies":[{"embeddable":true,"href":"https:\/\/losperiodistas.com.mx\/portal\/wp-json\/wp\/v2\/comments?post=79439"}],"version-history":[{"count":1,"href":"https:\/\/losperiodistas.com.mx\/portal\/wp-json\/wp\/v2\/posts\/79439\/revisions"}],"predecessor-version":[{"id":79444,"href":"https:\/\/losperiodistas.com.mx\/portal\/wp-json\/wp\/v2\/posts\/79439\/revisions\/79444"}],"wp:featuredmedia":[{"embeddable":true,"href":"https:\/\/losperiodistas.com.mx\/portal\/wp-json\/wp\/v2\/media\/79440"}],"wp:attachment":[{"href":"https:\/\/losperiodistas.com.mx\/portal\/wp-json\/wp\/v2\/media?parent=79439"}],"wp:term":[{"taxonomy":"category","embeddable":true,"href":"https:\/\/losperiodistas.com.mx\/portal\/wp-json\/wp\/v2\/categories?post=79439"},{"taxonomy":"post_tag","embeddable":true,"href":"https:\/\/losperiodistas.com.mx\/portal\/wp-json\/wp\/v2\/tags?post=79439"}],"curies":[{"name":"wp","href":"https:\/\/api.w.org\/{rel}","templated":true}]}}