{"id":79306,"date":"2024-07-10T19:23:51","date_gmt":"2024-07-11T00:23:51","guid":{"rendered":"http:\/\/losperiodistas.com.mx\/portal\/?p=79306"},"modified":"2024-07-10T19:23:52","modified_gmt":"2024-07-11T00:23:52","slug":"reconoce-gobierno-del-estado-a-mezcaleros-poblanos","status":"publish","type":"post","link":"https:\/\/losperiodistas.com.mx\/portal\/reconoce-gobierno-del-estado-a-mezcaleros-poblanos\/","title":{"rendered":"Con Premio Al Origen 2024, reconoce gobierno del Estado a mezcaleros poblanos"},"content":{"rendered":"\n<p><em>La Secretar\u00eda de Desarrollo Rural realiz\u00f3 la cata \u201cPremio Al Origen 2024\u201d; participaron representantes de Oaxaca, Estado de M\u00e9xico, Hidalgo, Tlaxcala, Yucat\u00e1n, Quer\u00e9taro y Aguascaliente<\/em>s<\/p>\n\n\n\n<figure class=\"wp-block-image size-large\"><img fetchpriority=\"high\" decoding=\"async\" width=\"1024\" height=\"682\" src=\"https:\/\/losperiodistas.com.mx\/portal\/wp-content\/uploads\/2024\/07\/PREMIO_AL_ORIGEN9-1024x682.jpeg\" alt=\"Premio Al Origen 2024\" class=\"wp-image-79310\" srcset=\"https:\/\/losperiodistas.com.mx\/portal\/wp-content\/uploads\/2024\/07\/PREMIO_AL_ORIGEN9-1024x682.jpeg 1024w, https:\/\/losperiodistas.com.mx\/portal\/wp-content\/uploads\/2024\/07\/PREMIO_AL_ORIGEN9-300x200.jpeg 300w, https:\/\/losperiodistas.com.mx\/portal\/wp-content\/uploads\/2024\/07\/PREMIO_AL_ORIGEN9-768x512.jpeg 768w, https:\/\/losperiodistas.com.mx\/portal\/wp-content\/uploads\/2024\/07\/PREMIO_AL_ORIGEN9.jpeg 1280w\" sizes=\"(max-width: 1024px) 100vw, 1024px\" \/><figcaption>Premio Al Origen 2024<\/figcaption><\/figure>\n\n\n\n<p class=\"has-vivid-red-color has-text-color\">Redacci\u00f3n<\/p>\n\n\n\n<p>Con el objetivo de reconocer el trabajo de las y los mezcaleros poblanos, as\u00ed como fortalecer e impulsar la comercializaci\u00f3n local, regional, nacional e internacional del mezcal y destilados de agave, el gobierno presente de Sergio Salom\u00f3n, a trav\u00e9s de la Secretar\u00eda de Desarrollo Rural (SDR), llev\u00f3 a cabo la segunda edici\u00f3n del certamen cata de mezcal y destilados \u201cPremio Al Origen 2024\u201d, en la que participaron catadores de Oaxaca, Estado de M\u00e9xico, Hidalgo, Tlaxcala, Yucat\u00e1n, Quer\u00e9taro, Aguascalientes y Puebla.<\/p>\n\n\n\n<p>Al concurso se registraron 120 muestras de igual n\u00famero de productores; para su elaboraci\u00f3n, participaron 97 palenques, se recibieron mezcales de 12 variedades de agave: Espad\u00edn, Papalometl, Pitzometl, Espadilla, Jabali, Salmiana, Mapisaga, Tequilana, Sierra Negra, Arroque\u00f1o, Candelillo y Mexicano, de diferentes clases y categor\u00edas, las cuales son 100 por ciento artesanales, de acuerdo a la NOM 070, se trat\u00f3 de 109 J\u00f3venes, nueve Ensambles, un Reposado y un Abocado.<\/p>\n\n\n\n<figure class=\"wp-block-image size-large\"><img decoding=\"async\" width=\"1024\" height=\"682\" src=\"https:\/\/losperiodistas.com.mx\/portal\/wp-content\/uploads\/2024\/07\/PREMIO_AL_ORIGEN3-1024x682.jpeg\" alt=\"\" class=\"wp-image-79311\" srcset=\"https:\/\/losperiodistas.com.mx\/portal\/wp-content\/uploads\/2024\/07\/PREMIO_AL_ORIGEN3-1024x682.jpeg 1024w, https:\/\/losperiodistas.com.mx\/portal\/wp-content\/uploads\/2024\/07\/PREMIO_AL_ORIGEN3-300x200.jpeg 300w, https:\/\/losperiodistas.com.mx\/portal\/wp-content\/uploads\/2024\/07\/PREMIO_AL_ORIGEN3-768x512.jpeg 768w, https:\/\/losperiodistas.com.mx\/portal\/wp-content\/uploads\/2024\/07\/PREMIO_AL_ORIGEN3.jpeg 1280w\" sizes=\"(max-width: 1024px) 100vw, 1024px\" \/><\/figure>\n\n\n\n<p>El protocolo se llev\u00f3 a cabo por especialistas del ramo y el apoyo t\u00e9cnico de la agencia de Cooperaci\u00f3n T\u00e9cnica Alemana (GIZ, por sus siglas en alem\u00e1n), se evaluar\u00e1n las 120 muestras en seis rondas durante los d\u00edas 10 y 11 de julio, a cargo de 25 jueces, especialistas en mezcal como catadores, promotores, baristas, sommeliers y mix\u00f3logos.<\/p>\n\n\n\n<p>La titular de la SDR, Morayma Rub\u00ed Joven mencion\u00f3 la importancia de los insumos destinados a las y los productores de agave para la producci\u00f3n de calidad, como fertilizantes, instalaci\u00f3n y rehabilitaci\u00f3n de palenques y viveros, adem\u00e1s de la capacitaci\u00f3n t\u00e9cnica de las escuelas de campo; resalt\u00f3 que las y los maestros mezcaleros han logrado los \u00faltimos dos a\u00f1os, 136 galardones en concursos de alto prestigio, lo que convierte al mezcal poblano en un referente de calidad.<\/p>\n\n\n\n<p>Los resultados del \u201cPremio Al Origen 2024\u201d ser\u00e1n publicados el 26 de julio en la p\u00e1gina web <a href=\"https:\/\/sdr.puebla.gob.mx\/\">https:\/\/sdr.puebla.gob.mx\/<\/a>. De esta manera y gracias al acompa\u00f1amiento y respaldo del gobierno presente de Sergio Salom\u00f3n, las y los productores fortalecen su labor en la entidad.<\/p>\n","protected":false},"excerpt":{"rendered":"<p>La Secretar\u00eda de Desarrollo Rural realiz\u00f3 la cata \u201cPremio Al Origen 2024\u201d; participaron representantes de Oaxaca, Estado de M\u00e9xico, Hidalgo, Tlaxcala, Yucat\u00e1n, Quer\u00e9taro y Aguascalientes<\/p>\n","protected":false},"author":1,"featured_media":79310,"comment_status":"open","ping_status":"open","sticky":false,"template":"","format":"standard","meta":{"site-sidebar-layout":"default","site-content-layout":"","ast-site-content-layout":"default","site-content-style":"default","site-sidebar-style":"default","ast-global-header-display":"","ast-banner-title-visibility":"","ast-main-header-display":"","ast-hfb-above-header-display":"","ast-hfb-below-header-display":"","ast-hfb-mobile-header-display":"","site-post-title":"","ast-breadcrumbs-content":"","ast-featured-img":"","footer-sml-layout":"","theme-transparent-header-meta":"","adv-header-id-meta":"","stick-header-meta":"","header-above-stick-meta":"","header-main-stick-meta":"","header-below-stick-meta":"","astra-migrate-meta-layouts":"default","ast-page-background-enabled":"default","ast-page-background-meta":{"desktop":{"background-color":"var(--ast-global-color-4)","background-image":"","background-repeat":"repeat","background-position":"center center","background-size":"auto","background-attachment":"scroll","background-type":"","background-media":"","overlay-type":"","overlay-color":"","overlay-opacity":"","overlay-gradient":""},"tablet":{"background-color":"","background-image":"","background-repeat":"repeat","background-position":"center center","background-size":"auto","background-attachment":"scroll","background-type":"","background-media":"","overlay-type":"","overlay-color":"","overlay-opacity":"","overlay-gradient":""},"mobile":{"background-color":"","background-image":"","background-repeat":"repeat","background-position":"center center","background-size":"auto","background-attachment":"scroll","background-type":"","background-media":"","overlay-type":"","overlay-color":"","overlay-opacity":"","overlay-gradient":""}},"ast-content-background-meta":{"desktop":{"background-color":"var(--ast-global-color-5)","background-image":"","background-repeat":"repeat","background-position":"center center","background-size":"auto","background-attachment":"scroll","background-type":"","background-media":"","overlay-type":"","overlay-color":"","overlay-opacity":"","overlay-gradient":""},"tablet":{"background-color":"var(--ast-global-color-5)","background-image":"","background-repeat":"repeat","background-position":"center center","background-size":"auto","background-attachment":"scroll","background-type":"","background-media":"","overlay-type":"","overlay-color":"","overlay-opacity":"","overlay-gradient":""},"mobile":{"background-color":"var(--ast-global-color-5)","background-image":"","background-repeat":"repeat","background-position":"center center","background-size":"auto","background-attachment":"scroll","background-type":"","background-media":"","overlay-type":"","overlay-color":"","overlay-opacity":"","overlay-gradient":""}},"footnotes":""},"categories":[1],"tags":[],"class_list":["post-79306","post","type-post","status-publish","format-standard","has-post-thumbnail","hentry","category-sin-categoria"],"_links":{"self":[{"href":"https:\/\/losperiodistas.com.mx\/portal\/wp-json\/wp\/v2\/posts\/79306","targetHints":{"allow":["GET"]}}],"collection":[{"href":"https:\/\/losperiodistas.com.mx\/portal\/wp-json\/wp\/v2\/posts"}],"about":[{"href":"https:\/\/losperiodistas.com.mx\/portal\/wp-json\/wp\/v2\/types\/post"}],"author":[{"embeddable":true,"href":"https:\/\/losperiodistas.com.mx\/portal\/wp-json\/wp\/v2\/users\/1"}],"replies":[{"embeddable":true,"href":"https:\/\/losperiodistas.com.mx\/portal\/wp-json\/wp\/v2\/comments?post=79306"}],"version-history":[{"count":1,"href":"https:\/\/losperiodistas.com.mx\/portal\/wp-json\/wp\/v2\/posts\/79306\/revisions"}],"predecessor-version":[{"id":79312,"href":"https:\/\/losperiodistas.com.mx\/portal\/wp-json\/wp\/v2\/posts\/79306\/revisions\/79312"}],"wp:featuredmedia":[{"embeddable":true,"href":"https:\/\/losperiodistas.com.mx\/portal\/wp-json\/wp\/v2\/media\/79310"}],"wp:attachment":[{"href":"https:\/\/losperiodistas.com.mx\/portal\/wp-json\/wp\/v2\/media?parent=79306"}],"wp:term":[{"taxonomy":"category","embeddable":true,"href":"https:\/\/losperiodistas.com.mx\/portal\/wp-json\/wp\/v2\/categories?post=79306"},{"taxonomy":"post_tag","embeddable":true,"href":"https:\/\/losperiodistas.com.mx\/portal\/wp-json\/wp\/v2\/tags?post=79306"}],"curies":[{"name":"wp","href":"https:\/\/api.w.org\/{rel}","templated":true}]}}