{"id":79303,"date":"2024-07-10T19:04:01","date_gmt":"2024-07-11T00:04:01","guid":{"rendered":"http:\/\/losperiodistas.com.mx\/portal\/?p=79303"},"modified":"2024-07-10T19:04:02","modified_gmt":"2024-07-11T00:04:02","slug":"biden-promete-defender-los-territorios-de-los-paises-de-la-otan","status":"publish","type":"post","link":"https:\/\/losperiodistas.com.mx\/portal\/biden-promete-defender-los-territorios-de-los-paises-de-la-otan\/","title":{"rendered":"Joe Biden promete defender \u201cpulgada por pulgada\u201d los territorios de los pa\u00edses de la OTAN | Proceso"},"content":{"rendered":"\n<p><strong>\u201cNo podemos dejar pasar desapercibida la amenaza que representa Rusia, China, Corea del Norte e Ir\u00e1n\u201d, dijo el presidente estadunidense en la inauguraci\u00f3n de la reuni\u00f3n de la OTAN en Washington.<\/strong><\/p>\n\n\n\n<figure class=\"wp-block-image size-full\"><img fetchpriority=\"high\" decoding=\"async\" width=\"847\" height=\"480\" src=\"https:\/\/losperiodistas.com.mx\/portal\/wp-content\/uploads\/2024\/07\/Captura-de-pantalla-2024-07-10-180202.png\" alt=\"Joe Biden en reuni\u00f3n de la OTAN\" class=\"wp-image-79304\" srcset=\"https:\/\/losperiodistas.com.mx\/portal\/wp-content\/uploads\/2024\/07\/Captura-de-pantalla-2024-07-10-180202.png 847w, https:\/\/losperiodistas.com.mx\/portal\/wp-content\/uploads\/2024\/07\/Captura-de-pantalla-2024-07-10-180202-300x170.png 300w, https:\/\/losperiodistas.com.mx\/portal\/wp-content\/uploads\/2024\/07\/Captura-de-pantalla-2024-07-10-180202-768x435.png 768w\" sizes=\"(max-width: 847px) 100vw, 847px\" \/><figcaption>El presidente Joe Biden habla durante la reuni\u00f3n de la OTAN. Foto: Evan Vucci \/ AP<\/figcaption><\/figure>\n\n\n\n<p class=\"has-vivid-red-color has-text-color\">J. Jes\u00fas Esquivel \/ Proceso<\/p>\n\n\n\n<p>Como anfitri\u00f3n de la reuni\u00f3n para celebrar el aniversario 86 de la fundaci\u00f3n de la Organizaci\u00f3n del Tratado del Atl\u00e1ntico Norte (OTAN), Joe Biden, el presidente de Estados Unidos, prometi\u00f3 que la alianza b\u00e9lica defender\u00e1 pulgada por pulgada los territorios de la naciones que la integran ante cualquier amenaza.<\/p>\n\n\n\n<p>\u201cNo podemos dejar pasar desapercibida la amenaza que representa Rusia, China, Corea del Norte e Ir\u00e1n\u201d, comenz\u00f3 diciendo Biden al inaugurar la reuni\u00f3n de la OTAN en Washington, D.C.<\/p>\n\n\n\n<p>El mandatario estadunidense, que habl\u00f3 pocos minutos en la reuni\u00f3n de trabajo, reiter\u00f3 que \u201clos pa\u00edses de la alianza defender\u00e1n cada pulgada de territorio de las naciones que la integran frente a cualquier amenaza que busque la desestabilizaci\u00f3n\u201d.<\/p>\n\n\n\n<p>El encuentro de la OTAN se da en medio de la crisis que vive Biden ante las presiones de algunos legisladores y l\u00edderes pol\u00edticos de su Partido Dem\u00f3crata, que le insisten en que desista de su idea de disputarle a Donald Trump la Presidencia en los comicios del pr\u00f3ximo 5 de noviembre.<\/p>\n\n\n\n<p>Los llamados a Biden para que decline a su aspiraci\u00f3n de reelecci\u00f3n para permitirle a alguien m\u00e1s joven del partido que se enfrente a Trump, emergen del Capitolio ante las constantes se\u00f1ales de inconformidad y preocupaci\u00f3n de los electores dem\u00f3cratas, que consideran que el mandatario est\u00e1 muy viejo y padece incapacidades cognitivas, lo cual desfavorece ampliamente en las elecciones.<\/p>\n\n\n\n<p>Esta situaci\u00f3n de percepci\u00f3n electoral sobre Biden sigue creciendo como la espuma por todo Estados Unidos, tras su destroza participaci\u00f3n en el primer debate presidencial de hace dos semanas ante Trump.<\/p>\n\n\n\n<p>Desoyendo las recomendaciones de algunos de sus correligionarios de partido y de la preocupaci\u00f3n del electorado de que, si insiste en quedarse como candidato, Trump tiene asegurada la victoria en noviembre; el presidente se aferra a su letan\u00eda de que \u00e9l es el \u00fanico que puede ganar.<\/p>\n\n\n\n<p>\u201cCada uno de los miembros de la OTAN est\u00e1 comprometido a hacer su parte para mantener fuerte\u201d, enfatiz\u00f3 Biden en la sesi\u00f3n con sus contrapartes, para luego pedirle a la prensa que saliera de la sala para que iniciara la reuni\u00f3n de trabajo.<\/p>\n\n\n\n<p>La Casa Blanca se ha asegurado de que, para la reuni\u00f3n de la OTAN el presidente no sea cuestionado por los reporteros, de los que el 99.9% est\u00e1n interesados en cuestionarlo sobre su futuro como candidato y sobre las exigencias de los dem\u00f3cratas que lo ven como un seguro derrotado.<\/p>\n\n\n\n<p>Para este jueves 11 de julio, al concluir la reuni\u00f3n anual de la OTAN, la Casa Blanca organiz\u00f3 una rueda de prensa que ofrecer\u00e1 solamente Biden con la que pretenden demostrar que el mandatario no est\u00e1 tan acabado f\u00edsicamente a sus 81 a\u00f1os y que mentalmente sigue estando capacitado para vencer a Trump y gobernar Estados Unidos cuatro a\u00f1os m\u00e1s.<\/p>\n\n\n\n<p>Fuente: <a href=\"https:\/\/www.proceso.com.mx\/internacional\/2024\/7\/10\/joe-biden-promete-defender-pulgada-por-pulgada-los-territorios-de-los-paises-de-la-otan-332624.html\" target=\"_blank\" rel=\"noreferrer noopener\">Proceso<\/a><\/p>\n","protected":false},"excerpt":{"rendered":"<p>\u201cNo podemos dejar pasar desapercibida la amenaza que representa Rusia, China, Corea del Norte e Ir\u00e1n\u201d, dijo el presidente estadunidense en la inauguraci\u00f3n de la reuni\u00f3n de la OTAN en Washington.<\/p>\n","protected":false},"author":1,"featured_media":79304,"comment_status":"open","ping_status":"open","sticky":false,"template":"","format":"standard","meta":{"site-sidebar-layout":"default","site-content-layout":"","ast-site-content-layout":"default","site-content-style":"default","site-sidebar-style":"default","ast-global-header-display":"","ast-banner-title-visibility":"","ast-main-header-display":"","ast-hfb-above-header-display":"","ast-hfb-below-header-display":"","ast-hfb-mobile-header-display":"","site-post-title":"","ast-breadcrumbs-content":"","ast-featured-img":"","footer-sml-layout":"","theme-transparent-header-meta":"","adv-header-id-meta":"","stick-header-meta":"","header-above-stick-meta":"","header-main-stick-meta":"","header-below-stick-meta":"","astra-migrate-meta-layouts":"default","ast-page-background-enabled":"default","ast-page-background-meta":{"desktop":{"background-color":"var(--ast-global-color-4)","background-image":"","background-repeat":"repeat","background-position":"center center","background-size":"auto","background-attachment":"scroll","background-type":"","background-media":"","overlay-type":"","overlay-color":"","overlay-opacity":"","overlay-gradient":""},"tablet":{"background-color":"","background-image":"","background-repeat":"repeat","background-position":"center center","background-size":"auto","background-attachment":"scroll","background-type":"","background-media":"","overlay-type":"","overlay-color":"","overlay-opacity":"","overlay-gradient":""},"mobile":{"background-color":"","background-image":"","background-repeat":"repeat","background-position":"center center","background-size":"auto","background-attachment":"scroll","background-type":"","background-media":"","overlay-type":"","overlay-color":"","overlay-opacity":"","overlay-gradient":""}},"ast-content-background-meta":{"desktop":{"background-color":"var(--ast-global-color-5)","background-image":"","background-repeat":"repeat","background-position":"center center","background-size":"auto","background-attachment":"scroll","background-type":"","background-media":"","overlay-type":"","overlay-color":"","overlay-opacity":"","overlay-gradient":""},"tablet":{"background-color":"var(--ast-global-color-5)","background-image":"","background-repeat":"repeat","background-position":"center center","background-size":"auto","background-attachment":"scroll","background-type":"","background-media":"","overlay-type":"","overlay-color":"","overlay-opacity":"","overlay-gradient":""},"mobile":{"background-color":"var(--ast-global-color-5)","background-image":"","background-repeat":"repeat","background-position":"center center","background-size":"auto","background-attachment":"scroll","background-type":"","background-media":"","overlay-type":"","overlay-color":"","overlay-opacity":"","overlay-gradient":""}},"footnotes":""},"categories":[1],"tags":[],"class_list":["post-79303","post","type-post","status-publish","format-standard","has-post-thumbnail","hentry","category-sin-categoria"],"_links":{"self":[{"href":"https:\/\/losperiodistas.com.mx\/portal\/wp-json\/wp\/v2\/posts\/79303","targetHints":{"allow":["GET"]}}],"collection":[{"href":"https:\/\/losperiodistas.com.mx\/portal\/wp-json\/wp\/v2\/posts"}],"about":[{"href":"https:\/\/losperiodistas.com.mx\/portal\/wp-json\/wp\/v2\/types\/post"}],"author":[{"embeddable":true,"href":"https:\/\/losperiodistas.com.mx\/portal\/wp-json\/wp\/v2\/users\/1"}],"replies":[{"embeddable":true,"href":"https:\/\/losperiodistas.com.mx\/portal\/wp-json\/wp\/v2\/comments?post=79303"}],"version-history":[{"count":1,"href":"https:\/\/losperiodistas.com.mx\/portal\/wp-json\/wp\/v2\/posts\/79303\/revisions"}],"predecessor-version":[{"id":79305,"href":"https:\/\/losperiodistas.com.mx\/portal\/wp-json\/wp\/v2\/posts\/79303\/revisions\/79305"}],"wp:featuredmedia":[{"embeddable":true,"href":"https:\/\/losperiodistas.com.mx\/portal\/wp-json\/wp\/v2\/media\/79304"}],"wp:attachment":[{"href":"https:\/\/losperiodistas.com.mx\/portal\/wp-json\/wp\/v2\/media?parent=79303"}],"wp:term":[{"taxonomy":"category","embeddable":true,"href":"https:\/\/losperiodistas.com.mx\/portal\/wp-json\/wp\/v2\/categories?post=79303"},{"taxonomy":"post_tag","embeddable":true,"href":"https:\/\/losperiodistas.com.mx\/portal\/wp-json\/wp\/v2\/tags?post=79303"}],"curies":[{"name":"wp","href":"https:\/\/api.w.org\/{rel}","templated":true}]}}