{"id":79293,"date":"2024-07-10T13:34:40","date_gmt":"2024-07-10T18:34:40","guid":{"rendered":"https:\/\/losperiodistas.com.mx\/portal\/?p=79293"},"modified":"2024-07-10T13:34:42","modified_gmt":"2024-07-10T18:34:42","slug":"opinion-nuevas-habilidades-de-la-juventud","status":"publish","type":"post","link":"https:\/\/losperiodistas.com.mx\/portal\/opinion-nuevas-habilidades-de-la-juventud\/","title":{"rendered":"Opini\u00f3n | Nuevas habilidades de la juventud"},"content":{"rendered":"\n<p><\/p>\n\n\n\n<p>Por Fernando Manzanilla Prieto \/ @Fer_Manzanilla<\/p>\n\n\n\n<p>En unos d\u00edas, el 15 de julio, se celebrar\u00e1 el D\u00eda Mundial de las Habilidades de la Juventud, una fecha proclamada\u00a0hace\u00a0exactamente\u00a0una d\u00e9cada\u00a0por la Asamblea General de las Naciones Unidas con el objetivo de sensibilizar sobre la importancia de invertir en el desarrollo de habilidades y destrezas en los j\u00f3venes, con el fin de prepararlos para el mercado laboral y, en consecuencia, promover un desarrollo econ\u00f3mico y social sostenible.<\/p>\n\n\n\n<p>Y es que para nadie es una sorpresa que en un mundo cada vez m\u00e1s globalizado y tecnol\u00f3gicamente avanzado, la brecha de habilidades se ha convertido en un desaf\u00edo significativo. Muchos j\u00f3venes carecen de las competencias necesarias para competir en el mercado laboral global, lo que limita sus oportunidades de empleo y crecimiento profesional. Esta brecha no solo afecta a los individuos, sino que tambi\u00e9n tiene repercusiones negativas en las econom\u00edas nacionales y en la capacidad de los pa\u00edses para competir en una econom\u00eda global.<\/p>\n\n\n\n<p>De acuerdo con el INEGI, se estima que en M\u00e9xico el 30&nbsp;% de la poblaci\u00f3n son j\u00f3venes, es decir&nbsp;que en el pa\u00eds habitan&nbsp;unos 37.7 millones de personas de 12 a 29 a\u00f1os.&nbsp;Sin embargo, datos de la OCDE apuntan que&nbsp;el&nbsp;pa\u00eds es el d\u00e9cimo con mayor n\u00famero de j\u00f3venes de entre 18 y 24 a\u00f1os de edad que no tienen acceso a estudios ni a empleo.<\/p>\n\n\n\n<p>Brasil, Grecia, Italia y Sud\u00e1frica se encuentran por encima de M\u00e9xico y tienen la mayor proporci\u00f3n de j\u00f3venes que padecen desempleo de larga duraci\u00f3n, pues alrededor del 5 % o m\u00e1s de los j\u00f3venes en estos pa\u00edses no estudiaban y hab\u00edan permanecido sin empleo durante al menos 12 meses en el primer trimestre de 2021.<\/p>\n\n\n\n<p>Esta falta de \u201coportunidades\u201d para los j\u00f3venes sin duda es multifactorial, sin embargo,&nbsp;la&nbsp;adquisici\u00f3n de habilidades t\u00e9cnicas y blandas es crucial para que los j\u00f3venes accedan a empleos de calidad.&nbsp;<\/p>\n\n\n\n<p>Aunado a ello, basta recordar que para nuestro pa\u00eds la pandemia fue un catalizador del cambio para las escuelas, alumnos y docentes, ya que evidenci\u00f3&nbsp;tajantemente la necesidad de una evoluci\u00f3n en el ecosistema de educaci\u00f3n mexicano.<\/p>\n\n\n\n<p>Las habilidades t\u00e9cnicas, como la programaci\u00f3n, la ingenier\u00eda y la contabilidad, son demandadas en diversos sectores. Las habilidades blandas, como la comunicaci\u00f3n, la resoluci\u00f3n de problemas y el trabajo en equipo, son igualmente esenciales, ya que permiten a los j\u00f3venes adaptarse a diferentes entornos laborales y trabajar eficazmente con otros.<\/p>\n\n\n\n<p>Aunado a ello, al&nbsp;dotar a los j\u00f3venes con las habilidades necesarias, se les empodera econ\u00f3micamente. Esto no solo mejora sus perspectivas de empleo, sino que tambi\u00e9n les permite emprender y crear sus propias oportunidades de negocio. El emprendimiento juvenil puede ser un motor de crecimiento econ\u00f3mico y creaci\u00f3n de empleo, especialmente en comunidades con altas tasas de desempleo.<\/p>\n\n\n\n<p>Asimismo,&nbsp;los j\u00f3venes son una fuente de innovaci\u00f3n. Al recibir una educaci\u00f3n adecuada y oportunidades de desarrollo de habilidades, pueden contribuir significativamente a la innovaci\u00f3n y a la competitividad de las econom\u00edas. Las nuevas ideas y enfoques pueden surgir cuando los j\u00f3venes tienen las herramientas y el apoyo necesarios para explorar y desarrollar sus potencialidades.<\/p>\n\n\n\n<p>Por lo anterior y en el&nbsp;marco del D\u00eda Mundial de las Habilidades de la Juventud, es fundamental destacar y apoyar las iniciativas y programas de capacitaci\u00f3n que buscan cerrar la brecha de habilidades&nbsp;para los j\u00f3venes mexicanos, as\u00ed como para los poblanos que son el 26% de la poblaci\u00f3n en el estado.<\/p>\n\n\n\n<p>Es necesario fortalecer el sector educativo en t\u00e9rminos de infraestructura, calidad de la educaci\u00f3n y formaci\u00f3n docente. Se debe implementar las tecnolog\u00edas que permitan tanto a estudiantes como a docentes llevar a cabo sus aprendizajes de manera presencial o remota, sin que esto afecte la calidad de la educaci\u00f3n.<\/p>\n\n\n\n<p>Aunado a ello se debe ofrecer&nbsp;a los j\u00f3venes la oportunidad de adquirir habilidades espec\u00edficas del sector, mejorando su empleabilidad en industrias como la tecnolog\u00eda, la manufactura y los servicios.<\/p>\n\n\n\n<p>Tambi\u00e9n se debe impulsar una mayor apertura a&nbsp;las pasant\u00edas, el aprendizaje y los programas de formaci\u00f3n en el lugar de trabajo, lo que&nbsp;permite a los j\u00f3venes adquirir experiencia pr\u00e1ctica y desarrollar habilidades relevantes para sus carreras.<\/p>\n\n\n\n<p>De la misma forma, se debe apoyar&nbsp;a los j\u00f3venes emprendedores a trav\u00e9s de mentor\u00eda, acceso a financiamiento y redes de negocios, lo cual&nbsp;es esencial para que puedan desarrollar sus ideas y convertirlas en negocios sostenibles.<\/p>\n\n\n\n<p>Estas acciones son s\u00f3lo un ejemplo de la urgencia&nbsp;que tiene el&nbsp;impulsar a los j\u00f3venes,&nbsp;a trav\u00e9s de la adquisici\u00f3n de habilidades y destrezas, lo cual&nbsp;no&nbsp;solo&nbsp;es&nbsp;una inversi\u00f3n en su futuro, sino tambi\u00e9n en el futuro de nuestras sociedades y econom\u00edas.&nbsp;<\/p>\n","protected":false},"excerpt":{"rendered":"<p>Por Fernando Manzanilla Prieto \/ @Fer_Manzanilla En unos d\u00edas, el 15 de julio, se celebrar\u00e1 el D\u00eda Mundial de las [&hellip;]<\/p>\n","protected":false},"author":1,"featured_media":72116,"comment_status":"open","ping_status":"open","sticky":false,"template":"","format":"standard","meta":{"site-sidebar-layout":"default","site-content-layout":"","ast-site-content-layout":"default","site-content-style":"default","site-sidebar-style":"default","ast-global-header-display":"","ast-banner-title-visibility":"","ast-main-header-display":"","ast-hfb-above-header-display":"","ast-hfb-below-header-display":"","ast-hfb-mobile-header-display":"","site-post-title":"","ast-breadcrumbs-content":"","ast-featured-img":"","footer-sml-layout":"","theme-transparent-header-meta":"","adv-header-id-meta":"","stick-header-meta":"","header-above-stick-meta":"","header-main-stick-meta":"","header-below-stick-meta":"","astra-migrate-meta-layouts":"default","ast-page-background-enabled":"default","ast-page-background-meta":{"desktop":{"background-color":"var(--ast-global-color-4)","background-image":"","background-repeat":"repeat","background-position":"center center","background-size":"auto","background-attachment":"scroll","background-type":"","background-media":"","overlay-type":"","overlay-color":"","overlay-opacity":"","overlay-gradient":""},"tablet":{"background-color":"","background-image":"","background-repeat":"repeat","background-position":"center center","background-size":"auto","background-attachment":"scroll","background-type":"","background-media":"","overlay-type":"","overlay-color":"","overlay-opacity":"","overlay-gradient":""},"mobile":{"background-color":"","background-image":"","background-repeat":"repeat","background-position":"center center","background-size":"auto","background-attachment":"scroll","background-type":"","background-media":"","overlay-type":"","overlay-color":"","overlay-opacity":"","overlay-gradient":""}},"ast-content-background-meta":{"desktop":{"background-color":"var(--ast-global-color-5)","background-image":"","background-repeat":"repeat","background-position":"center center","background-size":"auto","background-attachment":"scroll","background-type":"","background-media":"","overlay-type":"","overlay-color":"","overlay-opacity":"","overlay-gradient":""},"tablet":{"background-color":"var(--ast-global-color-5)","background-image":"","background-repeat":"repeat","background-position":"center center","background-size":"auto","background-attachment":"scroll","background-type":"","background-media":"","overlay-type":"","overlay-color":"","overlay-opacity":"","overlay-gradient":""},"mobile":{"background-color":"var(--ast-global-color-5)","background-image":"","background-repeat":"repeat","background-position":"center center","background-size":"auto","background-attachment":"scroll","background-type":"","background-media":"","overlay-type":"","overlay-color":"","overlay-opacity":"","overlay-gradient":""}},"footnotes":""},"categories":[24,8],"tags":[27302],"class_list":["post-79293","post","type-post","status-publish","format-standard","has-post-thumbnail","hentry","category-fernando-manzanilla","category-noticias","tag-dia-mundial-de-las-habilidades-de-la-juventud"],"_links":{"self":[{"href":"https:\/\/losperiodistas.com.mx\/portal\/wp-json\/wp\/v2\/posts\/79293","targetHints":{"allow":["GET"]}}],"collection":[{"href":"https:\/\/losperiodistas.com.mx\/portal\/wp-json\/wp\/v2\/posts"}],"about":[{"href":"https:\/\/losperiodistas.com.mx\/portal\/wp-json\/wp\/v2\/types\/post"}],"author":[{"embeddable":true,"href":"https:\/\/losperiodistas.com.mx\/portal\/wp-json\/wp\/v2\/users\/1"}],"replies":[{"embeddable":true,"href":"https:\/\/losperiodistas.com.mx\/portal\/wp-json\/wp\/v2\/comments?post=79293"}],"version-history":[{"count":1,"href":"https:\/\/losperiodistas.com.mx\/portal\/wp-json\/wp\/v2\/posts\/79293\/revisions"}],"predecessor-version":[{"id":79294,"href":"https:\/\/losperiodistas.com.mx\/portal\/wp-json\/wp\/v2\/posts\/79293\/revisions\/79294"}],"wp:featuredmedia":[{"embeddable":true,"href":"https:\/\/losperiodistas.com.mx\/portal\/wp-json\/wp\/v2\/media\/72116"}],"wp:attachment":[{"href":"https:\/\/losperiodistas.com.mx\/portal\/wp-json\/wp\/v2\/media?parent=79293"}],"wp:term":[{"taxonomy":"category","embeddable":true,"href":"https:\/\/losperiodistas.com.mx\/portal\/wp-json\/wp\/v2\/categories?post=79293"},{"taxonomy":"post_tag","embeddable":true,"href":"https:\/\/losperiodistas.com.mx\/portal\/wp-json\/wp\/v2\/tags?post=79293"}],"curies":[{"name":"wp","href":"https:\/\/api.w.org\/{rel}","templated":true}]}}