{"id":79279,"date":"2024-07-10T09:59:58","date_gmt":"2024-07-10T14:59:58","guid":{"rendered":"https:\/\/losperiodistas.com.mx\/portal\/?p=79279"},"modified":"2024-07-10T10:00:00","modified_gmt":"2024-07-10T15:00:00","slug":"la-izquierda-francesa-ya-se-divide-la-vanguardia","status":"publish","type":"post","link":"https:\/\/losperiodistas.com.mx\/portal\/la-izquierda-francesa-ya-se-divide-la-vanguardia\/","title":{"rendered":"La izquierda francesa ya se divide | La Vanguardia"},"content":{"rendered":"\n<h2 class=\"has-background has-medium-font-size wp-block-heading\" style=\"background-color:#58bef9\">Tanto los socialistas como los \u2018insumisos\u2019 de M\u00e9lenchon piden dirigir el Gobierno<\/h2>\n\n\n\n<h2 class=\"has-medium-font-size wp-block-heading\">&nbsp;<a href=\"https:\/\/www.lavanguardia.com\/internacional\/20240709\/9790959\/vertigo-izquierda-plural.html\">\u00bfQui\u00e9nes son las siete figuras de la izquierda francesa?<\/a><\/h2>\n\n\n\n<figure class=\"wp-block-image size-large\"><img fetchpriority=\"high\" decoding=\"async\" width=\"1024\" height=\"502\" src=\"https:\/\/losperiodistas.com.mx\/portal\/wp-content\/uploads\/2024\/07\/Captura-de-Pantalla-2024-07-10-a-las-8.51.53-1024x502.jpg\" alt=\"\" class=\"wp-image-79280\" srcset=\"https:\/\/losperiodistas.com.mx\/portal\/wp-content\/uploads\/2024\/07\/Captura-de-Pantalla-2024-07-10-a-las-8.51.53-1024x502.jpg 1024w, https:\/\/losperiodistas.com.mx\/portal\/wp-content\/uploads\/2024\/07\/Captura-de-Pantalla-2024-07-10-a-las-8.51.53-300x147.jpg 300w, https:\/\/losperiodistas.com.mx\/portal\/wp-content\/uploads\/2024\/07\/Captura-de-Pantalla-2024-07-10-a-las-8.51.53-768x376.jpg 768w, https:\/\/losperiodistas.com.mx\/portal\/wp-content\/uploads\/2024\/07\/Captura-de-Pantalla-2024-07-10-a-las-8.51.53-1536x753.jpg 1536w, https:\/\/losperiodistas.com.mx\/portal\/wp-content\/uploads\/2024\/07\/Captura-de-Pantalla-2024-07-10-a-las-8.51.53.jpg 1898w\" sizes=\"(max-width: 1024px) 100vw, 1024px\" \/><figcaption>El expresidente Fran\u00e7ois Hollande, ayer, frente a la Asamblea Nacional, junto a los otros socialistas elegidos diputados | BERTRAND GUAY \/ AFP<\/figcaption><\/figure>\n\n\n\n<p class=\"has-vivid-red-color has-text-color has-medium-font-size\"><strong>EUSEBIO VAL \/ Corresponsal Par\u00eds \/ LA VANGUARDIA<\/strong><\/p>\n\n\n\n<p>La izquierda francesa, compuesta por varios partidos, quiere apretar el acelerador para sugerir cuanto antes un candidato a primer ministro, aunque las prisas hacen aflorar ya las disputas internas. El primer secretario del Partido Socialista (PS), Olivier Faure, se mostr\u00f3 dispuesto ayer a ocupar el cargo, e inmediatamente La Francia Insumisa (LFI), la componente m\u00e1s radical y con mayor n\u00famero de diputados, reclam\u00f3 el puesto para ella.<\/p>\n\n\n\n<p><\/p>\n\n\n\n<p>Los contactos se intensifican, a m\u00faltiples bandas, en busca de una f\u00f3rmula de gobernabilidad que ser\u00e1 compleja, fr\u00e1gil y provisional porque las elecciones anticipadas han dado una Asamblea Nacional sin una mayor\u00eda clara.<\/p>\n\n\n\n<h3 class=\"wp-block-heading\">Los macronistas proponen una amplia alianza de derecha a izquierda que deje fuera a los extremos<\/h3>\n\n\n\n<p>En el bando gubernamental, el llamado \u201cbloque central\u201d, sobre el que se apoya el presidente Emmanuel Macron, se toman las cosas con calma y avisan de que la negociaci\u00f3n puede ser larga, que el actual Gobierno podr\u00eda seguir en funciones durante los Juegos Ol\u00edmpicos de Par\u00eds, que se celebran entre el 26 de julio y el 11 de agosto, e incluso hasta la<em>\u00a0rentr\u00e9e\u00a0<\/em>pol\u00edtica de septiembre.<\/p>\n\n\n\n<div class=\"wp-block-image\"><figure class=\"alignleft\"><img decoding=\"async\" src=\"https:\/\/www.lavanguardia.com\/files\/image_104_108\/files\/fp\/uploads\/2024\/07\/09\/668c67f850612.r_d.2350-1757.jpeg\" alt=\"Paris (France), 07\/07\/2024.- A person waves a French flag as people react after the second round of the French legislative elections results at Place de la Republique in Paris, France, 07 July 2024. France voted in the second round of the legislative elections on 07 July. According to the first official results, the left-wing New Popular Front (Nouveau Front populaire, NFP) was ahead of President Macron's party and Le Pen's far-right National Rally (RN). (Elecciones, Francia) EFE\/EPA\/YOAN VALAT\"\/><\/figure><\/div>\n\n\n\n<p>An\u00e1lisis<\/p>\n\n\n\n<h2 class=\"wp-block-heading\"><a href=\"https:\/\/www.lavanguardia.com\/politica\/20240709\/9790928\/victoria-republicana-francia-da-oxigeno-excepcion-espanola.html\">Francia en Espa\u00f1a<\/a><\/h2>\n\n\n\n<p>ENRIC JULIANA<\/p>\n\n\n\n<p>En un art\u00edculo en<em>&nbsp;Le Monde&nbsp;<\/em>, el secretario general de Renacimiento, el partido macronista, y ministro de Asuntos Exteriores, St\u00e9phane S\u00e9journ\u00e9, explic\u00f3 su propuesta, que consistir\u00eda en construir un acuerdo sobre un programa de m\u00ednimos, para un periodo limitado (al menos, un a\u00f1o, pues antes la Constituci\u00f3n no permite nuevas elecciones), al que podr\u00eda adherirse un arco muy amplio de partidos que incluir\u00eda a socialistas, comunistas, ecologistas, macronistas y miembros moderados de Los Republicanos (LR, derecha tradicional), as\u00ed como a un pu\u00f1ado de diputados regionalistas y de otros peque\u00f1os grupos centristas e independientes. Quedar\u00edan excluidos los dos extremos: el Reagrupamiento Nacional (RN), de Marine Le Pen, y LFI, el grupo de Jean-Luc M\u00e9lenchon.<\/p>\n\n\n\n<p>Seg\u00fan S\u00e9journ\u00e9, no tuvo ning\u00fan sentido que M\u00e9lenchon, ya en la noche electoral, dijera que el programa de la coalici\u00f3n de izquierdas, el Nuevo Frente Popular (NFP), deb\u00eda aplicarse en su totalidad. El ministro de Exteriores record\u00f3 que el NFP solo cuenta con 182 esca\u00f1os y que le faltan m\u00e1s de cien para la mayor\u00eda absoluta. \u201cEl NFP no est\u00e1 por encima de la democracia parlamentaria\u201d, advirti\u00f3 S\u00e9journ\u00e9.<\/p>\n\n\n\n<p>El mismo mensaje lo han dado otras figuras del campo de Macron, entre ellos el veterano alcalde de Pau y l\u00edder del Movimiento Dem\u00f3crata (MoDem), Fran\u00e7ois Bayrou, socio de Macron desde el 2017.<\/p>\n\n\n\n<p>\u00bfEn qu\u00e9 podr\u00eda ponerse de acuerdo gente tan diversa, desde los comunistas hasta la derecha moderada? Seg\u00fan S\u00e9journ\u00e9, deber\u00eda haber consenso sobre cuestiones b\u00e1sicas como el apoyo a la construcci\u00f3n europea y la ayuda a Ucrania en la guerra contra Rusia, un compromiso firme con el principio de la laicidad y la aceleraci\u00f3n de la transici\u00f3n ecol\u00f3gica. Tambi\u00e9n podr\u00eda haber un acuerdo muy transversal sobre la reforma del sistema electoral, para pasar del actual modelo mayoritario a otro proporcional.<\/p>\n\n\n\n<p>La pol\u00edtica econ\u00f3mica ser\u00eda sin duda el \u00e1mbito m\u00e1s arduo para conciliar posturas. La izquierda exige abrogar la reforma de las pensiones, aumentar los impuestos y subir a 1.600 euros netos el salario m\u00ednimo. El centro macronista y la derecha se opondr\u00e1n. No puede descartarse, en cambio, que se decidan algunas medidas simb\u00f3licas para la izquierda, como la reintroducci\u00f3n de un impuesto a las grandes fortunas, disposiciones para mejorar el poder adquisitivo de las clases m\u00e1s humildes y un programa para contentar a la Francia rural \u2013gran reserva de votos de la extrema derecha-, por ejemplo tom\u00e1ndose m\u00e1s en serio el grave problema del desmantelamiento de estructuras sanitarias, los llamados \u201cdesiertos m\u00e9dicos\u201d. La seguridad ciudadana tambi\u00e9n tendr\u00eda que ser objeto de atenci\u00f3n prioritaria, pues figura entre las grandes inquietudes del electorado que opt\u00f3 por el partido de Le Pen.<\/p>\n\n\n\n<p>Esa alianza que est\u00e1n planteado los macronistas, con la bendici\u00f3n del El\u00edseo, no necesita forzosamente 289 diputados. Pueden ser muchos menos los que participen, siempre que haya otros que se comprometan a tolerar ese gobierno tan plural o al menos a no presentarle una moci\u00f3n de censura que volver\u00eda a sumir al pa\u00eds en la crisis. Quienes favorecen este escenario est\u00e1n atentos a la situaci\u00f3n financiera y al cr\u00e9dito que Francia merece en los mercados. Hay urgencia por dar una imagen de sensatez y de estabilidad a pesar del embrollo pol\u00edtico. La agencia Moody\u2019s alert\u00f3 ayer de los riesgos presupuestarios de echar atr\u00e1s la reforma de las pensiones y de una relajaci\u00f3n adicional del rigor financiero en un pa\u00eds ya muy endeudado.<\/p>\n\n\n\n<p>Alarmado por las maniobras desde el El\u00edseo, el NFP lanz\u00f3 una advertencia muy seria a Macron para que no escamotee lo que consideran un derecho de la izquierda a gobernar. En un comunicado se\u00f1al\u00f3 que eso ser\u00eda \u201cuna tradici\u00f3n al esp\u00edritu de la Constituci\u00f3n y un golpe de fuerza democr\u00e1tico al que nos opondremos con todas nuestras fuerzas\u201d.<\/p>\n\n\n\n<p>Una de las paradojas de la actual situaci\u00f3n es que el Reagrupamiento Nacional (RN), el partido con mayor representaci\u00f3n en la nueva Asamblea Nacional, queda fuera de todas las negociaciones. No se le toma en cuenta para nada. En apenas dos semanas ha pasado de ser considerado capaz de obtener la mayor\u00eda absoluta a quedar apartado del debate.<\/p>\n\n\n\n<p>Algunos pol\u00edticos, tambi\u00e9n de la izquierda radical, avisan de que no hay que bajar la guardia ante la extrema derecha, ni mucho menos ignorar las preocupaciones de sus votantes. Entre ellos hay una evidente frustraci\u00f3n. El frente republicano contra el RN, que se articul\u00f3 con una alianza t\u00e1ctica de los macronistas y la izquierda para retirar candidatos y aunar fuerzas para batir a la extrema derecha, dio excelentes resultados. El problema es que distorsion\u00f3 el peso final de unos y otros en el Parlamento. Las cifras oficiales de la segunda vuelta de las legislativas son elocuentes: el RN y sus aliados quedaron como tercera fuerza en esca\u00f1os, a pesar de haber logrado tres millones m\u00e1s de votos que el Nuevo Frente Popular, el grupo con m\u00e1s diputados, y 3,5 millones m\u00e1s de sufragios que los macronistas, que quedaron segundos en cantidad de parlamentarios. Ese desfase se debe al sistema electoral mayoritario, que elige solo a un diputado por cada una de las 577 circunscripciones. La tenaza entre el macronismo y la izquierda ha impedido muchas victorias seguras del RN si se hubieran mantenido tres candidatos en liza en centenares de circunscripciones.<\/p>\n\n\n\n<p>Fuente: <a href=\"https:\/\/www.lavanguardia.com\/internacional\/20240710\/9793436\/izquierda-francesa-divide.html\">https:\/\/www.lavanguardia.com\/internacional\/20240710\/9793436\/izquierda-francesa-divide.html<\/a><\/p>\n","protected":false},"excerpt":{"rendered":"<p>Tanto los socialistas como los \u2018insumisos\u2019 de M\u00e9lenchon piden dirigir el Gobierno &nbsp;\u00bfQui\u00e9nes son las siete figuras de la izquierda [&hellip;]<\/p>\n","protected":false},"author":1,"featured_media":79280,"comment_status":"open","ping_status":"open","sticky":false,"template":"","format":"standard","meta":{"site-sidebar-layout":"default","site-content-layout":"","ast-site-content-layout":"default","site-content-style":"default","site-sidebar-style":"default","ast-global-header-display":"","ast-banner-title-visibility":"","ast-main-header-display":"","ast-hfb-above-header-display":"","ast-hfb-below-header-display":"","ast-hfb-mobile-header-display":"","site-post-title":"","ast-breadcrumbs-content":"","ast-featured-img":"","footer-sml-layout":"","theme-transparent-header-meta":"","adv-header-id-meta":"","stick-header-meta":"","header-above-stick-meta":"","header-main-stick-meta":"","header-below-stick-meta":"","astra-migrate-meta-layouts":"default","ast-page-background-enabled":"default","ast-page-background-meta":{"desktop":{"background-color":"var(--ast-global-color-4)","background-image":"","background-repeat":"repeat","background-position":"center center","background-size":"auto","background-attachment":"scroll","background-type":"","background-media":"","overlay-type":"","overlay-color":"","overlay-opacity":"","overlay-gradient":""},"tablet":{"background-color":"","background-image":"","background-repeat":"repeat","background-position":"center center","background-size":"auto","background-attachment":"scroll","background-type":"","background-media":"","overlay-type":"","overlay-color":"","overlay-opacity":"","overlay-gradient":""},"mobile":{"background-color":"","background-image":"","background-repeat":"repeat","background-position":"center center","background-size":"auto","background-attachment":"scroll","background-type":"","background-media":"","overlay-type":"","overlay-color":"","overlay-opacity":"","overlay-gradient":""}},"ast-content-background-meta":{"desktop":{"background-color":"var(--ast-global-color-5)","background-image":"","background-repeat":"repeat","background-position":"center center","background-size":"auto","background-attachment":"scroll","background-type":"","background-media":"","overlay-type":"","overlay-color":"","overlay-opacity":"","overlay-gradient":""},"tablet":{"background-color":"var(--ast-global-color-5)","background-image":"","background-repeat":"repeat","background-position":"center center","background-size":"auto","background-attachment":"scroll","background-type":"","background-media":"","overlay-type":"","overlay-color":"","overlay-opacity":"","overlay-gradient":""},"mobile":{"background-color":"var(--ast-global-color-5)","background-image":"","background-repeat":"repeat","background-position":"center center","background-size":"auto","background-attachment":"scroll","background-type":"","background-media":"","overlay-type":"","overlay-color":"","overlay-opacity":"","overlay-gradient":""}},"footnotes":""},"categories":[8],"tags":[27299,27297,27298],"class_list":["post-79279","post","type-post","status-publish","format-standard","has-post-thumbnail","hentry","category-noticias","tag-asamblea-nacional-francia","tag-izquierda-francesa","tag-melenchon"],"_links":{"self":[{"href":"https:\/\/losperiodistas.com.mx\/portal\/wp-json\/wp\/v2\/posts\/79279","targetHints":{"allow":["GET"]}}],"collection":[{"href":"https:\/\/losperiodistas.com.mx\/portal\/wp-json\/wp\/v2\/posts"}],"about":[{"href":"https:\/\/losperiodistas.com.mx\/portal\/wp-json\/wp\/v2\/types\/post"}],"author":[{"embeddable":true,"href":"https:\/\/losperiodistas.com.mx\/portal\/wp-json\/wp\/v2\/users\/1"}],"replies":[{"embeddable":true,"href":"https:\/\/losperiodistas.com.mx\/portal\/wp-json\/wp\/v2\/comments?post=79279"}],"version-history":[{"count":1,"href":"https:\/\/losperiodistas.com.mx\/portal\/wp-json\/wp\/v2\/posts\/79279\/revisions"}],"predecessor-version":[{"id":79281,"href":"https:\/\/losperiodistas.com.mx\/portal\/wp-json\/wp\/v2\/posts\/79279\/revisions\/79281"}],"wp:featuredmedia":[{"embeddable":true,"href":"https:\/\/losperiodistas.com.mx\/portal\/wp-json\/wp\/v2\/media\/79280"}],"wp:attachment":[{"href":"https:\/\/losperiodistas.com.mx\/portal\/wp-json\/wp\/v2\/media?parent=79279"}],"wp:term":[{"taxonomy":"category","embeddable":true,"href":"https:\/\/losperiodistas.com.mx\/portal\/wp-json\/wp\/v2\/categories?post=79279"},{"taxonomy":"post_tag","embeddable":true,"href":"https:\/\/losperiodistas.com.mx\/portal\/wp-json\/wp\/v2\/tags?post=79279"}],"curies":[{"name":"wp","href":"https:\/\/api.w.org\/{rel}","templated":true}]}}