{"id":79264,"date":"2024-07-10T08:05:08","date_gmt":"2024-07-10T13:05:08","guid":{"rendered":"https:\/\/losperiodistas.com.mx\/portal\/?p=79264"},"modified":"2024-07-10T08:05:10","modified_gmt":"2024-07-10T13:05:10","slug":"el-papa-prohibir-armas-autonomas-letales-proteger-la-dignidad-en-la-era-de-las-maquinas-vatican-news","status":"publish","type":"post","link":"https:\/\/losperiodistas.com.mx\/portal\/el-papa-prohibir-armas-autonomas-letales-proteger-la-dignidad-en-la-era-de-las-maquinas-vatican-news\/","title":{"rendered":"El Papa: Prohibir armas aut\u00f3nomas letales, proteger la dignidad en la era de las m\u00e1quinas | Vatican News"},"content":{"rendered":"\n<p class=\"has-luminous-vivid-amber-background-color has-background has-medium-font-size\">En un mensaje dirigido al encuentro multirreligioso \u00abAI Ethics for Peace\u00bb que se inaugur\u00f3, ayer, en Hiroshima (Jap\u00f3n) y cuyo objetivo es promover el desarrollo \u00e9tico de la Inteligencia Artificial, Francisco subraya que \u00abincluir las riquezas culturales de los pueblos y las religiones en la gobernanza de la inteligencia artificial es una clave estrat\u00e9gica\u00bb para gestionar sabiamente la innovaci\u00f3n tecnol\u00f3gica.<\/p>\n\n\n\n<p><\/p>\n\n\n\n<figure class=\"wp-block-image size-large\"><img fetchpriority=\"high\" decoding=\"async\" width=\"1024\" height=\"576\" src=\"https:\/\/losperiodistas.com.mx\/portal\/wp-content\/uploads\/2024\/07\/cq5dam.thumbnail.cropped.1500.844-2-1024x576.jpeg\" alt=\"\" class=\"wp-image-79265\" srcset=\"https:\/\/losperiodistas.com.mx\/portal\/wp-content\/uploads\/2024\/07\/cq5dam.thumbnail.cropped.1500.844-2-1024x576.jpeg 1024w, https:\/\/losperiodistas.com.mx\/portal\/wp-content\/uploads\/2024\/07\/cq5dam.thumbnail.cropped.1500.844-2-300x169.jpeg 300w, https:\/\/losperiodistas.com.mx\/portal\/wp-content\/uploads\/2024\/07\/cq5dam.thumbnail.cropped.1500.844-2-768x432.jpeg 768w, https:\/\/losperiodistas.com.mx\/portal\/wp-content\/uploads\/2024\/07\/cq5dam.thumbnail.cropped.1500.844-2.jpeg 1500w\" sizes=\"(max-width: 1024px) 100vw, 1024px\" \/><figcaption>El Papa env\u00eda mensaje a los participantes en el encuentro multirreligioso \u201cAI Ethics for Peace\u201d en curso en Hiroshima\u00a0 (AFP or licensors)<\/figcaption><\/figure>\n\n\n\n<p class=\"has-vivid-red-color has-text-color has-medium-font-size\"><strong>Tiziana Campisi  \/ Vatican News<\/strong><\/p>\n\n\n\n<p>\u00abLes pido que muestren al mundo que unidos pedimos un compromiso proactivo para proteger la dignidad humana en esta nueva temporada de uso de las m\u00e1quinas\u00bb: esta fue la invitaci\u00f3n que el Papa Francisco lanz\u00f3 en un mensaje al encuentro multirreligioso \u00abAI Ethics for Peace\u00bb, que se inaugur\u00f3, ayer, 9 de julio en Hiroshima, Jap\u00f3n, y que tiene como objetivo promover el desarrollo \u00e9tico de la Inteligencia Artificial (IA).<\/p>\n\n\n\n<p>Est\u00e1n representados m\u00e1s de 150 participantes de 13 naciones diferentes y 11 religiones. Hoy se ha presentado el documento del Llamamiento de Hiroshima, en el que, adem\u00e1s de reafirmar la necesidad de utilizar la IA s\u00f3lo para el bien de la humanidad y del planeta, se insta a la comunidad internacional a utilizar medios pac\u00edficos para resolver cualquier conflicto, a fin de lograr el fin inmediato de todos los conflictos armados, y la firma del Llamamiento de Roma por una \u00c9tica de la IA, en el evocador marco del Parque Memorial de la Paz, por diecis\u00e9is l\u00edderes religiosos de diferentes confesiones del mundo oriental (incluidos el budismo, el hinduismo, el zoroastrismo y el bah\u00e1&#8217;\u00ed), acompa\u00f1ados por exponentes de las religiones abrah\u00e1micas (cristianos, jud\u00edos y musulmanes).<\/p>\n\n\n\n<p>El llamamiento aboga por la aplicaci\u00f3n, en el \u00e1mbito de la IA, de una&nbsp;<em>algor\u00e9tica<\/em>&nbsp;o \u00e9tica&nbsp;<em>by design<\/em>. El Papa, en el texto enviado, afirma que \u00abincluir en la gobernanza de las inteligencias artificiales las riquezas culturales de los pueblos y de las religiones es una clave estrat\u00e9gica\u00bb si se quiere gestionar con sabidur\u00eda la innovaci\u00f3n tecnol\u00f3gica. Y, como ya hizo en el G7, eleva la petici\u00f3n de prohibir el uso de \u00abarmas aut\u00f3nomas letales\u00bb, mientras que en un post en X, desde su accont @Pontifex, afirma que \u00absolo juntos podemos construir la #paz, gracias tambi\u00e9n a las tecnolog\u00edas al servicio de la humanidad y con respeto a nuestra casa com\u00fan\u00bb.<a href=\"https:\/\/www.vaticannews.va\/es\/vaticano\/news\/2024-07\/ai-ethics-for-peace-pagliatecnologia-hiroshima-rome-call.html\"><\/a>10\/07\/2024<\/p>\n\n\n\n<h2 class=\"wp-block-heading\"><a href=\"https:\/\/www.vaticannews.va\/es\/vaticano\/news\/2024-07\/ai-ethics-for-peace-pagliatecnologia-hiroshima-rome-call.html\">Paglia: La tecnolog\u00eda fomenta la paz y la reconciliaci\u00f3n entre los pueblos<\/a><\/h2>\n\n\n\n<p>AI Ethics for Peace. El 9 de julio comenz\u00f3 en Hiroshima (Jap\u00f3n) el evento de dos d\u00edas que re\u00fane a l\u00edderes religiosos de todo el mundo para promover el desarrollo \u00e9tico de la &#8230;<\/p>\n\n\n\n<h2 class=\"wp-block-heading\">Las decisiones pertenecen siempre al hombre<\/h2>\n\n\n\n<p>Francisco subray\u00f3 la importancia de reunirse \u00aben Hiroshima para hablar de inteligencia artificial y de paz, porque \u00abdesgraciadamente, entre los conflictos actuales que sacuden cada vez m\u00e1s el mundo, adem\u00e1s del odio a la guerra, o\u00edmos hablar de esta tecnolog\u00eda\u00bb. El Papa aprovech\u00f3 la ocasi\u00f3n para reiterar lo que hab\u00eda subrayado sobre estos temas a los l\u00edderes pol\u00edticos del G7, el pasado 14 de junio, recordando que cuando la m\u00e1quina, \u00aben algunas formas y con estos nuevos medios\u00bb, produce \u00abelecciones algor\u00edtmicas\u00bb, llega a \u00abuna elecci\u00f3n t\u00e9cnica entre varias posibilidades y se basa en criterios bien definidos o en inferencias estad\u00edsticas\u00bb, mientras que \u00abel ser humano, en cambio, no s\u00f3lo elige, sino que en su coraz\u00f3n es capaz de decidir\u00bb y, por tanto, hace \u00abuna valoraci\u00f3n pr\u00e1ctica\u00bb.<\/p>\n\n\n\n<p>\u00abA menudo en la dif\u00edcil tarea de gobernar, estamos llamados a tomar decisiones con consecuencias incluso para muchas personas\u00bb, observa el Pont\u00edfice, que \u00abfrente a los prodigios de las m\u00e1quinas, que parecen capaces de elegir aut\u00f3nomamente\u00bb, considera indispensable dejar siempre la decisi\u00f3n al ser humano, \u00abincluso con los tonos dram\u00e1ticos y urgentes con los que a veces se presenta en nuestras vidas.\u00bb<\/p>\n\n\n\n<p>\u00abEstar\u00edamos condenando a la humanidad a un futuro sin esperanza si quit\u00e1ramos a las personas la capacidad de decidir sobre s\u00ed mismas y sobre sus vidas, conden\u00e1ndolas a depender de las elecciones de las m\u00e1quinas\u00bb, a\u00f1adi\u00f3 Francisco, citando su discurso en el G7 y destacando la necesidad de \u00abgarantizar y proteger un espacio de control humano significativo sobre el proceso de elecci\u00f3n de los programas de inteligencia artificial\u00bb, porque \u00abde ello depende la propia dignidad humana\u00bb.<\/p>\n\n\n\n<figure class=\"wp-block-image\"><img decoding=\"async\" src=\"https:\/\/www.vaticannews.va\/content\/dam\/vaticannews\/multimedia\/2024\/luglio\/10\/06.jpg\/_jcr_content\/renditions\/cq5dam.thumbnail.cropped.750.422.jpeg\" alt=\"Participantes en la conferencia &quot;AI Ethics for Peace&quot; en Hiroshima (Jap\u00f3n)\"\/><\/figure>\n\n\n\n<p>Participantes en la conferencia \u00abAI Ethics for Peace\u00bb en Hiroshima (Jap\u00f3n)<\/p>\n\n\n\n<h2 class=\"wp-block-heading\">Prohibir el uso de armas aut\u00f3nomas letales<\/h2>\n\n\n\n<p>Alabando la iniciativa promovida en Jap\u00f3n por la Academia Pontificia de la Vida, Religiones por la Paz Jap\u00f3n, el Foro Abu Dhabi por la Paz de los Emiratos \u00c1rabes Unidos y la Comisi\u00f3n para las Relaciones Interreligiosas del Gran Rabinato de Israel,&nbsp;el Papa escribe que &#8216;es esencial&#8217;, &#8216;unidos como hermanos&#8217; recordar al mundo, cu\u00e1n &#8216;urgente&#8217; es, reflexionando sobre los &#8216;conflictos armados&#8217;, &#8216;repensar el desarrollo y el uso de dispositivos como las llamadas &#8216;armas aut\u00f3nomas letales&#8217; para prohibir su uso, comenzando ya con un compromiso concreto y activo para introducir un control humano cada vez mayor y m\u00e1s significativo&#8217;. Porque \u00abninguna m\u00e1quina deber\u00eda elegir jam\u00e1s acabar con la vida de un ser humano\u00bb. Al final de su mensaje, Francisco dese\u00f3 que el encuentro de Hiroshima \u00abd\u00e9 frutos de fraternidad y colaboraci\u00f3n\u00bb y asegur\u00f3 su oraci\u00f3n para que todos \u00abse conviertan en instrumento de paz para el mundo\u00bb.&nbsp;<\/p>\n","protected":false},"excerpt":{"rendered":"<p>En un mensaje dirigido al encuentro multirreligioso \u00abAI Ethics for Peace\u00bb que se inaugur\u00f3, ayer, en Hiroshima (Jap\u00f3n) y cuyo [&hellip;]<\/p>\n","protected":false},"author":1,"featured_media":79265,"comment_status":"open","ping_status":"open","sticky":false,"template":"","format":"standard","meta":{"site-sidebar-layout":"default","site-content-layout":"","ast-site-content-layout":"default","site-content-style":"default","site-sidebar-style":"default","ast-global-header-display":"","ast-banner-title-visibility":"","ast-main-header-display":"","ast-hfb-above-header-display":"","ast-hfb-below-header-display":"","ast-hfb-mobile-header-display":"","site-post-title":"","ast-breadcrumbs-content":"","ast-featured-img":"","footer-sml-layout":"","theme-transparent-header-meta":"","adv-header-id-meta":"","stick-header-meta":"","header-above-stick-meta":"","header-main-stick-meta":"","header-below-stick-meta":"","astra-migrate-meta-layouts":"default","ast-page-background-enabled":"default","ast-page-background-meta":{"desktop":{"background-color":"var(--ast-global-color-4)","background-image":"","background-repeat":"repeat","background-position":"center center","background-size":"auto","background-attachment":"scroll","background-type":"","background-media":"","overlay-type":"","overlay-color":"","overlay-opacity":"","overlay-gradient":""},"tablet":{"background-color":"","background-image":"","background-repeat":"repeat","background-position":"center center","background-size":"auto","background-attachment":"scroll","background-type":"","background-media":"","overlay-type":"","overlay-color":"","overlay-opacity":"","overlay-gradient":""},"mobile":{"background-color":"","background-image":"","background-repeat":"repeat","background-position":"center center","background-size":"auto","background-attachment":"scroll","background-type":"","background-media":"","overlay-type":"","overlay-color":"","overlay-opacity":"","overlay-gradient":""}},"ast-content-background-meta":{"desktop":{"background-color":"var(--ast-global-color-5)","background-image":"","background-repeat":"repeat","background-position":"center center","background-size":"auto","background-attachment":"scroll","background-type":"","background-media":"","overlay-type":"","overlay-color":"","overlay-opacity":"","overlay-gradient":""},"tablet":{"background-color":"var(--ast-global-color-5)","background-image":"","background-repeat":"repeat","background-position":"center center","background-size":"auto","background-attachment":"scroll","background-type":"","background-media":"","overlay-type":"","overlay-color":"","overlay-opacity":"","overlay-gradient":""},"mobile":{"background-color":"var(--ast-global-color-5)","background-image":"","background-repeat":"repeat","background-position":"center center","background-size":"auto","background-attachment":"scroll","background-type":"","background-media":"","overlay-type":"","overlay-color":"","overlay-opacity":"","overlay-gradient":""}},"footnotes":""},"categories":[8],"tags":[27290,27292,27293,27294,27291],"class_list":["post-79264","post","type-post","status-publish","format-standard","has-post-thumbnail","hentry","category-noticias","tag-al-ethics-for-peace","tag-armas-autonomas","tag-dignidad","tag-era-de-las-maquinas","tag-papa-frabncisco"],"_links":{"self":[{"href":"https:\/\/losperiodistas.com.mx\/portal\/wp-json\/wp\/v2\/posts\/79264","targetHints":{"allow":["GET"]}}],"collection":[{"href":"https:\/\/losperiodistas.com.mx\/portal\/wp-json\/wp\/v2\/posts"}],"about":[{"href":"https:\/\/losperiodistas.com.mx\/portal\/wp-json\/wp\/v2\/types\/post"}],"author":[{"embeddable":true,"href":"https:\/\/losperiodistas.com.mx\/portal\/wp-json\/wp\/v2\/users\/1"}],"replies":[{"embeddable":true,"href":"https:\/\/losperiodistas.com.mx\/portal\/wp-json\/wp\/v2\/comments?post=79264"}],"version-history":[{"count":1,"href":"https:\/\/losperiodistas.com.mx\/portal\/wp-json\/wp\/v2\/posts\/79264\/revisions"}],"predecessor-version":[{"id":79266,"href":"https:\/\/losperiodistas.com.mx\/portal\/wp-json\/wp\/v2\/posts\/79264\/revisions\/79266"}],"wp:featuredmedia":[{"embeddable":true,"href":"https:\/\/losperiodistas.com.mx\/portal\/wp-json\/wp\/v2\/media\/79265"}],"wp:attachment":[{"href":"https:\/\/losperiodistas.com.mx\/portal\/wp-json\/wp\/v2\/media?parent=79264"}],"wp:term":[{"taxonomy":"category","embeddable":true,"href":"https:\/\/losperiodistas.com.mx\/portal\/wp-json\/wp\/v2\/categories?post=79264"},{"taxonomy":"post_tag","embeddable":true,"href":"https:\/\/losperiodistas.com.mx\/portal\/wp-json\/wp\/v2\/tags?post=79264"}],"curies":[{"name":"wp","href":"https:\/\/api.w.org\/{rel}","templated":true}]}}