{"id":79261,"date":"2024-07-10T07:48:58","date_gmt":"2024-07-10T12:48:58","guid":{"rendered":"https:\/\/losperiodistas.com.mx\/portal\/?p=79261"},"modified":"2024-07-10T07:49:00","modified_gmt":"2024-07-10T12:49:00","slug":"con-prebendas-y-cuotas-alito-aseguro-lealtades-y-el-control-estructural-del-pri-proceso","status":"publish","type":"post","link":"https:\/\/losperiodistas.com.mx\/portal\/con-prebendas-y-cuotas-alito-aseguro-lealtades-y-el-control-estructural-del-pri-proceso\/","title":{"rendered":"Con prebendas y cuotas Alito asegur\u00f3 lealtades y el control estructural del PRI | Proceso"},"content":{"rendered":"\n<p class=\"has-light-green-cyan-background-color has-background\"><strong>Desde hace meses Alejandro Moreno fragu\u00f3 su permanencia como presidente nacional del PRI y su posible reelecci\u00f3n garantizando adhesiones de las dirigencias de las organizaciones y sectores afiliados al PRI mediante la vieja t\u00e1ctica del toma y daca.<\/strong><a href=\"javascript:void(0)\"><\/a><\/p>\n\n\n\n<p><\/p>\n\n\n\n<figure class=\"wp-block-image\"><a href=\"https:\/\/www.proceso.com.mx\/u\/fotografias\/fotosnoticias\/2024\/7\/9\/203015.jpeg\"><img decoding=\"async\" src=\"https:\/\/www.proceso.com.mx\/u\/fotografias\/m\/2024\/7\/9\/f685x385-203015_240708_5050.jpeg\" alt=\"Con prebendas y cuotas Alito asegur\u00f3 lealtades y el control estructural del PRI\"\/><\/a><figcaption>Alejandro Moreno. Control. Foto: Miguel Dimayuga<\/figcaption><\/figure>\n\n\n\n<p class=\"has-vivid-red-color has-text-color has-medium-font-size\"><strong>Arturo Rodr\u00edguez Garc\u00eda \/ Proceso<\/strong><\/p>\n\n\n\n<p>CIUDAD DE M\u00c9XICO (<strong>Proceso<\/strong>).- Desde la designaci\u00f3n e integraci\u00f3n de las listas para diputados y senadores plurinominales, hasta la integraci\u00f3n de los delegados a la XXIV Asamblea Nacional, la dirigencia del PRI prepar\u00f3 el terreno de la reforma estatutaria que permite al presidente de ese instituto pol\u00edtico reelegirse hasta 2032.<\/p>\n\n\n\n<p>El partido, fundado en 1929 por Plutarco El\u00edas Calles como Nacional Revolucionario, que en el cardenismo fue De la Revoluci\u00f3n Mexicana y desde 1946 como ahora se le conoce, incluy\u00f3 desde su origen a \u201clos sectores\u201d y organizaciones, de los cuales se alimentan, junto con sus comit\u00e9s directivos nacional, estatales y municipales, sus \u00f3rganos de deliberaci\u00f3n como el Consejo Pol\u00edtico Nacional y la Asamblea Nacional.<\/p>\n\n\n\n<p><strong>NOTICIAS RELACIONADAS<\/strong><\/p>\n\n\n\n<ul class=\"wp-block-list\"><li><a href=\"https:\/\/www.proceso.com.mx\/nacional\/2024\/7\/9\/si-alito-se-reelige-yo-renuncio-labastida-esta-fuera-de-si-dice-aurelio-nuno-332559.html\">Si \u201cAlito\u201d se reelige, yo renuncio: Labastida; \u201cest\u00e1 fuera de s\u00ed\u201d, dice Aurelio Nu\u00f1o<\/a><\/li><li><a href=\"https:\/\/www.proceso.com.mx\/nacional\/politica\/2024\/7\/8\/bola-de-cinicos-corruptos-alito-explota-amaga-con-expulsar-sauri-coldwell-labastida-332477.html\">\u201cBola de c\u00ednicos y corruptos\u201d: Alito explota y amaga con expulsar a Sauri, Coldwell y Labastida<\/a><\/li><li><a href=\"https:\/\/www.proceso.com.mx\/nacional\/politica\/2024\/7\/7\/gobernadores-exgobernadores-sectores-desairan-alito-se-consuma-la-reforma-para-la-reeleccion-332430.html\">Gobernadores, exgobernadores y sectores desairan a Alito; se consuma la reforma para la reelecci\u00f3n<\/a><\/li><li><a href=\"https:\/\/www.proceso.com.mx\/nacional\/politica\/2024\/7\/4\/alito-busca-reelegirse-seguir-otros-ocho-anos-como-lider-del-pri-332252.html\">\u201cAlito\u201d busca reelegirse y seguir otros ocho a\u00f1os como l\u00edder del PRI<\/a><\/li><\/ul>\n\n\n\n<p>Los sectores son el obrero, el campesino y el popular, representados hist\u00f3ricamente por la Confederaci\u00f3n de Trabajadores de M\u00e9xico (CTM) y la Confederaci\u00f3n Revolucionaria de Obreros y Campesinos (CROC) en el primer caso, por la Confederaci\u00f3n Nacional Campesina (CNC) en el segundo y por la Confederaci\u00f3n Nacional de Organizaciones Populares (CNOP) en el tercero. Adem\u00e1s, existen organizaciones como el Movimiento Territorial, el Organismo Nacional de Mujeres y el organismo Red J\u00f3venes por M\u00e9xico, entre otros.<\/p>\n\n\n\n<p>El primer paso de Alejandro Moreno C\u00e1rdenas, Alito, fue garantizar las lealtades de las cabezas de sectores y organizaciones, de manera que la dirigente de la CNOP, Cristina Ruiz, consiguiera una curul; lo mismo para Leticia Barrera, de la CNC, y aunque no alcanz\u00f3 esca\u00f1o, la lista de partido para el Senado inclu\u00eda en el lugar seis al dirigente cetemista Carlos Aceves del Olmo.<\/p>\n\n\n\n<figure class=\"wp-block-image\"><img decoding=\"async\" src=\"https:\/\/www.proceso.com.mx\/u\/fotografias\/m\/2024\/7\/9\/f768x1-203016_203143_17.jpeg\" alt=\"\"\/><figcaption>Cristina Ruiz. Fidelidad. Foto: Instagram cristinaruiz_s<\/figcaption><\/figure>\n\n\n\n<p>Adem\u00e1s, por el organismo de mujeres, Xitlalic Ceja tambi\u00e9n ser\u00e1 diputada federal, en tanto que el dirigente del Movimiento Territorial, Erubiel Alonso, tambi\u00e9n fue listado.<\/p>\n\n\n\n<p>Con el reparto de cuotas, la asignaci\u00f3n de delegados aprovech\u00f3 hasta la inconformidad. Y es que en los sectores y organizaciones donde los delegados fueron reticentes a legitimar la reforma de Moreno C\u00e1rdenas, anunciando su inasistencia, el dirigente priista coloc\u00f3 a personas incondicionales, que el domingo acudieron al llamado de su dirigencia para legitimar los cambios a mano alzada.<\/p>\n\n\n\n<h2 class=\"wp-block-heading\">El escollo sectorial<\/h2>\n\n\n\n<p>Diez asambleas atr\u00e1s, en la XIV, siendo presidente del PRI Luis Donaldo Colosio, se hab\u00eda establecido el m\u00e9todo de consulta a la base para la selecci\u00f3n de dirigentes y candidatos. El proceso implicaba una consulta abierta, de manera similar a como otras democracias realizan elecciones primarias.<\/p>\n\n\n\n<p>Para la XXIV Asamblea Nacional, los cuestionamientos a la democracia interna resurgieron como un eco de los a\u00f1os noventa en ese partido y, sin embargo, fueron deso\u00eddos por Alejandro Moreno, quien consigui\u00f3 las representaciones, es decir, los delegados que de manera formal votaron por su proyecto.<\/p>\n\n\n\n<p>Un primer factor de control fue la reducci\u00f3n de la representaci\u00f3n de los sectores y organizaciones que, desde el \u00faltimo jueves, reproch\u00f3 la CTM al anunciar su salida del PRI.<\/p>\n\n\n\n<p>El 4 de julio, en entrevista con&nbsp;<em>Exc\u00e9lsior<\/em>, Juan Carlos Velasco P\u00e9rez, secretario de acci\u00f3n pol\u00edtica de la CTM, fij\u00f3 la postura cetemista que calific\u00f3 al PRI de ser ya \u201cun partido peque\u00f1o\u201d, condenado a ser la franquicia de una camarilla. Y en la exposici\u00f3n de los motivos que los llevaron a la ruptura, destac\u00f3 la reducci\u00f3n de 35 a 20 lugares de la CTM en el Consejo Pol\u00edtico Nacional.<\/p>\n\n\n\n<figure class=\"wp-block-image\"><img decoding=\"async\" src=\"https:\/\/www.proceso.com.mx\/u\/fotografias\/m\/2024\/7\/9\/f768x1-203017_203144_34.jpeg\" alt=\"\"\/><figcaption>Velasco P\u00e9rez. Ruptura. Foto: CTM.<\/figcaption><\/figure>\n\n\n\n<p>El dato es relevante porque, en el contexto de la organizaci\u00f3n de la asamblea, el equipo de operadores de Alejandro Moreno C\u00e1rdenas se aprovech\u00f3 hasta de la inconformidad. As\u00ed, los 15 lugares restados a la CTM, tendr\u00edan como fin inducir a 15 incondicionales de Moreno C\u00e1rdenas, lugares m\u00e1s o lugares menos, como delegados a la Asamblea Nacional.<\/p>\n\n\n\n<p>Lo mismo ocurri\u00f3 en la CTM y la CNC. En el ONMPRI y el MT.<\/p>\n\n\n\n<p>La dirigente del Organismo Nacional de Mujeres Priistas (OMNPRI), Xitlalic Ceja; Laura Barrera, de la CNC, y Cristina Ruiz, de la CNOP, hicieron posible que, adem\u00e1s de la representaci\u00f3n que de por s\u00ed tiene el Estado de M\u00e9xico, la XXIV Asamblea Nacional fuera de importante presencia mexiquense en un proceso que implic\u00f3 la asignaci\u00f3n de delegados bajo la influencia de una incondicional de Alito, como lo es Ana Lilia Herrera Anzaldo.<\/p>\n\n\n\n<h2 class=\"wp-block-heading\">Los estados y la eventual impugnaci\u00f3n<\/h2>\n\n\n\n<p>Con el escollo sectorial resuelto, la f\u00f3rmula con la que los estados llegaron a la Asamblea Nacional tambi\u00e9n tuvo una fuerte intervenci\u00f3n de Alito.<\/p>\n\n\n\n<p>Con 30 comit\u00e9s directivos estatales elegidos en contexto de ser partidos de oposici\u00f3n local, la mayor\u00eda fueron sancionados y reconocidos por Moreno C\u00e1rdenas, aun con las serias dudas que se plantean respecto al procedimiento.<\/p>\n\n\n\n<p>Y es que, dependiendo de la cantidad de municipios en cada entidad federativa, el comit\u00e9 nacional deber\u00eda realizar asambleas municipales al menos en 10% de los municipios de cada estado.<\/p>\n\n\n\n<p>As\u00ed, por ejemplo, los dos estados gobernadores por el PRI realizaron asambleas conforme a la norma: Coahuila, con 38 municipios, debi\u00f3 realizar de tres a cuatro asambleas, las mismas que Durango, que tiene 39 municipios.<\/p>\n\n\n\n<figure class=\"wp-block-image\"><img decoding=\"async\" src=\"https:\/\/www.proceso.com.mx\/u\/fotografias\/m\/2024\/7\/9\/f768x1-203019_203146_15.jpeg\" alt=\"\"\/><figcaption>Asamblea del PRI del domingo \u00faltimo. Foto: Cortesia PRI.<\/figcaption><\/figure>\n\n\n\n<p>En el caso de Coahuila, el gobernador Manolo Jim\u00e9nez Salinas se proyect\u00f3 por una renovaci\u00f3n y un proceso amplio de an\u00e1lisis sobre el futuro de dicho partido. Con sus asambleas realizadas, la posici\u00f3n de sus delegados fue imposible de tener alg\u00fan peso en la Asamblea Nacional frente a, por ejemplo, la importante presencia mexiquense.<\/p>\n\n\n\n<p>Al final, ni Jim\u00e9nez Salinas ni el duranguense Esteban Villegas acudieron a la Asamblea Nacional y enviaron una modesta representaci\u00f3n.<\/p>\n\n\n\n<p>Una eventual fuente de impugnaci\u00f3n se present\u00f3 en la forma de designar delegados en estados como Oaxaca, donde hay 570 municipios; Puebla, con 217, o Veracruz, con 212 municipios. Ah\u00ed, para cumplir con la norma, debieron realizarse 57 asambleas en el primer caso y cuando menos 21 asambleas en los otros dos.<\/p>\n\n\n\n<p>La imposibilidad material y temporal de esa cantidad de asambleas no hizo mella en la designaci\u00f3n de delegados que el domingo votaron a favor de la reforma estatutaria de Moreno C\u00e1rdenas.<\/p>\n\n\n\n<p>Hasta ahora, s\u00f3lo un grupo de exgobernadores, exfuncionarios y legisladores electos, como Manlio Fabio Beltrones y Aurelio Nu\u00f1o, se ha pronunciado en contra de la asamblea, mientras el excandidato presidencial, Francisco Labastida Ochoa, ya amag\u00f3 con renunciar si se materializa la reelecci\u00f3n de Alejandro Moreno, quien sin embargo, se asegur\u00f3 el control estructural desde hace meses con el resultado obtenido en la XXIV Asamblea Nacional.<\/p>\n\n\n\n<p>Fuente: <a href=\"https:\/\/www.proceso.com.mx\/nacional\/2024\/7\/10\/con-prebendas-cuotas-alito-aseguro-lealtades-el-control-estructural-del-pri-332579.html\">https:\/\/www.proceso.com.mx\/nacional\/2024\/7\/10\/con-prebendas-cuotas-alito-aseguro-lealtades-el-control-estructural-del-pri-332579.html<\/a><\/p>\n","protected":false},"excerpt":{"rendered":"<p>Desde hace meses Alejandro Moreno fragu\u00f3 su permanencia como presidente nacional del PRI y su posible reelecci\u00f3n garantizando adhesiones de [&hellip;]<\/p>\n","protected":false},"author":1,"featured_media":79262,"comment_status":"open","ping_status":"open","sticky":false,"template":"","format":"standard","meta":{"site-sidebar-layout":"default","site-content-layout":"","ast-site-content-layout":"default","site-content-style":"default","site-sidebar-style":"default","ast-global-header-display":"","ast-banner-title-visibility":"","ast-main-header-display":"","ast-hfb-above-header-display":"","ast-hfb-below-header-display":"","ast-hfb-mobile-header-display":"","site-post-title":"","ast-breadcrumbs-content":"","ast-featured-img":"","footer-sml-layout":"","theme-transparent-header-meta":"","adv-header-id-meta":"","stick-header-meta":"","header-above-stick-meta":"","header-main-stick-meta":"","header-below-stick-meta":"","astra-migrate-meta-layouts":"default","ast-page-background-enabled":"default","ast-page-background-meta":{"desktop":{"background-color":"var(--ast-global-color-4)","background-image":"","background-repeat":"repeat","background-position":"center center","background-size":"auto","background-attachment":"scroll","background-type":"","background-media":"","overlay-type":"","overlay-color":"","overlay-opacity":"","overlay-gradient":""},"tablet":{"background-color":"","background-image":"","background-repeat":"repeat","background-position":"center center","background-size":"auto","background-attachment":"scroll","background-type":"","background-media":"","overlay-type":"","overlay-color":"","overlay-opacity":"","overlay-gradient":""},"mobile":{"background-color":"","background-image":"","background-repeat":"repeat","background-position":"center center","background-size":"auto","background-attachment":"scroll","background-type":"","background-media":"","overlay-type":"","overlay-color":"","overlay-opacity":"","overlay-gradient":""}},"ast-content-background-meta":{"desktop":{"background-color":"var(--ast-global-color-5)","background-image":"","background-repeat":"repeat","background-position":"center center","background-size":"auto","background-attachment":"scroll","background-type":"","background-media":"","overlay-type":"","overlay-color":"","overlay-opacity":"","overlay-gradient":""},"tablet":{"background-color":"var(--ast-global-color-5)","background-image":"","background-repeat":"repeat","background-position":"center center","background-size":"auto","background-attachment":"scroll","background-type":"","background-media":"","overlay-type":"","overlay-color":"","overlay-opacity":"","overlay-gradient":""},"mobile":{"background-color":"var(--ast-global-color-5)","background-image":"","background-repeat":"repeat","background-position":"center center","background-size":"auto","background-attachment":"scroll","background-type":"","background-media":"","overlay-type":"","overlay-color":"","overlay-opacity":"","overlay-gradient":""}},"footnotes":""},"categories":[8],"tags":[10782,27007,3552,27289,27288,1978],"class_list":["post-79261","post","type-post","status-publish","format-standard","has-post-thumbnail","hentry","category-noticias","tag-alito-moreno","tag-cnc","tag-ctm","tag-mt","tag-onmpri","tag-pri"],"_links":{"self":[{"href":"https:\/\/losperiodistas.com.mx\/portal\/wp-json\/wp\/v2\/posts\/79261","targetHints":{"allow":["GET"]}}],"collection":[{"href":"https:\/\/losperiodistas.com.mx\/portal\/wp-json\/wp\/v2\/posts"}],"about":[{"href":"https:\/\/losperiodistas.com.mx\/portal\/wp-json\/wp\/v2\/types\/post"}],"author":[{"embeddable":true,"href":"https:\/\/losperiodistas.com.mx\/portal\/wp-json\/wp\/v2\/users\/1"}],"replies":[{"embeddable":true,"href":"https:\/\/losperiodistas.com.mx\/portal\/wp-json\/wp\/v2\/comments?post=79261"}],"version-history":[{"count":1,"href":"https:\/\/losperiodistas.com.mx\/portal\/wp-json\/wp\/v2\/posts\/79261\/revisions"}],"predecessor-version":[{"id":79263,"href":"https:\/\/losperiodistas.com.mx\/portal\/wp-json\/wp\/v2\/posts\/79261\/revisions\/79263"}],"wp:featuredmedia":[{"embeddable":true,"href":"https:\/\/losperiodistas.com.mx\/portal\/wp-json\/wp\/v2\/media\/79262"}],"wp:attachment":[{"href":"https:\/\/losperiodistas.com.mx\/portal\/wp-json\/wp\/v2\/media?parent=79261"}],"wp:term":[{"taxonomy":"category","embeddable":true,"href":"https:\/\/losperiodistas.com.mx\/portal\/wp-json\/wp\/v2\/categories?post=79261"},{"taxonomy":"post_tag","embeddable":true,"href":"https:\/\/losperiodistas.com.mx\/portal\/wp-json\/wp\/v2\/tags?post=79261"}],"curies":[{"name":"wp","href":"https:\/\/api.w.org\/{rel}","templated":true}]}}