{"id":78724,"date":"2024-07-04T16:37:59","date_gmt":"2024-07-04T21:37:59","guid":{"rendered":"https:\/\/losperiodistas.com.mx\/portal\/?p=78724"},"modified":"2024-07-04T16:38:01","modified_gmt":"2024-07-04T21:38:01","slug":"miguel-reta-30-anos-dedicado-a-poner-orden-en-los-encierros-de-san-fermin-el-toro-manda-y-decide-como-va-a-ir-rtve","status":"publish","type":"post","link":"https:\/\/losperiodistas.com.mx\/portal\/miguel-reta-30-anos-dedicado-a-poner-orden-en-los-encierros-de-san-fermin-el-toro-manda-y-decide-como-va-a-ir-rtve\/","title":{"rendered":"Miguel Reta, 30 a\u00f1os dedicado a poner orden en los encierros de San Ferm\u00edn: \u00abEl toro manda y decide c\u00f3mo va a ir\u00bb | Rtve"},"content":{"rendered":"\n<ul class=\"has-luminous-vivid-amber-to-luminous-vivid-orange-gradient-background has-background has-medium-font-size wp-block-list\"><li>Es uno de los rostros protagonistas de los Sanfermines al que decenas de corredores acuden a saludar antes del encierro<\/li><li>Un equipo humano formado por \u00abm\u00e1s de 400 personas\u00bb que trabaja con las ganader\u00edas en los Sanfermines<\/li><\/ul>\n\n\n\n<figure class=\"wp-block-image size-large\"><img fetchpriority=\"high\" decoding=\"async\" width=\"1024\" height=\"576\" src=\"https:\/\/losperiodistas.com.mx\/portal\/wp-content\/uploads\/2024\/07\/rtve-san-fermin-1024x576.jpeg\" alt=\"\" class=\"wp-image-78728\" srcset=\"https:\/\/losperiodistas.com.mx\/portal\/wp-content\/uploads\/2024\/07\/rtve-san-fermin-1024x576.jpeg 1024w, https:\/\/losperiodistas.com.mx\/portal\/wp-content\/uploads\/2024\/07\/rtve-san-fermin-300x169.jpeg 300w, https:\/\/losperiodistas.com.mx\/portal\/wp-content\/uploads\/2024\/07\/rtve-san-fermin-768x432.jpeg 768w, https:\/\/losperiodistas.com.mx\/portal\/wp-content\/uploads\/2024\/07\/rtve-san-fermin-1536x864.jpeg 1536w, https:\/\/losperiodistas.com.mx\/portal\/wp-content\/uploads\/2024\/07\/rtve-san-fermin.jpeg 1600w\" sizes=\"(max-width: 1024px) 100vw, 1024px\" \/><figcaption>Pastores en el \u00faltimo tramo del s\u00e9ptimo encierro de San Ferm\u00edn 2022 con los toros de Don Victoriano del R\u00edo.\u00a0<em>EDUARDO SANZ \/ EUROPA PRESS<\/em><\/figcaption><\/figure>\n\n\n\n<p class=\"has-vivid-red-color has-text-color has-medium-font-size\"><strong>SILVIA QU\u00cdLEZ IGLESIAS \/ Rtve<\/strong><\/p>\n\n\n\n<p>Los once pastores de&nbsp;<strong>San Ferm\u00edn<\/strong>&nbsp;tienen en su mente el recorrido del encierro, 848 metros desde la cuesta de Santo Domingo hasta la plaza de toros de Pamplona, en los que se dan el relevo cada 50 u 80 metros, con un \u00fanico objetivo: proteger a los toros y velar por el normal desarrollo del encierro. La carrera es \u00aban\u00e1rquica, libre, popular\u00bb, el resultado depende de \u00abmuchos factores\u00bb &#8211; los toros, los cabestros, los mozos y mozas que corren &#8211; pero por encima de todos, es el toro el que \u00abmanda y decide c\u00f3mo va a ir\u00bb. La \u00abgran dificultad\u00bb para el equipo de pastores, explica Miguel Reta, que lleva treinta a\u00f1os afrontando el reto, es poner \u00aborden\u00bb en esa \u00ablocura\u00bb.<\/p>\n\n\n\n<p>El equipo de pastores aguarda los encierros de este San Ferm\u00edn \u00abcomo si fuera el primer a\u00f1o, los mismos nervios, ilusi\u00f3n, inquietud\u00bb, asegura Reta con humildad como un miembro m\u00e1s, restando importancia al hecho de que cada ma\u00f1ana, en los minutos previos de la carrera, decenas de mozos y mozas acudan a saludarle como en un ritual que parece traerles suerte.<\/p>\n\n\n\n<p><img decoding=\"async\" src=\"https:\/\/img2.rtve.es\/css\/rtve.commons\/rtve.header.footer\/i\/logoRTVEes.png\"><a href=\"https:\/\/www.rtve.es\/play\/videos\/la-hora-de-la-1\/miguel-reta-pastor-encierros-san-fermin\/6933236\/\"><strong>Miguel Reta, pastor de los encierros de San Ferm\u00edn: \u00abHay que tener mucho respeto y tom\u00e1rselo en serio\u00bb<\/strong><\/a><\/p>\n\n\n\n<p>Miguel Reta afirma que \u00e9l y sus compa\u00f1eros son solo un \u00abgrano de arena\u00bb dentro del&nbsp;<strong>equipo humano formado por \u00abm\u00e1s de 400 personas<\/strong>\u00bb que trabaja con las ganader\u00edas en los Sanfermines, y acumula \u00abmuchos\u00bb a\u00f1os de experiencia.<\/p>\n\n\n\n<p>Si las cosas van bien, si funcionan, \u00abno hay que tocarlas mucho\u00bb, por eso lo normal es que de un a\u00f1o a otro \u00ab<strong>no cambien mucho\u00bb y eso significa que se hacen bien<\/strong>, aunque siempre haya \u00abalguna modificaci\u00f3n\u00bb, afirma el veterano pastor pamplon\u00e9s sobre una tradici\u00f3n que data al menos del siglo XIV, en la que el resultado es por completo impredecible.<\/p>\n\n\n\n<h2 class=\"wp-block-heading\">\u00abHay mucha fuerza en la calle\u00bb<\/h2>\n\n\n\n<p>Para alguien como \u00e9l que est\u00e1 siempre \u00abentre toros\u00bb, los Sanfermines son algo \u00abespecial\u00bb, no solo -en su caso- por ser pamplonica, sino porque esta fiesta se considera el \u00abbuque insignia\u00bb de los festejos populares que \u00e9l conoce bien, ya que suele recorrer por toda geograf\u00eda espa\u00f1ola los festejos taurinos en los que ve \u00abmucha afici\u00f3n\u00bb.<\/p>\n\n\n\n<p>\u00abHay<strong>\u00a0mucha fuerza en la calle, la juventud<\/strong>, el m\u00fasculo del festejo est\u00e1 en la juventud y la juventud participa y m\u00e1s en San Ferm\u00edn\u00bb, asegura Reta que cree que \u00abhay mucha m\u00e1s fuerza y afici\u00f3n de la que nos pueden hacer creer\u00bb y que adem\u00e1s cada a\u00f1o participa gente nueva que acude a Pamplona a correr los encierros. \u00abLos grandes aficionados se cogen vacaciones para correr\u00bb, agrega.<\/p>\n\n\n\n<p><a href=\"https:\/\/www.rtve.es\/noticias\/20230705\/san-fermin-origen-patron-fiestas-encierros\/2449300.shtml\"><strong>De la devoci\u00f3n religiosa a la fiesta y el jolgorio: \u00bfcu\u00e1l es el origen de San Ferm\u00edn y sus encierros?<\/strong><em>MAR\u00cdA JOS\u00c9 LARA<\/em><\/a><\/p>\n\n\n\n<p>Reta conoce a muchas personas de otras comunidades aut\u00f3nomas, como Arag\u00f3n y Castilla y Le\u00f3n, donde tambi\u00e9n hay festejos, y \u00e9l mismo se define como un \u00abfriki\u00bb, igual que otros lo son de la monta\u00f1a, del mar, que acuden a las fiestas. \u00abAl final tienes&nbsp;<strong>tu peque\u00f1o mundo y tu afici\u00f3n les engancha a ellos<\/strong>\u00ab, asegura Reta, que considera que no solo se transmite esa afici\u00f3n, tambi\u00e9n otros sentimientos como el miedo, y el apoyo mutuo.&nbsp;<\/p>\n\n\n\n<p>\u00c9l lleva sus propios toros y bueyes a celebraciones por toda Espa\u00f1a en las que&nbsp;<strong>se encarga de que todo vaya bien en los corrales<\/strong>&nbsp;de forma similar a lo que hace en Pamplona, pero como ganadero organizador.&nbsp;&nbsp;<\/p>\n\n\n\n<h2 class=\"wp-block-heading\">Tramo a tramo, hasta la plaza de toros<\/h2>\n\n\n\n<p>Miguel Reta, pastor desde 1994, se ocupa del tramo de la calle Mercaderes, entre la plaza del Ayuntamiento y la calle Estafeta, donde coge el testigo de otro veterano corredor, Markel Povedano, una zona donde el recorrido del encierro se ensancha y empieza a haber m\u00e1s corredores, lo que supone un riesgo a\u00f1adido a la carrera, aunque la presencia del vallado permite refugiarse al paso de la manada.<\/p>\n\n\n\n<p><a href=\"https:\/\/www.rtve.es\/noticias\/20230702\/san-fermin-2023-cuales-son-puntos-clave-del-encierro-curvas-mas-peligrosas\/2448906.shtml\"><strong>San Ferm\u00edn 2023: \u00bfcu\u00e1les son los puntos clave del encierro y las curvas m\u00e1s peligrosas?<\/strong><\/a><\/p>\n\n\n\n<p>Los toros, despu\u00e9s de salir acelerando la carrera a lo largo de casi 300 metros en la cuesta de Santo Domingo, llegan lanzados a este punto del recorrido, algunos ralentizan ya su vertiginoso ritmo, lo que hace que en el siguiente tramo de Estafeta puedan quedarse descolgados de la manada generando situaciones de peligro, ya que se sienten m\u00e1s indefensos y pueden lanzar derrotes a los corredores.<\/p>\n\n\n\n<p><a href=\"https:\/\/www.rtve.es\/noticias\/20230704\/san-fermin-2023-encierros-tramos-mas-riesgo\/2450915.shtml\"><strong>\u00bfEn qu\u00e9 tramo de los encierros \u00abestad\u00edsticamente\u00a0hay m\u00e1s riesgo de heridos graves\u00bb?<\/strong><em>BEATRIZ MART\u00cdNEZ ALFONSO<\/em><\/a><\/p>\n\n\n\n<p>Con \u00e9l y con Mikel Povedano hacen equipo otros nueve pastores: Jes\u00fas, Curro y Aitor&nbsp;<strong>en los corrales y la cuesta de Santo Domingo<\/strong>&nbsp;hasta la Plaza del Ayuntamiento, y desde Mercaderes hasta el final Humberto, V\u00edctor, Miguel, Alberto y Fran, hasta el callej\u00f3n de la plaza donde les espera el m\u00e1s experimentado de todos, Jes\u00fas Merino, mayoral de la plaza, con una experiencia que suma m\u00e1s de 40 a\u00f1os.<\/p>\n\n\n\n<p>\u00abVamos haciendo nuestro relevo&nbsp;<strong>acompa\u00f1ando al compa\u00f1ero que sale por delante<\/strong>&nbsp;hasta donde podamos\u00bb, explica Miguel Reta. Despu\u00e9s, Merino recibe a los toros en la plaza, donde les separa de los bueyes. Hay que saber manejarlos en los corrales, y solo una persona de gran experiencia puede hacerlo bien. En esa labor le ayuda todo su equipo de pastores cuando llega a la plaza.<\/p>\n\n\n\n<h2 class=\"wp-block-heading\">\u00abNos ha pasado de todo\u00bb<\/h2>\n\n\n\n<p>A lo largo de todo el encierro hay que&nbsp;<strong>proteger al toro<\/strong>&nbsp;por una raz\u00f3n fundamental, que \u00abno aprenda\u00bb si se queda en la calle porque podr\u00eda haber consecuencias por la tarde durante la lidia en la plaza. En numerosas ocasiones los astados han demostrado tener mucha inteligencia, que demuestran en la lidia \u00abpor su selecci\u00f3n y encaste\u00bb, seg\u00fan asegura Miguel Reta. De hecho, el encierrillo de la tarde anterior, desde los corrales del gas a los de Santo Domingo, sirve a la manada de toros acompa\u00f1ados por los cabestros, como una especie de ensayo para la carrera que har\u00e1n unas horas m\u00e1s tarde por las calles de Pamplona, rodeados de cientos de personas hasta la plaza de toros.<a href=\"https:\/\/www.rtve.es\/noticias\/20150704\/pastores-arbitros-encierros-san-fermin\/1168960.shtml\"><strong>Pastores, los \u00e1rbitros de los encierros de San Ferm\u00edn<\/strong><\/a><\/p>\n\n\n\n<p>Pese a que los encierros cuentan cada vez con m\u00e1s medidas de seguridad, los toros son un componente impredecible y por eso, el equipo de pastores tiene una serie de pautas sobre c\u00f3mo actuar en funci\u00f3n de su desarrollo. Por ejemplo, si un toro se queda suelto por detr\u00e1s de la manada los&nbsp;<strong>pastores hacen \u00abuna especie de barrera por la parte trasera<\/strong>\u00bb para que los corredores que van por detr\u00e1s no inciten al toro y los mozos lo vayan llevando \u00abcuanto antes a la plaza\u00bb.<\/p>\n\n\n\n<p>En estos treinta a\u00f1os de experiencia en los encierros de San Ferm\u00edn, cuenta Reta que les&nbsp;<strong>ha pasado \u00abde todo<\/strong>\u00ab, desde que un toro se d\u00e9 la vuelta en la puerta de los corrales, a que se quede en la cuesta de Santo Domingo, aunque lo m\u00e1s habitual es que los astados se queden en el tramo de Estafeta y sobre todo en Telef\u00f3nica, una de las circunstancias m\u00e1s habituales y peligrosas.<\/p>\n\n\n\n<p>Otro de los imprevistos que suele producirse es que el&nbsp;<strong>toro se d\u00e9 la vuelta<\/strong>. En ese caso, tiene una especial importancia el papel de los bueyes \u00abde cola\u00bb que salen un minuto y medio o dos minutos m\u00e1s tarde que los toros de otro corral y hacen de \u00abbueyes escoba\u00bb por si queda alg\u00fan toro, al que arropar y llevar hasta la plaza. Esta medida se lleva a cabo siempre por norma. Son bueyes \u00abzagueros\u00bb m\u00e1s lentos para que se les pueda parar en un momento dado.<\/p>\n\n\n\n<p>Uno de esos hechos imprevistos se produjo en 2017 un toro de\u00a0<a href=\"https:\/\/www.rtve.es\/noticias\/20170708\/segundo-encierro-sanfermines-con-toros-ganaderia-jose-escolar\/1577680.shtml\">Jos\u00e9 Escolar se volvi\u00f3 por tercer a\u00f1o consecutivo<\/a>, circunstancia que analizaba en una entrevista a TVE uno de los pastores, Miguel Araiz, conocido como Rastrojo, que ya se ha jubilado.<\/p>\n\n\n\n<p><\/p>\n\n\n\n<p><img decoding=\"async\" src=\"https:\/\/img2.rtve.es\/css\/rtve.commons\/rtve.header.footer\/i\/logoRTVEes.png\"><a><strong>Por qu\u00e9 un toro se vuelve en el segundo encierro de los Sanfermines de 2017<\/strong><\/a><\/p>\n\n\n\n<p>\u00abLa estad\u00edstica es la estad\u00edstica y est\u00e1 ah\u00ed,&nbsp;<strong>tenemos que pensar y preverlo y adelantarnos un poco<\/strong>\u00ab, cuenta Miguel Reta. Lo que ocurre es que entre los toros \u00abse van metiendo corredores\u00bb y se van quedando \u00absolos\u00bb, sin sus compa\u00f1eros de manada y la gu\u00eda de los cabestros, o tambi\u00e9n puede ocurrir que pierdan a los arrestos o haya alguna ca\u00edda de los animales.<\/p>\n\n\n\n<p>Desde su conocimiento y relaci\u00f3n con las ganader\u00edas, por su encaste y comportamiento en la lidia y el campo, por su relaci\u00f3n de \u00abmuchos a\u00f1os\u00bb con ellas, los pastores pueden intuir \u00abun poco\u00bb como puede la carrera. Saben por ejemplo que los toros de Cebada Gago tienen \u00abun poquito m\u00e1s de peligro\u00bb, y que los Miura son \u00abmuy r\u00e1pidos\u00bb, explica Reta.<\/p>\n\n\n\n<p>Antes de finalizar la entrevista por tel\u00e9fono, Reta recomienda a todos aquellos que se est\u00e9n planteando ir a correr a los encierros de Pamplona que se informen muy bien porque el&nbsp;<strong>toro es \u00abalgo muy serio, mata y ha sido seleccionado para atacar<\/strong>\u00ab, que sepan a qu\u00e9 se enfrentan. \u00abNo podemos coger y el primer d\u00eda que van a hacer monta\u00f1ismo decir que se suben al Everest\u00bb, explica a modo de ejemplo para advertir del riesgo que corren.<\/p>\n\n\n\n<p>Nunca hay que perder el respeto a la tradici\u00f3n y a los animales, ni tampoco el compa\u00f1erismo. Despu\u00e9s, una vez preparados e informados, lo que hay que hacer es \u00abdisfrutar de una experiencia \u00fanica en la vida, superar los miedos y recibir ese empuj\u00f3n de autoestima que cada uno vive a su manera, no es ni para que lo vean en televisi\u00f3n ni para una foto bonita, sino para tener ese recuerdo personal en mente, seguro, para toda la vida\u00bb.<\/p>\n\n\n\n<p>Otros contenidos seleccionados por:<\/p>\n\n\n\n<p><img decoding=\"async\" src=\"https:\/\/img.rtve.es\/resources\/jpg\/4\/5\/1551183380954.jpg\" alt=\"SILVIA QU\u00cdLEZ IGLESIAS\"><em>SILVIA QU\u00cdLEZ IGLESIAS<\/em><\/p>\n\n\n\n<ul class=\"wp-block-list\"><li><img decoding=\"async\" src=\"https:\/\/img.rtve.es\/n\/16153868?w=800&amp;preview=01718094182212.jpg\" alt=\"M\u00e1s de 500 actos componen el programa de las fiestas de los Sanfermines 2024\"><a href=\"https:\/\/www.rtve.es\/noticias\/20240619\/mas-500-actos-componen-programa-sanfermines-2024\/16153868.shtml\"><\/a>M\u00e1s de 500 actos componen el programa de las fiestas de los Sanfermines 2024<strong>19.06.2024<\/strong><\/li><li><img decoding=\"async\" src=\"https:\/\/img.rtve.es\/n\/1752447?w=800&amp;preview=1529347475889.jpg\" alt=\"Miguel Araiz 'Rastrojo': &quot;Tienes que saber en cada segundo lo que tienes que hacer&quot;\"><a href=\"https:\/\/www.rtve.es\/noticias\/20180619\/miguel-araiz-rastrojo-tienes-saber-cada-segundo-tienes-hacer\/1752447.shtml\"><\/a>Miguel Araiz &#8216;Rastrojo&#8217;: \u00abTienes que saber en cada segundo lo que tienes que hacer\u00bb<strong>19.06.2018<\/strong><\/li><li><img decoding=\"async\" src=\"https:\/\/img.rtve.es\/n\/16137343?w=800&amp;preview=01717745698399.jpg\" alt=\"Daniel Azcona, torilero en San Ferm\u00edn y corredor &quot;decano&quot; de los encierros: &quot;En Pamplona no puede fallar nada&quot;\"><a href=\"https:\/\/www.rtve.es\/noticias\/20240617\/san-fermin-2024-daniel-azcona-torilero-plaza-pamplona\/16137343.shtml\"><\/a>Daniel Azcona, torilero en San Ferm\u00edn y corredor \u00abdecano\u00bb de los encierros: \u00abEn Pamplona no puede fallar nada\u00bb<strong>17.06.2024<\/strong><\/li><li><img decoding=\"async\" src=\"https:\/\/img.rtve.es\/n\/1168960?w=800&amp;preview=1435347346118.jpg\" alt=\"Pastores, los \u00e1rbitros de los encierros de San Ferm\u00edn\"><a href=\"https:\/\/www.rtve.es\/noticias\/20150704\/pastores-arbitros-encierros-san-fermin\/1168960.shtml\"><\/a>Pastores, los \u00e1rbitros de los encierros de San Ferm\u00edn<strong>04.07.2015<\/strong><\/li><li><img decoding=\"async\" src=\"https:\/\/img.rtve.es\/n\/16153555?w=800&amp;preview=01718784195194.jpg\" alt=\"La plaza de los Fueros se cerrar\u00e1 al p\u00fablico durante algunos eventos de Sanfermines 2024\"><a href=\"https:\/\/www.rtve.es\/noticias\/20240619\/plaza-fueros-se-cerrara-publico-durante-algunos-eventos-sanfermines-2024\/16153555.shtml\"><\/a>La plaza de los Fueros se cerrar\u00e1 al p\u00fablico durante algunos eventos de Sanfermines 2024<strong>19.06.2024<\/strong><\/li><li><img decoding=\"async\" src=\"https:\/\/img.rtve.es\/n\/16146385?w=800&amp;preview=01718291005470.jpg\" alt=\"Pamplona ofrece otra forma de vivir San Ferm\u00edn 2024 a trav\u00e9s de una exposici\u00f3n inmersiva\"><a href=\"https:\/\/www.rtve.es\/noticias\/20240613\/sanfermines-2024-suman-nueva-forma-vivir-fiestas-a-traves-centro-inmersivo-pamplona\/16146385.shtml\"><\/a>Pamplona ofrece otra forma de vivir San Ferm\u00edn 2024 a trav\u00e9s de una exposici\u00f3n inmersiva<strong>13.06.2024<\/strong><\/li><\/ul>\n\n\n\n<p><\/p>\n\n\n\n<p>Fuente: <a href=\"https:\/\/www.rtve.es\/noticias\/20240703\/san-fermin-2024-pastores-encierros-entrevista-miguel-reta\/16155030.shtml\">https:\/\/www.rtve.es\/noticias\/20240703\/san-fermin-2024-pastores-encierros-entrevista-miguel-reta\/16155030.shtml<\/a><\/p>\n","protected":false},"excerpt":{"rendered":"<p>Es uno de los rostros protagonistas de los Sanfermines al que decenas de corredores acuden a saludar antes del encierro [&hellip;]<\/p>\n","protected":false},"author":1,"featured_media":78728,"comment_status":"open","ping_status":"open","sticky":false,"template":"","format":"standard","meta":{"site-sidebar-layout":"default","site-content-layout":"","ast-site-content-layout":"default","site-content-style":"default","site-sidebar-style":"default","ast-global-header-display":"","ast-banner-title-visibility":"","ast-main-header-display":"","ast-hfb-above-header-display":"","ast-hfb-below-header-display":"","ast-hfb-mobile-header-display":"","site-post-title":"","ast-breadcrumbs-content":"","ast-featured-img":"","footer-sml-layout":"","theme-transparent-header-meta":"","adv-header-id-meta":"","stick-header-meta":"","header-above-stick-meta":"","header-main-stick-meta":"","header-below-stick-meta":"","astra-migrate-meta-layouts":"default","ast-page-background-enabled":"default","ast-page-background-meta":{"desktop":{"background-color":"var(--ast-global-color-4)","background-image":"","background-repeat":"repeat","background-position":"center center","background-size":"auto","background-attachment":"scroll","background-type":"","background-media":"","overlay-type":"","overlay-color":"","overlay-opacity":"","overlay-gradient":""},"tablet":{"background-color":"","background-image":"","background-repeat":"repeat","background-position":"center center","background-size":"auto","background-attachment":"scroll","background-type":"","background-media":"","overlay-type":"","overlay-color":"","overlay-opacity":"","overlay-gradient":""},"mobile":{"background-color":"","background-image":"","background-repeat":"repeat","background-position":"center center","background-size":"auto","background-attachment":"scroll","background-type":"","background-media":"","overlay-type":"","overlay-color":"","overlay-opacity":"","overlay-gradient":""}},"ast-content-background-meta":{"desktop":{"background-color":"var(--ast-global-color-5)","background-image":"","background-repeat":"repeat","background-position":"center center","background-size":"auto","background-attachment":"scroll","background-type":"","background-media":"","overlay-type":"","overlay-color":"","overlay-opacity":"","overlay-gradient":""},"tablet":{"background-color":"var(--ast-global-color-5)","background-image":"","background-repeat":"repeat","background-position":"center center","background-size":"auto","background-attachment":"scroll","background-type":"","background-media":"","overlay-type":"","overlay-color":"","overlay-opacity":"","overlay-gradient":""},"mobile":{"background-color":"var(--ast-global-color-5)","background-image":"","background-repeat":"repeat","background-position":"center center","background-size":"auto","background-attachment":"scroll","background-type":"","background-media":"","overlay-type":"","overlay-color":"","overlay-opacity":"","overlay-gradient":""}},"footnotes":""},"categories":[8],"tags":[27046,2536,27047],"class_list":["post-78724","post","type-post","status-publish","format-standard","has-post-thumbnail","hentry","category-noticias","tag-miguel-reta","tag-pamplonada","tag-san-fermin-2024"],"_links":{"self":[{"href":"https:\/\/losperiodistas.com.mx\/portal\/wp-json\/wp\/v2\/posts\/78724","targetHints":{"allow":["GET"]}}],"collection":[{"href":"https:\/\/losperiodistas.com.mx\/portal\/wp-json\/wp\/v2\/posts"}],"about":[{"href":"https:\/\/losperiodistas.com.mx\/portal\/wp-json\/wp\/v2\/types\/post"}],"author":[{"embeddable":true,"href":"https:\/\/losperiodistas.com.mx\/portal\/wp-json\/wp\/v2\/users\/1"}],"replies":[{"embeddable":true,"href":"https:\/\/losperiodistas.com.mx\/portal\/wp-json\/wp\/v2\/comments?post=78724"}],"version-history":[{"count":1,"href":"https:\/\/losperiodistas.com.mx\/portal\/wp-json\/wp\/v2\/posts\/78724\/revisions"}],"predecessor-version":[{"id":78731,"href":"https:\/\/losperiodistas.com.mx\/portal\/wp-json\/wp\/v2\/posts\/78724\/revisions\/78731"}],"wp:featuredmedia":[{"embeddable":true,"href":"https:\/\/losperiodistas.com.mx\/portal\/wp-json\/wp\/v2\/media\/78728"}],"wp:attachment":[{"href":"https:\/\/losperiodistas.com.mx\/portal\/wp-json\/wp\/v2\/media?parent=78724"}],"wp:term":[{"taxonomy":"category","embeddable":true,"href":"https:\/\/losperiodistas.com.mx\/portal\/wp-json\/wp\/v2\/categories?post=78724"},{"taxonomy":"post_tag","embeddable":true,"href":"https:\/\/losperiodistas.com.mx\/portal\/wp-json\/wp\/v2\/tags?post=78724"}],"curies":[{"name":"wp","href":"https:\/\/api.w.org\/{rel}","templated":true}]}}