{"id":78708,"date":"2024-07-04T12:37:13","date_gmt":"2024-07-04T17:37:13","guid":{"rendered":"https:\/\/losperiodistas.com.mx\/portal\/?p=78708"},"modified":"2024-07-04T12:37:15","modified_gmt":"2024-07-04T17:37:15","slug":"harfuch-a-la-sspc-rosa-icela-rodriguez-a-gobernacion-sheinbaum-la-jornada%ef%bf%bc","status":"publish","type":"post","link":"https:\/\/losperiodistas.com.mx\/portal\/harfuch-a-la-sspc-rosa-icela-rodriguez-a-gobernacion-sheinbaum-la-jornada%ef%bf%bc\/","title":{"rendered":"Harfuch, a la SSPC; Rosa Icela Rodr\u00edguez, a Gobernaci\u00f3n: Sheinbaum | La Jornada\ufffc"},"content":{"rendered":"\n<figure class=\"wp-block-image size-large\"><img fetchpriority=\"high\" decoding=\"async\" width=\"1024\" height=\"564\" src=\"https:\/\/losperiodistas.com.mx\/portal\/wp-content\/uploads\/2024\/07\/Captura-de-Pantalla-2024-07-04-a-las-11.31.56-1024x564.jpg\" alt=\"\" class=\"wp-image-78709\" srcset=\"https:\/\/losperiodistas.com.mx\/portal\/wp-content\/uploads\/2024\/07\/Captura-de-Pantalla-2024-07-04-a-las-11.31.56-1024x564.jpg 1024w, https:\/\/losperiodistas.com.mx\/portal\/wp-content\/uploads\/2024\/07\/Captura-de-Pantalla-2024-07-04-a-las-11.31.56-300x165.jpg 300w, https:\/\/losperiodistas.com.mx\/portal\/wp-content\/uploads\/2024\/07\/Captura-de-Pantalla-2024-07-04-a-las-11.31.56-768x423.jpg 768w, https:\/\/losperiodistas.com.mx\/portal\/wp-content\/uploads\/2024\/07\/Captura-de-Pantalla-2024-07-04-a-las-11.31.56-1536x846.jpg 1536w, https:\/\/losperiodistas.com.mx\/portal\/wp-content\/uploads\/2024\/07\/Captura-de-Pantalla-2024-07-04-a-las-11.31.56.jpg 1598w\" sizes=\"(max-width: 1024px) 100vw, 1024px\" \/><figcaption>Al centro, la virtual presidenta electa, Claudia Sheinbaum, durante el nombramiento de cuatro nuevos integrantes de su gabinete. Imagen tomada de la transmisi\u00f3n en vivo<\/figcaption><\/figure>\n\n\n\n<p class=\"has-vivid-red-color has-text-color has-medium-font-size\"><strong>La Jornada En L\u00ednea<\/strong><\/p>\n\n\n\n<p>En el anuncio de su tercer bloque de integrantes de su gabinete, la virtual presidenta electa, Claudia Sheinbaum nombr\u00f3 a Omar Garc\u00eda Harfuch como secretario de Seguridad y Protecci\u00f3n Ciudadana.&nbsp;<\/p>\n\n\n\n<p>La actual funcionaria en esa dependencia, Rosa Icela Rodr\u00edguez ocupar\u00e1 la Secretar\u00eda de Gobernaci\u00f3n en el siguiente sexenio.&nbsp;<\/p>\n\n\n\n<p>Por su parte Ariadna Montiel, titular de la Secretar\u00eda del Bienestar, repetir\u00e1 el cargo en el gobierno entrante.&nbsp;<\/p>\n\n\n\n<p>Mario Delgado, dirigente nacional de Morena, fue nombrado como secretario de Educaci\u00f3n P\u00fablica.\u00a0<\/p>\n\n\n\n<p>NOTAS RELACIONADAS<\/p>\n\n\n\n<figure class=\"wp-block-image\"><a href=\"https:\/\/www.jornada.com.mx\/noticia\/2024\/07\/04\/politica\/arriban-harfuch-delgado-montiel-y-rosa-icela-rodriguez-al-mide-2849\"><img decoding=\"async\" src=\"https:\/\/www.jornada.com.mx\/ndjsimg\/images\/jornada\/jornadaimg\/arriban-harfuch-delgado-montiel-y-rosa-icela-rodriguez-al-mide-2849\/arriban-harfuch-delgado-montiel-y-rosa-icela-rodriguez-al-mide-2849html-ariadna-montiel-1jpg-2251html-f1b4aa31-823a-4e42-babd-ddc474af1b84.jpg\" alt=\"\"\/><\/a><\/figure>\n\n\n\n<h3 class=\"wp-block-heading\"><a href=\"https:\/\/www.jornada.com.mx\/noticia\/2024\/07\/04\/politica\/arriban-harfuch-delgado-montiel-y-rosa-icela-rodriguez-al-mide-2849\">Arriban Harfuch, Delgado, Montiel y Rosa Icela Rodr\u00edguez al MIDE<\/a><\/h3>\n\n\n\n<p>Fuente: <a href=\"https:\/\/www.jornada.com.mx\/noticia\/2024\/07\/04\/politica\/harfuch-secretario-de-seguridad-rosa-icela-rodriguez-gobernacion-sheinbaum-5918\">https:\/\/www.jornada.com.mx\/noticia\/2024\/07\/04\/politica\/harfuch-secretario-de-seguridad-rosa-icela-rodriguez-gobernacion-sheinbaum-5918<\/a><\/p>\n","protected":false},"excerpt":{"rendered":"<p>La Jornada En L\u00ednea En el anuncio de su tercer bloque de integrantes de su gabinete, la virtual presidenta electa, [&hellip;]<\/p>\n","protected":false},"author":1,"featured_media":78709,"comment_status":"open","ping_status":"open","sticky":false,"template":"","format":"standard","meta":{"site-sidebar-layout":"default","site-content-layout":"","ast-site-content-layout":"default","site-content-style":"default","site-sidebar-style":"default","ast-global-header-display":"","ast-banner-title-visibility":"","ast-main-header-display":"","ast-hfb-above-header-display":"","ast-hfb-below-header-display":"","ast-hfb-mobile-header-display":"","site-post-title":"","ast-breadcrumbs-content":"","ast-featured-img":"","footer-sml-layout":"","theme-transparent-header-meta":"","adv-header-id-meta":"","stick-header-meta":"","header-above-stick-meta":"","header-main-stick-meta":"","header-below-stick-meta":"","astra-migrate-meta-layouts":"default","ast-page-background-enabled":"default","ast-page-background-meta":{"desktop":{"background-color":"var(--ast-global-color-4)","background-image":"","background-repeat":"repeat","background-position":"center center","background-size":"auto","background-attachment":"scroll","background-type":"","background-media":"","overlay-type":"","overlay-color":"","overlay-opacity":"","overlay-gradient":""},"tablet":{"background-color":"","background-image":"","background-repeat":"repeat","background-position":"center center","background-size":"auto","background-attachment":"scroll","background-type":"","background-media":"","overlay-type":"","overlay-color":"","overlay-opacity":"","overlay-gradient":""},"mobile":{"background-color":"","background-image":"","background-repeat":"repeat","background-position":"center center","background-size":"auto","background-attachment":"scroll","background-type":"","background-media":"","overlay-type":"","overlay-color":"","overlay-opacity":"","overlay-gradient":""}},"ast-content-background-meta":{"desktop":{"background-color":"var(--ast-global-color-5)","background-image":"","background-repeat":"repeat","background-position":"center center","background-size":"auto","background-attachment":"scroll","background-type":"","background-media":"","overlay-type":"","overlay-color":"","overlay-opacity":"","overlay-gradient":""},"tablet":{"background-color":"var(--ast-global-color-5)","background-image":"","background-repeat":"repeat","background-position":"center center","background-size":"auto","background-attachment":"scroll","background-type":"","background-media":"","overlay-type":"","overlay-color":"","overlay-opacity":"","overlay-gradient":""},"mobile":{"background-color":"var(--ast-global-color-5)","background-image":"","background-repeat":"repeat","background-position":"center center","background-size":"auto","background-attachment":"scroll","background-type":"","background-media":"","overlay-type":"","overlay-color":"","overlay-opacity":"","overlay-gradient":""}},"footnotes":""},"categories":[8],"tags":[10946,2324,27037,6167],"class_list":["post-78708","post","type-post","status-publish","format-standard","has-post-thumbnail","hentry","category-noticias","tag-ariadna-montiel","tag-mario-delgado","tag-omar-harfuch","tag-rosa-icela-rodriguez"],"_links":{"self":[{"href":"https:\/\/losperiodistas.com.mx\/portal\/wp-json\/wp\/v2\/posts\/78708","targetHints":{"allow":["GET"]}}],"collection":[{"href":"https:\/\/losperiodistas.com.mx\/portal\/wp-json\/wp\/v2\/posts"}],"about":[{"href":"https:\/\/losperiodistas.com.mx\/portal\/wp-json\/wp\/v2\/types\/post"}],"author":[{"embeddable":true,"href":"https:\/\/losperiodistas.com.mx\/portal\/wp-json\/wp\/v2\/users\/1"}],"replies":[{"embeddable":true,"href":"https:\/\/losperiodistas.com.mx\/portal\/wp-json\/wp\/v2\/comments?post=78708"}],"version-history":[{"count":1,"href":"https:\/\/losperiodistas.com.mx\/portal\/wp-json\/wp\/v2\/posts\/78708\/revisions"}],"predecessor-version":[{"id":78710,"href":"https:\/\/losperiodistas.com.mx\/portal\/wp-json\/wp\/v2\/posts\/78708\/revisions\/78710"}],"wp:featuredmedia":[{"embeddable":true,"href":"https:\/\/losperiodistas.com.mx\/portal\/wp-json\/wp\/v2\/media\/78709"}],"wp:attachment":[{"href":"https:\/\/losperiodistas.com.mx\/portal\/wp-json\/wp\/v2\/media?parent=78708"}],"wp:term":[{"taxonomy":"category","embeddable":true,"href":"https:\/\/losperiodistas.com.mx\/portal\/wp-json\/wp\/v2\/categories?post=78708"},{"taxonomy":"post_tag","embeddable":true,"href":"https:\/\/losperiodistas.com.mx\/portal\/wp-json\/wp\/v2\/tags?post=78708"}],"curies":[{"name":"wp","href":"https:\/\/api.w.org\/{rel}","templated":true}]}}