{"id":78705,"date":"2024-07-04T12:18:48","date_gmt":"2024-07-04T17:18:48","guid":{"rendered":"https:\/\/losperiodistas.com.mx\/portal\/?p=78705"},"modified":"2024-07-04T12:18:50","modified_gmt":"2024-07-04T17:18:50","slug":"el-guru-de-la-comunicacion-sergio-roitberg-acabamos-de-vivir-la-mayor-revolucion-colectiva-de-la-historia-enclave-ods","status":"publish","type":"post","link":"https:\/\/losperiodistas.com.mx\/portal\/el-guru-de-la-comunicacion-sergio-roitberg-acabamos-de-vivir-la-mayor-revolucion-colectiva-de-la-historia-enclave-ods\/","title":{"rendered":"El gur\u00fa de la comunicaci\u00f3n Sergio Roitberg: \u201cAcabamos de vivir la mayor revoluci\u00f3n colectiva de la historia\u201d | Enclave ODS"},"content":{"rendered":"\n<h2 class=\"wp-block-heading\">Al ritmo&nbsp;de rock and roll, el fundador y CEO de la consultora Newlink analiza el pasado, presente y futuro de las relaciones humanas y empresariales.&nbsp;<\/h2>\n\n\n\n<figure class=\"wp-block-image size-large\"><img fetchpriority=\"high\" decoding=\"async\" width=\"1024\" height=\"576\" src=\"https:\/\/losperiodistas.com.mx\/portal\/wp-content\/uploads\/2024\/07\/867424140_247467666_1706x960-1024x576.jpg\" alt=\"\" class=\"wp-image-78706\" srcset=\"https:\/\/losperiodistas.com.mx\/portal\/wp-content\/uploads\/2024\/07\/867424140_247467666_1706x960-1024x576.jpg 1024w, https:\/\/losperiodistas.com.mx\/portal\/wp-content\/uploads\/2024\/07\/867424140_247467666_1706x960-300x169.jpg 300w, https:\/\/losperiodistas.com.mx\/portal\/wp-content\/uploads\/2024\/07\/867424140_247467666_1706x960-768x432.jpg 768w, https:\/\/losperiodistas.com.mx\/portal\/wp-content\/uploads\/2024\/07\/867424140_247467666_1706x960-1536x864.jpg 1536w, https:\/\/losperiodistas.com.mx\/portal\/wp-content\/uploads\/2024\/07\/867424140_247467666_1706x960.jpg 1706w\" sizes=\"(max-width: 1024px) 100vw, 1024px\" \/><\/figure>\n\n\n\n<p><\/p>\n\n\n\n<p class=\"has-vivid-red-color has-text-color has-medium-font-size\"><strong>Rub\u00e9n Fern\u00e1nez-Costa \/ Enclave ODS<\/strong><\/p>\n\n\n\n<p id=\"paragraph_1\"><strong>Sergio Roitberg<\/strong>&nbsp;es el fundador y CEO de la&nbsp;<a href=\"https:\/\/www.elespanol.com\/malaga\/malaga-ciudad\/20220224\/consultora-internacional-newlink-group-malaga-tercera-oficina-espana\/652684905_0.html\">consultora Newlink<\/a>, con sede en EEUU y oficinas en M\u00e9xico, Argentina, Per\u00fa o Espa\u00f1a, entre otros pa\u00edses. Hasta finales del siglo pasado,&nbsp;<strong>fue corresponsal y presentador de noticias en medios como CNN o CBS en Estados Unidos y Argentina<\/strong>.<\/p>\n\n\n\n<p id=\"paragraph_2\">En su carrera, gan\u00f3 dos premios Emmy y fue cinco veces nominado. Luego, lleg\u00f3 un cambio en su visi\u00f3n.&nbsp;<strong>\u00c9l mismo explica que entendi\u00f3 que ten\u00eda que \u00abpensar\u00bb sobre lo que estaba viviendo.<\/strong><\/p>\n\n\n\n<p id=\"paragraph_3\">Este gur\u00fa de la comunicaci\u00f3n que asesora a empresas como Netflix, Grupo Swatch, Finetwork, Turismo de Costa Rica o Tabacalera reivindica que para conseguir el avance social es necesario un nuevo\u00a0<em>\u00abmindset\u00bb,<\/em>\u00a0un cambio de mentalidad.<\/p>\n\n\n\n<p id=\"paragraph_3\"><a href=\"https:\/\/www.elespanol.com\/enclave-ods\/noticias\/20230920\/dircom-propone-adoptar-nuevo-ods-garantice-derecho-personas-entender-informacion\/795920728_0.html\">[Dircom propone adoptar un nuevo ODS 18 que garantice el derecho de las personas a entender la informaci\u00f3n]<\/a><\/p>\n\n\n\n<p id=\"paragraph_4\"><strong>\u00bfCu\u00e1l ser\u00eda la m\u00fasica que elegir\u00eda para contar su historia?<\/strong><\/p>\n\n\n\n<p id=\"paragraph_5\">No ser\u00eda reggaeton definitivamente [se r\u00ede]. Es un buen ejercicio. Es tentador decir que ser\u00eda una \u00f3pera, pero ser\u00eda injusto, por los finales. En verdad mi historia tendr\u00eda la intensidad del rock and roll. Fui periodista un buen rato, solo que en un momento dado decid\u00ed aportar m\u00e1s de m\u00ed desde otro lugar que pens\u00e9 que era necesario.<\/p>\n\n\n\n<p id=\"paragraph_6\"><strong>La curiosidad, el inconformismo cr\u00f3nico<\/strong>, eso sigue ah\u00ed: juego al tenis pensando en la pr\u00f3xima pelota. Siempre celebro cada etapa que cierro pensando en el pr\u00f3ximo desaf\u00edo. Quiz\u00e1s esa intensidad en continuidad la tiene el rock and roll.<\/p>\n\n\n\n<p id=\"paragraph_7\"><strong>Pas\u00f3 de periodista a experto en comunicaci\u00f3n. \u00bfEse momento de cambio de ocupaci\u00f3n fue una revelaci\u00f3n o algo gradual?<\/strong><\/p>\n\n\n\n<p id=\"paragraph_8\">Newlink naci\u00f3 a finales del siglo pasado en una sala de redacci\u00f3n, viendo c\u00f3mo tantas buenas iniciativas e inquietudes informativas terminaban en la papelera. Me di cuenta de que la l\u00f3gica de la mayor\u00eda de las instituciones, los gobiernos y de muchas empresas era anacr\u00f3nica, haciendo llegar a las redacciones miles de textos con la misma estructura; daba igual que se tratara de un s\u00e1ndwich o de una invasi\u00f3n.<\/p>\n\n\n\n<p id=\"paragraph_9\">Primero reflexionamos acerca de c\u00f3mo ayudar a las empresas a conectarse mejor con la televisi\u00f3n y la radio, luego la evoluci\u00f3n natural nos llev\u00f3 a internet y el&nbsp;<em>puntocom,<\/em>&nbsp;a lo que se llam\u00f3 PR y&nbsp;<em>social media<\/em>\u2026 y<strong>&nbsp;eso nos hizo llegar a una forma diferente de pensar, ejecutar y planear<\/strong>.<\/p>\n\n\n\n<blockquote class=\"wp-block-quote has-text-align-center is-layout-flow wp-block-quote-is-layout-flow\"><p><strong><em>La l\u00f3gica de la mayor\u00eda de las instituciones, los gobiernos y de muchas empresas era anacr\u00f3nica, haciendo llegar a las redacciones miles de textos con la misma estructura; daba igual que se tratara de un s\u00e1ndwich o de una invasi\u00f3n<\/em><\/strong><\/p><p><strong><em>Sergio Roitberg, CEO de Newlink<\/em><\/strong><\/p><\/blockquote>\n\n\n\n<p id=\"paragraph_10\">Hoy somos una empresa con mentalidad consultiva que se dedica fundamentalmente al&nbsp;<em>engagement,<\/em>&nbsp;a buscar el compromiso entre marcas y consumidores, y el<em>&nbsp;orbital thinking<\/em>&nbsp;es nuestra religi\u00f3n.<\/p>\n\n\n\n<p id=\"paragraph_11\"><strong>\u00bfQu\u00e9 es ese&nbsp;<em>orbital thinking<\/em>?<\/strong><\/p>\n\n\n\n<p id=\"paragraph_12\">Hemos vivido una recategorizaci\u00f3n de lo que llam\u00e1bamos&nbsp;<em>target:<\/em>&nbsp;esos grupos de personas catalogadas por sus niveles de ingresos, costumbres, aspiraciones\u2026&nbsp;<em>Mad Men,<\/em>&nbsp;por resumirlo de alguna manera. Hoy ya no funciona as\u00ed. Hoy en d\u00eda&nbsp;<strong>todos los que tenemos un tel\u00e9fono en la mano somos&nbsp;<em>power actors<\/em><\/strong>, personas a las que no les gusta que las capturen ni empujen\u2026 pero que s\u00ed queremos colaborar y participar y estamos abiertas a que de alguna forma se conecten con nosotros. Todos somos poderosos.<\/p>\n\n\n\n<h3 class=\"wp-block-heading\">La comunicaci\u00f3n es religi\u00f3n<\/h3>\n\n\n\n<p id=\"paragraph_13\"><strong>\u00bfY dice que es una religi\u00f3n?<\/strong><\/p>\n\n\n\n<p id=\"paragraph_14\">En toda esta evoluci\u00f3n hay que encontrar una forma diferente de pensar en t\u00e9rminos de comunicaci\u00f3n, un&nbsp;<em>orbital thinking<\/em>. Es nuestra religi\u00f3n. Es nuestro credo, al que nos conectamos y entendemos.&nbsp;<strong>Las religiones son bastante b\u00e1sicas, luego se van llenando de elementos de liturgia o&nbsp;<\/strong><em><strong>marketing<\/strong>,<\/em>&nbsp;para soportar la teor\u00eda.<\/p>\n\n\n\n<p id=\"paragraph_15\">Se trata de encontrar un prop\u00f3sito compartido. Lo hacemos con una<em>&nbsp;orbital strategy,<\/em>&nbsp;que es una metodolog\u00eda colaborativa y uno de los pilares de este movimiento es esa colaboraci\u00f3n; ahora se han democratizado los accesos.<\/p>\n\n\n\n<p id=\"paragraph_16\"><strong>\u00bfHan ido los grandes cambios comunicativos asociados a los avances&nbsp;<em>tech?<\/em><\/strong><\/p>\n\n\n\n<p id=\"paragraph_17\">La tecnolog\u00eda y su adopci\u00f3n han marcado grandes transformaciones, eso sin duda. Pero, adem\u00e1s, tratamos de ir m\u00e1s all\u00e1. Nos preguntamos: si el mundo cambi\u00f3 tanto, \u00bfpor qu\u00e9 seguimos con la misma l\u00f3gica? Y la respuesta es que, por un lado, porque no hay mucha gente que le dedique tiempo a pensar una nueva l\u00f3gica. Por otro, comenzamos con el pensamiento orbital; ah\u00ed nace el gran cambio y transformaci\u00f3n de la empresa que tenemos.<\/p>\n\n\n\n<p id=\"paragraph_18\"><strong>\u00bfCu\u00e1l es la clave de la comunicaci\u00f3n efectiva entonces?<\/strong><\/p>\n\n\n\n<p id=\"paragraph_19\">Encontrar un prop\u00f3sito compartido, conectar con esa ra\u00edz com\u00fan y subir como si fuera un ascensor para que, al final del d\u00eda, exista una aut\u00e9ntica conexi\u00f3n&nbsp;<em>(engagement),<\/em>&nbsp;el&nbsp;<em>end game<\/em>&nbsp;que buscamos todos. Es un nivel evolutivo de lo que siempre fue la comunicaci\u00f3n.<\/p>\n\n\n\n<p id=\"paragraph_20\"><strong>\u00bfDe nuevo una revoluci\u00f3n en la forma de comunicar?<\/strong><\/p>\n\n\n\n<p id=\"paragraph_21\">Pasamos de lo anal\u00f3gico a lo digital y de ah\u00ed al&nbsp;<em>social media.<\/em>&nbsp;Ahora estamos entrando en la historia de la IA. A\u00fan estamos ri\u00e9ndonos de lo que puede hacerse, como cuando us\u00e1bamos el&nbsp;<em>netscape<\/em>&nbsp;para cosas muy b\u00e1sicas en internet hace 25 a\u00f1os. Pero&nbsp;<strong>una transformaci\u00f3n mayor est\u00e1 en camino<\/strong>.<\/p>\n\n\n\n<p id=\"paragraph_22\"><strong>\u00bfC\u00f3mo se puede encontrar un prop\u00f3sito compartido entre una empresa o instituci\u00f3n y muchas personas? Parece muy dif\u00edcil\u2026<\/strong><\/p>\n\n\n\n<p id=\"paragraph_23\">El prop\u00f3sito compartido es el ADN de cualquier conexi\u00f3n, est\u00e1 en el medio entre el inter\u00e9s particular y el de la sociedad. Si yo encuentro un espacio, sin olvidarme de mis intereses particulares, y genero un lugar en el medio entre el inter\u00e9s particular y colectivo, esa es la clave.<img decoding=\"async\" alt=\"Sergio Roitberf durante una presentaci\u00f3n\" height=\"180\" src=\"https:\/\/s1.elespanol.com\/2024\/07\/02\/actualidad\/867424144_247467783_1024x576.jpg\" srcset=\"https:\/\/s1.elespanol.com\/2024\/07\/02\/actualidad\/867424144_247467786_320x180.jpg 320w, https:\/\/s1.elespanol.com\/2024\/07\/02\/actualidad\/867424144_247467785_640x360.jpg 640w, https:\/\/s1.elespanol.com\/2024\/07\/02\/actualidad\/867424144_247467784_864x486.jpg 864w, https:\/\/s1.elespanol.com\/2024\/07\/02\/actualidad\/867424144_247467783_1024x576.jpg 1024w, https:\/\/s1.elespanol.com\/2024\/07\/02\/actualidad\/867424144_247467782_1706x960.jpg 1706w\" width=\"320\"><\/p>\n\n\n\n<p>Sergio Roitberf durante una presentaci\u00f3n&nbsp;Europa Press<\/p>\n\n\n\n<p id=\"paragraph_24\">Antes divid\u00edamos a la gente por grupos, por edad e ingresos, y les d\u00e1bamos informaci\u00f3n pautada. Hoy la mezcla de insights y data permite generar una comunicaci\u00f3n personalizada con&nbsp;<em>power actors<\/em>&nbsp;que aluda a ese espacio com\u00fan.<\/p>\n\n\n\n<p id=\"paragraph_25\"><strong>\u00bfEn qu\u00e9 consiste ese proceso?<\/strong><\/p>\n\n\n\n<p id=\"paragraph_26\">Desde el punto de vista de una empresa,&nbsp;<strong>pensamos diferente, planeamos diferente y ejecutamos diferente<\/strong>. Comenzamos analizando: mapeamos los valores (dolores\/necesidades) y, a trav\u00e9s de una f\u00f3rmula b\u00e1sica (talento y herramientas elevados a un proceso), desarrollamos \u2018medicinas\u2019 para que el m\u00e9dico, en este caso el consultor, proponga un tratamiento con seis meses de un producto, con herramientas y proceso.<\/p>\n\n\n\n<p id=\"paragraph_27\"><strong>\u00bfPuede darnos un ejemplo de esta f\u00f3rmula?<\/strong><\/p>\n\n\n\n<p id=\"paragraph_28\">Soy un fan\u00e1tico de las dietas. A menudo se basan en una metodolog\u00eda muy b\u00e1sica, que tiene esos tres elementos: talento, herramientas y proceso. Un programa de dietas est\u00e1 basado en talento, gente que te ayuda en terapias de grupo; tiene herramientas, por ejemplo, la aplicaci\u00f3n que te dice las calor\u00edas; y tiene un proceso.<\/p>\n\n\n\n<p id=\"paragraph_29\">Los seres humanos somos muy parecidos. Tenemos matices, compartimos necesidades, que se manifiestan en distintos momentos, algunas m\u00e1s atenuadas que otras, pero podemos trazar par\u00e1metros comunes. Todos vivimos en un lugar, vamos a por comida, entramos de nuevo en casa. Otro ejemplo claro es la moda, que es tremendamente creativa, pero el negocio del pr\u00eat-\u00e0-porter, siendo muy creativo, sistematiz\u00f3 un modelo: identificaron las necesidades, capturaron los gustos, y crearon productos cada temporada.<\/p>\n\n\n\n<p id=\"paragraph_30\"><strong>En su libro&nbsp;<em>Expuestos<\/em>&nbsp;(Penguin, 2018) analiz\u00f3 c\u00f3mo corporaciones y gobiernos deb\u00edan abordar la erupci\u00f3n de los medios sociales y digitales. Hablaba de la importancia de la transparencia.<\/strong><\/p>\n\n\n\n<p id=\"paragraph_31\">La mejor manera de ayudar a los dem\u00e1s es anticiparse. En nuestro caso, estamos atentos a reputaci\u00f3n, marca y cultura.&nbsp;<strong>En este nuevo orden, ser aut\u00e9ntico y genuino es fundamenta<\/strong>l. Hoy en d\u00eda lo m\u00e1s importante es que todo lo que yo vaya a hacer tengo que estar dispuesto a contarlo.<\/p>\n\n\n\n<p id=\"paragraph_32\">Si no estoy dispuesto, mejor no lo hago. Hay nuevas reglas. No es lo que digo, es lo que hago. Pensar que no se va a descubrir no es buen consejo. Antes se trataba de ser consecuentes con lo que dec\u00edamos o maquillarlo. Hoy vivimos en otra esfera doble.<\/p>\n\n\n\n<p id=\"paragraph_33\"><strong>\u00bfA qu\u00e9 se refiere como esfera doble?<\/strong><\/p>\n\n\n\n<p id=\"paragraph_34\">A una \u00f3rbita primaria (contactos existentes) y a otra potencial (los que no tengo). El sol es el prop\u00f3sito compartido, algo mucho m\u00e1s profundo que el mensaje. Adem\u00e1s, voy a tener todos los medios para poder impactar\u2026 hay que hacer muchas concesiones y consensos para que sea neur\u00e1lgico: el espacio medio entre el inter\u00e9s particular y el colectivo.<\/p>\n\n\n\n<p id=\"paragraph_34\"><a href=\"https:\/\/www.elespanol.com\/enclave-ods\/opinion\/20220216\/comunicacion-crear-nueva-cultura-basada-impacto-positivo-ods\/650564943_13.html\">[Comunicaci\u00f3n para crear una nueva cultura basada en el impacto positivo y los ODS]<\/a><\/p>\n\n\n\n<p id=\"paragraph_35\">Y hay que tener en cuenta que&nbsp;<strong>el prop\u00f3sito no es un eslogan<\/strong>. Gran parte de nuestras interacciones ya son digitales: impactar en esas dos \u00f3rbitas reemplaza el anterior concepto de 360\u00ba. Sin estos preceptos, ninguna iniciativa de comunicaci\u00f3n va a ser exitosa.<\/p>\n\n\n\n<h3 class=\"wp-block-heading\">El cambio<\/h3>\n\n\n\n<p id=\"paragraph_36\"><strong>\u00bfQu\u00e9 importancia tienen los procesos de cambio?<\/strong><\/p>\n\n\n\n<p id=\"paragraph_37\">La mayor\u00eda de las instituciones y empresas necesitar\u00e1n transformaciones digitales o, con relaci\u00f3n a la sostenibilidad, por ejemplo, que no dejan de ser cambios culturales. Tenemos que generar&nbsp;<em>awareness,<\/em>&nbsp;conciencia, de que el cambio es importante, pero con herramientas y productos.<\/p>\n\n\n\n<p id=\"paragraph_38\"><strong>\u00bfC\u00f3mo podemos empatizar con lo nuevo?<\/strong><\/p>\n\n\n\n<p id=\"paragraph_39\">Empatizar con&nbsp;<strong>lo nuevo es m\u00e1s sexy<\/strong>&nbsp;que con el pasado. Hay que conseguir que las personas sepan que el tren al que se les ofrece subir va a llevarles a un lugar mejor. Hoy en d\u00eda todos somos otras personas. Queremos tiempo de vida personal, hemos cambiado en los \u00faltimos tiempos, buscamos un espacio seguro, una ilusi\u00f3n pero con seguridad.<\/p>\n\n\n\n<p id=\"paragraph_40\"><strong>\u00bfLa pandemia nos convirti\u00f3 en otras personas?<\/strong><\/p>\n\n\n\n<p id=\"paragraph_41\">La mayor revoluci\u00f3n colectiva y m\u00e1s democr\u00e1tica de la historia la acabamos de vivir hace poco. Ha sido la pandemia. Con ella se produjo&nbsp;<strong>el cambio m\u00e1s relevante de los \u00faltimos tiempos<\/strong>. Mi pr\u00f3ximo libro se titula<em>&nbsp;Somos otros<\/em>. Todos. Nadie quiere hablar de la pandemia, pero no estamos a\u00fan en condiciones de identificar el impacto.<\/p>\n\n\n\n<p id=\"paragraph_42\"><strong>\u00bfA qu\u00e9 se refiere?<\/strong><\/p>\n\n\n\n<p id=\"paragraph_43\">Lo que pas\u00f3 no se lo podemos contar a\u00fan a nadie. Lo vivimos todos. Nos encerramos, no sal\u00edamos de casa, ped\u00edamos\u00a0<em>delivery,<\/em>\u00a0ve\u00edamos Netflix e Instagram, nos comunic\u00e1bamos por Zoom o Teams\u2026 Algo que era antinatural pocos meses antes.\u00a0La mayor y m\u00e1s r\u00e1pida adopci\u00f3n en tecnolog\u00eda sucedi\u00f3 en pandemia.<\/p>\n\n\n\n<p id=\"paragraph_44\"><strong>\u00bfPor qu\u00e9?<\/strong><\/p>\n\n\n\n<p id=\"paragraph_45\">Porque entendimos la necesidad. Se nos bajaron las barreras que pod\u00edamos tener. Ah\u00ed empezaron a producirse grandes cambios: en t\u00e9rminos de adopci\u00f3n de tecnolog\u00eda, dos meses fueron equivalentes a cinco a\u00f1os, porque no ten\u00edamos opci\u00f3n. Eso quiere decir que\u00a0<strong>la mayor traba para los cambios somos nosotros<\/strong>.<\/p>\n\n\n\n<p>Fuente: <\/p>\n","protected":false},"excerpt":{"rendered":"<p>Al ritmo&nbsp;de rock and roll, el fundador y CEO de la consultora Newlink analiza el pasado, presente y futuro de [&hellip;]<\/p>\n","protected":false},"author":1,"featured_media":78706,"comment_status":"open","ping_status":"open","sticky":false,"template":"","format":"standard","meta":{"site-sidebar-layout":"default","site-content-layout":"","ast-site-content-layout":"default","site-content-style":"default","site-sidebar-style":"default","ast-global-header-display":"","ast-banner-title-visibility":"","ast-main-header-display":"","ast-hfb-above-header-display":"","ast-hfb-below-header-display":"","ast-hfb-mobile-header-display":"","site-post-title":"","ast-breadcrumbs-content":"","ast-featured-img":"","footer-sml-layout":"","theme-transparent-header-meta":"","adv-header-id-meta":"","stick-header-meta":"","header-above-stick-meta":"","header-main-stick-meta":"","header-below-stick-meta":"","astra-migrate-meta-layouts":"default","ast-page-background-enabled":"default","ast-page-background-meta":{"desktop":{"background-color":"var(--ast-global-color-4)","background-image":"","background-repeat":"repeat","background-position":"center center","background-size":"auto","background-attachment":"scroll","background-type":"","background-media":"","overlay-type":"","overlay-color":"","overlay-opacity":"","overlay-gradient":""},"tablet":{"background-color":"","background-image":"","background-repeat":"repeat","background-position":"center center","background-size":"auto","background-attachment":"scroll","background-type":"","background-media":"","overlay-type":"","overlay-color":"","overlay-opacity":"","overlay-gradient":""},"mobile":{"background-color":"","background-image":"","background-repeat":"repeat","background-position":"center center","background-size":"auto","background-attachment":"scroll","background-type":"","background-media":"","overlay-type":"","overlay-color":"","overlay-opacity":"","overlay-gradient":""}},"ast-content-background-meta":{"desktop":{"background-color":"var(--ast-global-color-5)","background-image":"","background-repeat":"repeat","background-position":"center center","background-size":"auto","background-attachment":"scroll","background-type":"","background-media":"","overlay-type":"","overlay-color":"","overlay-opacity":"","overlay-gradient":""},"tablet":{"background-color":"var(--ast-global-color-5)","background-image":"","background-repeat":"repeat","background-position":"center center","background-size":"auto","background-attachment":"scroll","background-type":"","background-media":"","overlay-type":"","overlay-color":"","overlay-opacity":"","overlay-gradient":""},"mobile":{"background-color":"var(--ast-global-color-5)","background-image":"","background-repeat":"repeat","background-position":"center center","background-size":"auto","background-attachment":"scroll","background-type":"","background-media":"","overlay-type":"","overlay-color":"","overlay-opacity":"","overlay-gradient":""}},"footnotes":""},"categories":[8],"tags":[27034,27036,27035],"class_list":["post-78705","post","type-post","status-publish","format-standard","has-post-thumbnail","hentry","category-noticias","tag-comunicacion-es-religion","tag-newlink","tag-sergio-roitberg"],"_links":{"self":[{"href":"https:\/\/losperiodistas.com.mx\/portal\/wp-json\/wp\/v2\/posts\/78705","targetHints":{"allow":["GET"]}}],"collection":[{"href":"https:\/\/losperiodistas.com.mx\/portal\/wp-json\/wp\/v2\/posts"}],"about":[{"href":"https:\/\/losperiodistas.com.mx\/portal\/wp-json\/wp\/v2\/types\/post"}],"author":[{"embeddable":true,"href":"https:\/\/losperiodistas.com.mx\/portal\/wp-json\/wp\/v2\/users\/1"}],"replies":[{"embeddable":true,"href":"https:\/\/losperiodistas.com.mx\/portal\/wp-json\/wp\/v2\/comments?post=78705"}],"version-history":[{"count":1,"href":"https:\/\/losperiodistas.com.mx\/portal\/wp-json\/wp\/v2\/posts\/78705\/revisions"}],"predecessor-version":[{"id":78707,"href":"https:\/\/losperiodistas.com.mx\/portal\/wp-json\/wp\/v2\/posts\/78705\/revisions\/78707"}],"wp:featuredmedia":[{"embeddable":true,"href":"https:\/\/losperiodistas.com.mx\/portal\/wp-json\/wp\/v2\/media\/78706"}],"wp:attachment":[{"href":"https:\/\/losperiodistas.com.mx\/portal\/wp-json\/wp\/v2\/media?parent=78705"}],"wp:term":[{"taxonomy":"category","embeddable":true,"href":"https:\/\/losperiodistas.com.mx\/portal\/wp-json\/wp\/v2\/categories?post=78705"},{"taxonomy":"post_tag","embeddable":true,"href":"https:\/\/losperiodistas.com.mx\/portal\/wp-json\/wp\/v2\/tags?post=78705"}],"curies":[{"name":"wp","href":"https:\/\/api.w.org\/{rel}","templated":true}]}}