{"id":78702,"date":"2024-07-04T11:48:06","date_gmt":"2024-07-04T16:48:06","guid":{"rendered":"https:\/\/losperiodistas.com.mx\/portal\/?p=78702"},"modified":"2024-07-04T11:48:08","modified_gmt":"2024-07-04T16:48:08","slug":"sabina-anuncia-su-gira-de-despedida-de-los-grandes-escenarios-entre-febrero-y-noviembre-de-2025-rtve","status":"publish","type":"post","link":"https:\/\/losperiodistas.com.mx\/portal\/sabina-anuncia-su-gira-de-despedida-de-los-grandes-escenarios-entre-febrero-y-noviembre-de-2025-rtve\/","title":{"rendered":"Sabina anuncia su gira de despedida de los grandes escenarios entre febrero y noviembre de 2025 | Rtve"},"content":{"rendered":"\n<ul class=\"has-luminous-vivid-amber-to-luminous-vivid-orange-gradient-background has-background has-medium-font-size wp-block-list\"><li>La gira &#8216;Hola y adi\u00f3s&#8217; comenzar\u00e1 en Am\u00e9rica para despu\u00e9s poner rumbo a Espa\u00f1a y Europa<\/li><li>El artista no descarta seguir dando conciertos en peque\u00f1os escenarios tras la gira<\/li><\/ul>\n\n\n\n<figure class=\"wp-block-image size-large\"><img fetchpriority=\"high\" decoding=\"async\" width=\"1024\" height=\"577\" src=\"https:\/\/losperiodistas.com.mx\/portal\/wp-content\/uploads\/2024\/07\/descarga-1024x577.jpeg\" alt=\"\" class=\"wp-image-78703\" srcset=\"https:\/\/losperiodistas.com.mx\/portal\/wp-content\/uploads\/2024\/07\/descarga-1024x577.jpeg 1024w, https:\/\/losperiodistas.com.mx\/portal\/wp-content\/uploads\/2024\/07\/descarga-300x169.jpeg 300w, https:\/\/losperiodistas.com.mx\/portal\/wp-content\/uploads\/2024\/07\/descarga-768x432.jpeg 768w, https:\/\/losperiodistas.com.mx\/portal\/wp-content\/uploads\/2024\/07\/descarga-1536x865.jpeg 1536w, https:\/\/losperiodistas.com.mx\/portal\/wp-content\/uploads\/2024\/07\/descarga.jpeg 1600w\" sizes=\"(max-width: 1024px) 100vw, 1024px\" \/><figcaption>Sabina cierra esta noche en Madrid su gira y se despide por un tiempo de los escenarios\u00a0<em>EFE\/ JAVIER LIZ\u00d3N<\/em><\/figcaption><\/figure>\n\n\n\n<p class=\"has-vivid-red-color has-text-color has-medium-font-size\"><strong>EFE \/ Rtve<\/strong><\/p>\n\n\n\n<p>Joaqu\u00edn Sabina ha anunciado la gira\u00a0<strong>&#8216;Hola y adi\u00f3s<\/strong>&#8216;, con la que se despedir\u00e1 de los recintos multitudinarios -aunque no descarta volver a subirse a peque\u00f1os escenarios- y que comenzar\u00e1 en febrero de 2025 en Am\u00e9rica para despu\u00e9s poner rumbo a Espa\u00f1a y Europa y acabar en noviembre.\u00a0<\/p>\n\n\n\n<p>Durante 11 semanas el cantautor recorrer\u00e1 M\u00e9xico, Estados Unidos, Costa Rica, Colombia, Per\u00fa, Chile, Uruguay y Argentina, seg\u00fan un comunicado de su promotora de conciertos, en el que se detalla que las fechas, ciudades y venta de entradas de esta despedida se dar\u00e1n a conocer en el mes de julio para Am\u00e9rica y en septiembre para Espa\u00f1a.<\/p>\n\n\n\n<p>\u00abSabina nos brinda la oportunidad de despedir unas canciones que nunca m\u00e1s ser\u00e1n cantadas ante miles de personas por su propio autor, que jubila su faceta de trotamundos guitarra en ristre celebrando su propia supervivencia con este convite de despedida\u00bb, asegura la nota.&nbsp;<\/p>\n\n\n\n<p>Aunque adelanta que tras este &#8216;Hola y adi\u00f3s&#8217; -que sale de la letra de la canci\u00f3n&nbsp;<em><a href=\"https:\/\/www.rtve.es\/noticias\/20190914\/19-dias-500-noches-20-anos-del-disco-desnudo-voz-sabina\/1979127.shtml\">19 d\u00edas y 500 noches<\/a><\/em>&#8211; \u00abya no habr\u00e1 m\u00e1s periplos interminables por recintos multitudinarios\u00bb, el artista de 75 a\u00f1os se guarda en la manga \u00abel as de reaparecer a placer, sea porque las musas le susurren poemas o canciones que merezca la pena compartir, o porque le piquen las ganas de subirse a cualquier entarimado para darse, darnos, un homenaje\u00bb.<\/p>\n\n\n\n<p>De este modo, se despejan las dudas sobre si el cantante, que ha&nbsp;<a href=\"https:\/\/www.rtve.es\/noticias\/20200214\/joaquin-sabina-presenta-evolucion-favorable-permance-ingresado-uci\/2001505.shtml\">padecido diversos problemas de salud<\/a>, se volver\u00eda a lanzar a la carretera tras la gira \u00abm\u00e1s tumultuosa y m\u00e1gica\u00bb de su vida, que llam\u00f3 &#8216;Contra todo pron\u00f3stico&#8217;.&nbsp;<\/p>\n\n\n\n<p>\u00abOjal\u00e1 que volvamos a vernos. Ojal\u00e1\u00bb, dijo de hecho a modo de despedida consciente cuando el pasado mes de diciembre\u00a0<a href=\"https:\/\/www.rtve.es\/noticias\/20231219\/sabina-culmina-su-gira-contra-todo-pronostico-madrid-sitio-donde-mas-se-acelera-corazon\/2468061.shtml\">celebr\u00f3 en Madrid, ante su p\u00fablico m\u00e1s querido y tambi\u00e9n temido, la actuaci\u00f3n final de esta gira<\/a>\u00a0en la que cant\u00f3 ante m\u00e1s de 700.000 personas en casi 60 conciertos por una docena de pa\u00edses a ambos lados del Atl\u00e1ntico<\/p>\n\n\n\n<p>Fuente: <a href=\"https:\/\/www.rtve.es\/noticias\/20240704\/sabina-anuncia-su-gira-despedida-grandes-escenarios-entre-febrero-noviembre-2025\/16173839.shtml\">https:\/\/www.rtve.es\/noticias\/20240704\/sabina-anuncia-su-gira-despedida-grandes-escenarios-entre-febrero-noviembre-2025\/16173839.shtml<\/a><\/p>\n","protected":false},"excerpt":{"rendered":"<p>La gira &#8216;Hola y adi\u00f3s&#8217; comenzar\u00e1 en Am\u00e9rica para despu\u00e9s poner rumbo a Espa\u00f1a y Europa El artista no descarta [&hellip;]<\/p>\n","protected":false},"author":1,"featured_media":78703,"comment_status":"open","ping_status":"open","sticky":false,"template":"","format":"standard","meta":{"site-sidebar-layout":"default","site-content-layout":"","ast-site-content-layout":"default","site-content-style":"default","site-sidebar-style":"default","ast-global-header-display":"","ast-banner-title-visibility":"","ast-main-header-display":"","ast-hfb-above-header-display":"","ast-hfb-below-header-display":"","ast-hfb-mobile-header-display":"","site-post-title":"","ast-breadcrumbs-content":"","ast-featured-img":"","footer-sml-layout":"","theme-transparent-header-meta":"","adv-header-id-meta":"","stick-header-meta":"","header-above-stick-meta":"","header-main-stick-meta":"","header-below-stick-meta":"","astra-migrate-meta-layouts":"default","ast-page-background-enabled":"default","ast-page-background-meta":{"desktop":{"background-color":"var(--ast-global-color-4)","background-image":"","background-repeat":"repeat","background-position":"center center","background-size":"auto","background-attachment":"scroll","background-type":"","background-media":"","overlay-type":"","overlay-color":"","overlay-opacity":"","overlay-gradient":""},"tablet":{"background-color":"","background-image":"","background-repeat":"repeat","background-position":"center center","background-size":"auto","background-attachment":"scroll","background-type":"","background-media":"","overlay-type":"","overlay-color":"","overlay-opacity":"","overlay-gradient":""},"mobile":{"background-color":"","background-image":"","background-repeat":"repeat","background-position":"center center","background-size":"auto","background-attachment":"scroll","background-type":"","background-media":"","overlay-type":"","overlay-color":"","overlay-opacity":"","overlay-gradient":""}},"ast-content-background-meta":{"desktop":{"background-color":"var(--ast-global-color-5)","background-image":"","background-repeat":"repeat","background-position":"center center","background-size":"auto","background-attachment":"scroll","background-type":"","background-media":"","overlay-type":"","overlay-color":"","overlay-opacity":"","overlay-gradient":""},"tablet":{"background-color":"var(--ast-global-color-5)","background-image":"","background-repeat":"repeat","background-position":"center center","background-size":"auto","background-attachment":"scroll","background-type":"","background-media":"","overlay-type":"","overlay-color":"","overlay-opacity":"","overlay-gradient":""},"mobile":{"background-color":"var(--ast-global-color-5)","background-image":"","background-repeat":"repeat","background-position":"center center","background-size":"auto","background-attachment":"scroll","background-type":"","background-media":"","overlay-type":"","overlay-color":"","overlay-opacity":"","overlay-gradient":""}},"footnotes":""},"categories":[8],"tags":[27033,2313],"class_list":["post-78702","post","type-post","status-publish","format-standard","has-post-thumbnail","hentry","category-noticias","tag-gira-hola-y-adios","tag-joaquin-sabina"],"_links":{"self":[{"href":"https:\/\/losperiodistas.com.mx\/portal\/wp-json\/wp\/v2\/posts\/78702","targetHints":{"allow":["GET"]}}],"collection":[{"href":"https:\/\/losperiodistas.com.mx\/portal\/wp-json\/wp\/v2\/posts"}],"about":[{"href":"https:\/\/losperiodistas.com.mx\/portal\/wp-json\/wp\/v2\/types\/post"}],"author":[{"embeddable":true,"href":"https:\/\/losperiodistas.com.mx\/portal\/wp-json\/wp\/v2\/users\/1"}],"replies":[{"embeddable":true,"href":"https:\/\/losperiodistas.com.mx\/portal\/wp-json\/wp\/v2\/comments?post=78702"}],"version-history":[{"count":1,"href":"https:\/\/losperiodistas.com.mx\/portal\/wp-json\/wp\/v2\/posts\/78702\/revisions"}],"predecessor-version":[{"id":78704,"href":"https:\/\/losperiodistas.com.mx\/portal\/wp-json\/wp\/v2\/posts\/78702\/revisions\/78704"}],"wp:featuredmedia":[{"embeddable":true,"href":"https:\/\/losperiodistas.com.mx\/portal\/wp-json\/wp\/v2\/media\/78703"}],"wp:attachment":[{"href":"https:\/\/losperiodistas.com.mx\/portal\/wp-json\/wp\/v2\/media?parent=78702"}],"wp:term":[{"taxonomy":"category","embeddable":true,"href":"https:\/\/losperiodistas.com.mx\/portal\/wp-json\/wp\/v2\/categories?post=78702"},{"taxonomy":"post_tag","embeddable":true,"href":"https:\/\/losperiodistas.com.mx\/portal\/wp-json\/wp\/v2\/tags?post=78702"}],"curies":[{"name":"wp","href":"https:\/\/api.w.org\/{rel}","templated":true}]}}