{"id":78686,"date":"2024-07-04T10:04:18","date_gmt":"2024-07-04T15:04:18","guid":{"rendered":"https:\/\/losperiodistas.com.mx\/portal\/?p=78686"},"modified":"2024-07-04T10:04:21","modified_gmt":"2024-07-04T15:04:21","slug":"asi-es-el-imperio-de-los-beckham-despues-de-25-anos-de-matrimonio-el-pais","status":"publish","type":"post","link":"https:\/\/losperiodistas.com.mx\/portal\/asi-es-el-imperio-de-los-beckham-despues-de-25-anos-de-matrimonio-el-pais\/","title":{"rendered":"As\u00ed es el imperio de los Beckham despu\u00e9s de 25 a\u00f1os de matrimonio | El Pa\u00eds"},"content":{"rendered":"\n<h2 class=\"wp-block-heading\">Una de las parejas m\u00e1s famosa del mundo (a veces tambi\u00e9n de las m\u00e1s odiadas) celebra sus bodas de plata siendo propietaria de un \u2018holding\u2019 empresarial con beneficios multimillonarios. Los rostros de David y Victoria son habituales en campa\u00f1as publicitarias y desfiles de moda, pero muchas voces hablan de alianza por conveniencia<\/h2>\n\n\n\n<figure class=\"wp-block-image size-large\"><img fetchpriority=\"high\" decoding=\"async\" width=\"1024\" height=\"684\" src=\"https:\/\/losperiodistas.com.mx\/portal\/wp-content\/uploads\/2024\/07\/Captura-de-Pantalla-2024-07-04-a-las-8.42.13-1024x684.jpg\" alt=\"\" class=\"wp-image-78687\" srcset=\"https:\/\/losperiodistas.com.mx\/portal\/wp-content\/uploads\/2024\/07\/Captura-de-Pantalla-2024-07-04-a-las-8.42.13-1024x684.jpg 1024w, https:\/\/losperiodistas.com.mx\/portal\/wp-content\/uploads\/2024\/07\/Captura-de-Pantalla-2024-07-04-a-las-8.42.13-300x200.jpg 300w, https:\/\/losperiodistas.com.mx\/portal\/wp-content\/uploads\/2024\/07\/Captura-de-Pantalla-2024-07-04-a-las-8.42.13-768x513.jpg 768w, https:\/\/losperiodistas.com.mx\/portal\/wp-content\/uploads\/2024\/07\/Captura-de-Pantalla-2024-07-04-a-las-8.42.13-1536x1026.jpg 1536w, https:\/\/losperiodistas.com.mx\/portal\/wp-content\/uploads\/2024\/07\/Captura-de-Pantalla-2024-07-04-a-las-8.42.13-2048x1367.jpg 2048w\" sizes=\"(max-width: 1024px) 100vw, 1024px\" \/><figcaption>Victoria y David Beckham fotografiados durante la pasarela &#8216;Le Chouchou&#8217;, un espect\u00e1culo de moda celebrado el 23 de junio de 2024 en el Palacio de Versailles, en Par\u00eds (Francia).STEPHANE CARDINALE &#8211; CORBIS (GETTY IMAGES)<\/figcaption><\/figure>\n\n\n\n<p><\/p>\n\n\n\n<p class=\"has-vivid-red-color has-text-color has-medium-font-size\"><strong>Jes\u00fas Delgado Barroso \/ El Pa\u00eds<\/strong><\/p>\n\n\n\n<p>En los noventa ten\u00edas que vivir encerrado en una jaula para no reconocer el rostro de&nbsp;<a href=\"https:\/\/elpais.com\/noticias\/victoria-adams\/\" target=\"_blank\" rel=\"noreferrer noopener\">Victoria Adams<\/a>&nbsp;(Harlow, Essex, 50 a\u00f1os).&nbsp;<a href=\"https:\/\/elpais.com\/noticias\/david-beckham\/\" target=\"_blank\" rel=\"noreferrer noopener\">David Robert Joseph Beckham<\/a>&nbsp;(Londres, 49 a\u00f1os) a\u00fan no se hab\u00eda consagrado como la viva imagen del futbol brit\u00e1nico, pero sab\u00eda con certeza que se acabar\u00eda casando con esa cantante que ve\u00eda habitualmente en televisi\u00f3n.&nbsp;<a href=\"https:\/\/elpais.com\/smoda\/famosos\/fanatismo-exceso-e-irrealidad-cuando-las-spice-girls-hicieron-en-granada-la-presentacion-mundial-de-su-disco.html\" target=\"_blank\" rel=\"noreferrer noopener\">La figurante m\u00e1s pija de las Spice Girls<\/a>&nbsp;conoci\u00f3 a su marido durante un partido ben\u00e9fico del Manchester United, equipo donde el deportista debut\u00f3 como futbolista profesional. All\u00ed le pidi\u00f3 el n\u00famero y le amenaz\u00f3: \u201cM\u00e1s te vale llamarme\u201d.<\/p>\n\n\n\n<p><a href=\"https:\/\/elpais.com\/gente\/2021-07-05\/victoria-y-david-beckham-celebran-22-anos-de-un-matrimonio-conjuntado-y-rentable.html\" target=\"_blank\" rel=\"noreferrer noopener\">\u201cFue amor a primera vista\u201d,<\/a>\u00a0ha confesado la excantante en m\u00faltiples entrevistas, aunque no fue del todo as\u00ed. Victoria ya se hab\u00eda fijado en \u00e9l, y era una habitual en sus partidos. Desde el primer minuto en el que la prensa hizo p\u00fablica la relaci\u00f3n sentimental, David y Victoria Beckham se convirtieron en uno de los negocios m\u00e1s fruct\u00edferos de Inglaterra. Han construido, a la par, una gran familia y una gran empresa.\u00a0<a href=\"https:\/\/elpais.com\/gente\/2023-06-21\/anna-wintour-busca-a-la-asistente-perfecta-alguien-con-capacidad-de-hacer-malabarismos-que-cobrara-un-maximo-de-80000-dolares-al-ano.html\" target=\"_blank\" rel=\"noreferrer noopener\">La mism\u00edsima Anna Wintour,<\/a>\u00a0editora jefe de la versi\u00f3n estadounidense de la revista\u00a0<em>Vogue<\/em>, afirm\u00f3 en el documental que estren\u00f3 la pareja en Netflix en 2023, que ella misma los puso en portada porque \u201ccuando tienes dos personas igual de carism\u00e1ticas aumenta el factor medi\u00e1tico\u201d. El matrimonio m\u00e1s famoso de Inglaterra, con perd\u00f3n de los\u00a0<em>royals<\/em>, celebra este 4 de julio de 2024 sus bodas de plata en posesi\u00f3n de un imperio empresarial con ganancias multimillonarias que, hace 25 a\u00f1os, tan solo era un sue\u00f1o. Pero, \u00bfc\u00f3mo lo han hecho?<\/p>\n\n\n\n<p>M\u00c1S INFORMACI\u00d3N<\/p>\n\n\n\n<figure class=\"wp-block-image\"><a href=\"https:\/\/elpais.com\/gente\/2024-06-03\/david-beckham-apoyara-a-carlos-iii-en-su-difusion-del-medio-rural-como-nuevo-embajador-la-fundacion-del-rey.html\"><img decoding=\"async\" src=\"https:\/\/imagenes.elpais.com\/resizer\/v2\/3JFASYSFD5AO5BASKAEHZGYSIA.jpg?auth=f56d479560ae496bdf481e00645da18ba0c16f4e2744a9b4b06e78618d55e7a7&amp;width=414&amp;height=311&amp;focal=1638%2C858\" alt=\"Carlos de Inglaterra y David Beckham\"\/><\/a><\/figure>\n\n\n\n<p><a href=\"https:\/\/elpais.com\/gente\/2024-06-03\/david-beckham-apoyara-a-carlos-iii-en-su-difusion-del-medio-rural-como-nuevo-embajador-la-fundacion-del-rey.html#?rel=mas_sumario\">David Beckham apoyar\u00e1 a Carlos III en su difusi\u00f3n del medio rural como nuevo embajador la fundaci\u00f3n del rey<\/a><\/p>\n\n\n\n<p>Est\u00e1 claro que&nbsp;<a href=\"https:\/\/elpais.com\/gente\/2021-01-19\/la-factoria-beckham-expande-su-negocio-gracias-a-los-mas-jovenes-de-la-familia.html\" target=\"_blank\" rel=\"noreferrer noopener\">un&nbsp;<em>holding<\/em>&nbsp;empresarial,&nbsp;<\/a>una marca de ropa de alta costura, inversiones millonarias en empresas de cannabis medicinal, un equipo de f\u00fatbol en Miami, contratos millonarios con marcas como Adidas, Calvin Klein, Maserati o Electronic Arts, es mucho m\u00e1s de lo que cualquiera podr\u00eda imaginarse de un joven proveniente de familia humilde, que all\u00e1 por los noventa&nbsp;<a href=\"https:\/\/elpais.com\/gente\/2023-10-04\/las-revelaciones-del-documental-de-david-beckham-su-depresion-su-obsesion-con-la-limpieza-y-por-que-victoria-no-fue-feliz-en-espana.html\" target=\"_blank\" rel=\"noreferrer noopener\">gastaba todo el dinero que llegaba a su cuenta&nbsp;<\/a>en lujosos caprichos. El exfutbolista se convirti\u00f3 a finales del milenio en el primero en firmar contratos con marcas, y \u00e9l mismo ha confesado en varias ocasiones la despreocupaci\u00f3n que sent\u00eda entonces por el dinero: \u201cFirm\u00e9 un contrato con Adidas por 50.000 libras y sal\u00ed y compr\u00e9 un BMW M3&#8230; por 50.000 libras\u201d. Ya fuera un coche o un reloj fastuoso, siempre ha mostrado un inter\u00e9s por el lujo, y como \u00e9l dice \u201ctodo lo bueno\u201d. Sus amigos validan esta actitud: \u201cDavid recib\u00eda su sueldo un viernes y se lo gastaba todo el s\u00e1bado y despu\u00e9s se pasaba toda la semana esperando el siguiente sueldo para comprarse otra cosa\u201d. Pero el jovenc\u00edsimo Beckham \u2015fue benjam\u00edn del Manchester United de 1991 a 1993\u2015, poco tiene que ver con el magnate que es ahora.<\/p>\n\n\n\n<p>No es solo el dinero lo que ha catapultado a los Beckham a consagrarse como una de las grandes fortunas del mundo. En el caso del matrimonio lo hace su tir\u00f3n medi\u00e1tico y la buena consideraci\u00f3n de la que gozan. Muchos los comparan con&nbsp;<a href=\"https:\/\/elpais.com\/elpais\/2021\/07\/27\/album\/1627396560_224674.html\" target=\"_blank\" rel=\"noreferrer noopener\">el matrimonio de Diana de Gales y Carlos III de Inglaterra.<\/a>&nbsp;Pero no siempre fue as\u00ed. El car\u00e1cter temperamental de ambos los ha llevado a protagonizar las peores cr\u00edticas de la opini\u00f3n p\u00fablica. Es dif\u00edcil encontrar el motivo por el que siempre logran escabullirse y mantener su reputaci\u00f3n. En 2023, con motivo del&nbsp;<a href=\"https:\/\/elpais.com\/deportes\/2018\/07\/11\/mundial_futbol\/1531325598_396817.html\" target=\"_blank\" rel=\"noreferrer noopener\">Mundial de f\u00fatbol de Qatar,&nbsp;<\/a>el exfutbolista firm\u00f3 un contrato millonario de 170 millones de euros para promover el turismo en el pa\u00eds \u00e1rabe y, a pesar de llevarse las peores de las cr\u00edticas por hacer publicidad a un pa\u00eds plagado de discursos de odio, su reputaci\u00f3n sigue como los chorros del oro.<\/p>\n\n\n\n<figure class=\"wp-block-image\"><img decoding=\"async\" src=\"https:\/\/imagenes.elpais.com\/resizer\/v2\/2EMVAAIXCFASXL43EEPE4JFMQY.jpg?auth=3e5a14e55007053648080a74908cd64373e22601159cd4b9ef444e90f9e5be7b&amp;width=414\" alt=\"Victoria Adams y David Beckham fotografiados tras anunciar su compromiso.\"\/><figcaption>Victoria Adams y David Beckham fotografiados tras anunciar su compromiso.JOHN GILES &#8211; PA IMAGES (PA IMAGES\/GETTY IMAGES)<\/figcaption><\/figure>\n\n\n\n<p>Fue durante los meses que precedieron al enlace nupcial, hace hoy (4 de julio de 2024) justo 25 a\u00f1os, en el castillo irland\u00e9s de Luttrellstown, cuando las cosas se enturbiaron de m\u00e1s.&nbsp;<a href=\"https:\/\/www.ok.co.uk\/celebrity-pictures\/gallery\/david-victoria-beckham-wedding-pictures-31182271\" target=\"_blank\" rel=\"noreferrer noopener\">Aunque la revista brit\u00e1nica&nbsp;<em>OK!<\/em>&nbsp;<\/a>pag\u00f3 por la exclusiva de la boda un mill\u00f3n de euros a los novios, no todo lo que rodeaba a la pareja fue de color de rosas. No es nada nuevo que el entrenador del Manchester United, Sir Alex Ferguson, pensase entonces que Victoria era una amenaza para la carrera futbol\u00edstica de su novio. El exdeportista perdi\u00f3 toda la buena consideraci\u00f3n despu\u00e9s de protagonizar la hist\u00f3rica patada a Diego Simeone, germen del fracaso de la selecci\u00f3n inglesa en el Mundial de F\u00fatbol de 1998. La lluvia de cr\u00edticas se prolong\u00f3 durante meses y David Beckham sufri\u00f3 una feroz presi\u00f3n medi\u00e1tica, aparte de insultos y amenazas.<\/p>\n\n\n\n<p>\u201cNo com\u00eda, no dorm\u00eda. Era un desastre. No sab\u00eda qu\u00e9 hacer\u201d, confes\u00f3, tambi\u00e9n en su documental, el deportista, aunque siempre fielmente apoyado por su esposa, quien tambi\u00e9n atestigua que su marido estaba \u201ccl\u00ednicamente deprimido\u201d. Como es com\u00fan en el mundo del deporte, los mismos que le dilapidaron le volvieron a convertir en h\u00e9roe nacional cuando marc\u00f3 un gol definitivo ante Grecia que clasific\u00f3 a Inglaterra en el Mundial de 2002. Una buen chute que supuso un antes y un despu\u00e9s en su carrera, y que lo llev\u00f3 a ser el arquetipo de muchos en el Reino Unido, pero tambi\u00e9n en el mundo. De villano a h\u00e9roe nacional. Si el futbolista se rapaba, todos lo hac\u00edan. Si llevaba cresta, los ni\u00f1os tambi\u00e9n. Desde entonces, David Beckham ya no era un futbolista m\u00e1s, sino la viva imagen del \u00e9xito. Fue entonces, all\u00e1 por 2003, cuando Isabel II condecor\u00f3 al futbolista con la Orden del Imperio Brit\u00e1nico. El primer ministro de entonces, Tony Blair (1997-2007), fue quien propuso a Beckham a recibir este honor.<\/p>\n\n\n\n<figure class=\"wp-block-image\"><img decoding=\"async\" src=\"https:\/\/imagenes.elpais.com\/resizer\/v2\/NBKE3QUEFBAITI72FSDUYYIYOE.jpg?auth=957196543e6e9d9d1183af00e38f78dd91d556259a7de0f6ef09acf8e5063b57&amp;width=414\" alt=\"David y Victoria Beckham despu\u00e9s de recibir de Orden del Imperio Brit\u00e1nico (OBE) el 27 de noviembre de 2003 en el Palacio de Buckingham (Londres).\"\/><figcaption>David y Victoria Beckham despu\u00e9s de recibir de Orden del Imperio Brit\u00e1nico (OBE) el 27 de noviembre de 2003 en el Palacio de Buckingham (Londres).GETTY IMAGES (GETTY IMAGES)<\/figcaption><\/figure>\n\n\n\n<p><a href=\"https:\/\/elpais.com\/diario\/2003\/05\/01\/ciberpais\/1051753221_850215.html\" target=\"_blank\" rel=\"noreferrer noopener\">El fichaje de Beckham en el Real Madrid&nbsp;<\/a>fue clave en lo que respecta a la fama y la fortuna del matrimonio. El fanatismo por ambos se hizo insoportable para Victoria, que ya fue reticente a mudarse a Espa\u00f1a. Su casa alquilada en la zona m\u00e1s exclusiva de La Moraleja era de lo mejorcito que se despachaba en mansiones por entonces en Espa\u00f1a, pero la ex Spice Girl anhelaba la gris Inglaterra. Adem\u00e1s, la supuesta infidelidad de Beckham&nbsp;<a href=\"https:\/\/elpais.com\/smoda\/famosos\/rebecca-loos-y-david-beckham-infidelidad-victoria-beckham.html\" target=\"_blank\" rel=\"noreferrer noopener\">con una de sus ayudantes, Rebecca Loos,&nbsp;<\/a>fue clave para que Victoria quisiera poner distancia. Pero, a pesar de los baches, fueron buenos a\u00f1os para su millonario patrimonio.<\/p>\n\n\n\n<p>Los Beckham facturaron grandes cantidades de dinero antes de poner rumbo a Los \u00c1ngeles. Solo en el equipo madrile\u00f1o, en sus cuatro temporadas, gener\u00f3 unos beneficios de m\u00e1s de 600 millones de d\u00f3lares (m\u00e1s de 550 millones de euros en la conversi\u00f3n actual) solo por la venta de camisetas que llevaban su nombre y su dorsal, el n\u00famero 23. Desde junio de 2003, cuando el club blanco pag\u00f3 36 millones por \u00e9l al Manchester United, el Real Madrid gener\u00f3 unos ingresos de m\u00e1s de 440 millones de euros. Su presencia catapult\u00f3 al Madrid de por entonces como el club con m\u00e1s ingresos del mundo del f\u00fatbol. Tambi\u00e9n es cierto que en el terreno de juego, los resultados no fueron los mejores.<\/p>\n\n\n\n<figure class=\"wp-block-image\"><img decoding=\"async\" src=\"https:\/\/imagenes.elpais.com\/resizer\/v2\/WOV65UDSNFDSJE5YDSKR42L2JA.jpg?auth=5c937df5a9d32551f2a5fdf69cca738b342e6c1900218cfbfaf45271a85c48f8&amp;width=414\" alt=\"David Beckham, junto a Alfredo Di Stefano, en su primer d\u00eda como jugador del Real Madrid, el 2 de julio de 2003, en Madrid.\"\/><figcaption>David Beckham, junto a Alfredo Di Stefano, en su primer d\u00eda como jugador del Real Madrid, el 2 de julio de 2003, en Madrid.ROSS KINNAIRD (GETTY IMAGES)<\/figcaption><\/figure>\n\n\n\n<p>Desde entonces, los \u00e9xitos econ\u00f3micos de la pareja han ido al alza. Durante las seis temporadas que jug\u00f3 en&nbsp;<a href=\"https:\/\/elpais.com\/elpais\/2012\/01\/19\/actualidad\/1326959331_850215.html\" target=\"_blank\" rel=\"noreferrer noopener\">el club Los Angeles Galaxy,<\/a>&nbsp;el mediocampista factur\u00f3 237 millones de euros entre salario, patrocinios, apariciones y licencias, unos 40 millones de euros al a\u00f1o, aunque solo marc\u00f3 20 goles. El convenio entre el Real Madrid y el equipo estadounidense se convirti\u00f3 en uno de los fichajes m\u00e1s cuantiosos de la historia del futbol, convirtiendo a Beckham en uno de los jugadores m\u00e1s cotizados de por entonces. Su carrera culmin\u00f3 en mayo de 2013, despu\u00e9s de 20 a\u00f1os y entre l\u00e1grimas. Beckham rodaba el bal\u00f3n para el Paris Saint-Germain, y en su \u00faltimo partido fue sustituido<a href=\"https:\/\/www.elpais.com.co\/deportes\/david-beckham-jugo-su-ultimo-partido-de-local-ante-la-hinchada-del-psg.html\" target=\"_blank\" rel=\"noreferrer noopener\">&nbsp;y se retir\u00f3 del campo llorando&nbsp;<\/a>mientras era ovacionado por la afici\u00f3n y sus compa\u00f1eros de equipo. En la temporada que jug\u00f3 en el club parisino factur\u00f3 m\u00e1s de 3 millones de euros.<\/p>\n\n\n\n<figure class=\"wp-block-image\"><img decoding=\"async\" src=\"https:\/\/imagenes.elpais.com\/resizer\/v2\/UQQO724LEBFGRFOG6E6JMIAPBA.jpg?auth=7eae1ef7c8e3a36b14122bbd00066e9af7ad10b23885b0d684d990ee8089ac65&amp;width=414\" alt=\"Victoria Beckham saluda a su esposo despu\u00e9s de una victoria del Real Madrid.\"\/><figcaption>Victoria Beckham saluda a su esposo despu\u00e9s de una victoria del Real Madrid.ADAM DAVY &#8211; EMPICS (PA IMAGES\/GETTY IMAGES)<\/figcaption><\/figure>\n\n\n\n<p>En paralelo, pero siempre de la mano, Victoria ha llevado a cabo otros proyectos \u00e9xitosos que han inflado considerablemente la cuenta familiar.&nbsp;<a href=\"https:\/\/elpais.com\/gente\/2024-04-17\/victoria-beckham-cumple-50-anos-de-sobrevivir-a-la-spice-pija-a-reirse-de-ella-misma-por-el-negocio.html\" target=\"_blank\" rel=\"noreferrer noopener\">Siendo la m\u00e1s pija de las Spice Girls,<\/a>&nbsp;ganaba 71 millones de euros al a\u00f1o y siguen llevando la medalla al grupo fememenino con m\u00e1s ventas de todos los tiempos. Pero adem\u00e1s, ha ejercido de jueza en varios&nbsp;<em>realities&nbsp;<\/em>brit\u00e1nicos, ha protagonizado las portadas de las revistas m\u00e1s prestigiosas y ha publicado libros: uno autobiogr\u00e1fico y otro relacionado con la moda, que tambi\u00e9n incluye consejos de su marido, ya que el matrimonio es considerado como icono pop.&nbsp;<a href=\"https:\/\/elpais.com\/gente\/2021-02-22\/victoria-beckham-pierde-mas-de-53-millones-con-su-marca-de-moda.html\" target=\"_blank\" rel=\"noreferrer noopener\">La facturaci\u00f3n de la empresa&nbsp;<\/a>de moda de Victoria factur\u00f3 69 millones de euros en 2022, un 44% m\u00e1s que el a\u00f1o anterior. Por su parte, David centra sus esfuerzos en el Inter de Miami, equipo del que es copropietario y cuenta con reconocidos futbolistas como Leo Messi.<\/p>\n\n\n\n<figure class=\"wp-block-image\"><img decoding=\"async\" src=\"https:\/\/imagenes.elpais.com\/resizer\/v2\/REEZLXZL7ZA4LJGFJXUTGLBYGU.jpg?auth=c67c28b84f5ece3451eac1dfc7ee44f7a9f545544e1154be2170ad1c91269715&amp;width=414\" alt=\"Victoria Adams en una de las campa\u00f1as publicitarias de las Spice Girls en Nueva York durante los noventa.\"\/><figcaption>Victoria Adams en una de las campa\u00f1as publicitarias de las Spice Girls en Nueva York durante los noventa.DAVID CORIO (REDFERNS)<\/figcaption><\/figure>\n\n\n\n<p>Cualquiera puede observar c\u00f3mo los Beckham son imagen de un centenar de marcas.&nbsp;<a href=\"https:\/\/www.instagram.com\/victoriabeckham\/?utm_source=ig_embed&amp;ig_rid=ded8599b-1cd3-484c-9522-45f4f7714901\" target=\"_blank\" rel=\"noreferrer noopener\">Sus cuentas de Instagram est\u00e1n rebosantes de publicidad.<\/a>&nbsp;<a href=\"https:\/\/www.instagram.com\/davidbeckham\/\" target=\"_blank\" rel=\"noreferrer noopener\">\u00c9l acumula 88 millones de seguidores&nbsp;<\/a>y ella 33; pero el contenido es muy parecido. David prepara una pizza artesanal mientras vende una barbacoa o abre su chaqueta de terciopelo para mostrar los abdominales que a\u00fan conserva y vender una de las fragancias que lleva su nombre. La cuenta de Instagram de Victoria es parecida, pero su contenido se centra m\u00e1s en su propia marca. Sus bolsos y las prendas de ropa de primera calidad.&nbsp;<a href=\"https:\/\/www.googleadservices.com\/pagead\/aclk?sa=L&amp;ai=DChcSEwjP9oXkxoqHAxUHgIMHHUGYEvYYABAAGgJlZg&amp;co=1&amp;ase=2&amp;gclid=Cj0KCQjw7ZO0BhDYARIsAFttkCieTt5R0ZGQG9uodM52lH9RaCUMZGFnFyHk68KkXFczyb-dlgGG9ygaAsGXEALw_wcB&amp;ohost=www.google.com&amp;cid=CAESVuD2E-4JXYTcemV42IkIhBZY4OkS5WtlYqaXowk3VSRhpw2Nn_d9hUTedKJF72iMpJXcS0cOnYT_-dRElIZu2_MFwzGBAj9SVr3_dTa3dl4byUnqMiIu&amp;sig=AOD64_3TfB-xKay3mki17Va4loWsYuBEfw&amp;q&amp;nis=4&amp;adurl&amp;ved=2ahUKEwiGnIDkxoqHAxXkhP0HHYjoBxAQ0Qx6BAgIEAE\" target=\"_blank\" rel=\"noreferrer noopener\">En su p\u00e1gina web,<\/a>&nbsp;sus vestidos no bajan de los 600 euros.<\/p>\n\n\n\n<h3 class=\"wp-block-heading\">\u00bfJuntos o separados?<\/h3>\n\n\n\n<p>El \u00e9xito comercial de la pareja es, por ende, indudable. Beckham Brand Holdings Limited, nombre con el que bautizaron a su conglomerado de empresas, obtuvo 21,6 millones de euros de beneficio durante los 12 meses del \u00faltimo ejercicio (2023), seg\u00fan los datos que fueron publicados por el propio holding empresarial y consultados&nbsp;<a href=\"https:\/\/www.thesun.co.uk\/tvandshowbiz\/19470487\/multi-millionaires-david-victoria-beckham-profits\/\" target=\"_blank\" rel=\"noreferrer noopener\">por el diario brit\u00e1nico&nbsp;<em>The Sun<\/em>.&nbsp;<\/a>Ni siquiera los estragos generados por la pandemia los ha debilitado. Aun as\u00ed, algunos discursos apuntan a un escenario distinto al que se cree, asegurando que la pareja se encuentra separada desde hace a\u00f1os, y solo se muestran de la mano de cara a la galer\u00eda porque son conscientes de que separados no tendr\u00edan el mismo \u00e9xito.<\/p>\n\n\n\n<p>Se trata de una reflexi\u00f3n de&nbsp;<a href=\"https:\/\/www.mirror.co.uk\/all-about\/tom-bower\" target=\"_blank\" rel=\"noreferrer noopener\">Tom Bower, periodista del diario brit\u00e1nico&nbsp;<em>The Mirror<\/em>,<\/a>&nbsp;que asegura en su libro&nbsp;<em>La casa Beckham: dinero, sexo y poder<\/em>&nbsp;que el matrimonio lleva separado desde 2016: \u201cMantienen una relaci\u00f3n de negocios a distancia\u201d. Seg\u00fan cuenta, David Beckham est\u00e1 en Estados Unidos, al frente del equipo del Inter de Miami, y su esposa en Londres, dedicada a su firma de moda. Una imagen que contrasta de lleno con el ya mencionado documental familiar de Netflix, en el que ambos derrochan complicidad, o con la imagen que dio la vuelta al mundo hace unos meses&nbsp;<a href=\"https:\/\/elpais.com\/smoda\/famosos\/2024-04-21\/victoria-beckham-a-caballito-sobre-su-marido-y-el-resto-de-los-invitados-a-su-50-cumpleanos-en-imagenes.html\" target=\"_blank\" rel=\"noreferrer noopener\">del exfutbolista sacando a caballito a su mujer de la fiesta de su 50 cumplea\u00f1os,<\/a>&nbsp;que celebraron en un exclusivo club de la capital brit\u00e1nica. \u201cNo importa cu\u00e1nto lo ocultes, las cosas siempre salen a la luz\u201d,<a href=\"https:\/\/elpais.com\/gente\/2024-03-27\/meghan-markle-amplia-su-nueva-marca-a-todo-tipo-de-productos-de-ropa-de-cama-o-cremas-a-champu-para-perros-y-tijeras-de-jardineria.html\" target=\"_blank\" rel=\"noreferrer noopener\">&nbsp;afirma la fuente.<\/a><\/p>\n\n\n\n<figure class=\"wp-block-image\"><img decoding=\"async\" src=\"https:\/\/imagenes.elpais.com\/resizer\/v2\/FMNYJ4PNLZBNPCDQG2TVRV53Q4.jpg?auth=33d27e79179dca38e8bd31f384e23b93292589f58b0423c82488960b396a795e&amp;width=414\" alt=\"David Beckham coge en caballito a su esposa, Victoria Beckham, a la salida de su 50 cumplea\u00f1os, en Londres (Inglaterra), el 20 de abril de 2024.\"\/><figcaption>David Beckham coge en caballito a su esposa, Victoria Beckham, a la salida de su 50 cumplea\u00f1os, en Londres (Inglaterra), el 20 de abril de 2024.RICKY VIGIL M \/ JUSTIN E PALMER (GC IMAGES)<\/figcaption><\/figure>\n\n\n\n<p>\u201cNo pueden ocultar sus vidas separadas, pero estuvieron unidos para apoyar su marca\u201d, asegura. El exfutbolista, ya habl\u00f3 de este tipo de rumores hace un a\u00f1o en una entrevista radiof\u00f3nica. Garantiz\u00f3 que no sigue casado con su mujer por conveniencia, ni mucho menos por seguir manteniendo una marca familiar muy rentable, de la que ya participan sus tres hijos mayores. \u201c\u00bfLa gente habla de que seguimos juntos para mantener nuestra marca? Por supuesto que no. Seguimos juntos porque nos queremos. Seguimos juntos porque tenemos cuatro hijos maravillosos\u201d, dijo Beckham en el programa de\u00a0<a href=\"https:\/\/www.bbc.co.uk\/programmes\/b08bz0rz\" target=\"_blank\" rel=\"noreferrer noopener\">BBC Radio 4\u00a0<em>Desert Island Discs<\/em><\/a>.<\/p>\n\n\n\n<figure class=\"wp-block-image size-large\"><img decoding=\"async\" width=\"946\" height=\"1024\" src=\"https:\/\/losperiodistas.com.mx\/portal\/wp-content\/uploads\/2024\/07\/Captura-de-Pantalla-2024-07-04-a-las-8.58.14-946x1024.jpg\" alt=\"\" class=\"wp-image-78688\" srcset=\"https:\/\/losperiodistas.com.mx\/portal\/wp-content\/uploads\/2024\/07\/Captura-de-Pantalla-2024-07-04-a-las-8.58.14-946x1024.jpg 946w, https:\/\/losperiodistas.com.mx\/portal\/wp-content\/uploads\/2024\/07\/Captura-de-Pantalla-2024-07-04-a-las-8.58.14-277x300.jpg 277w, https:\/\/losperiodistas.com.mx\/portal\/wp-content\/uploads\/2024\/07\/Captura-de-Pantalla-2024-07-04-a-las-8.58.14-768x832.jpg 768w, https:\/\/losperiodistas.com.mx\/portal\/wp-content\/uploads\/2024\/07\/Captura-de-Pantalla-2024-07-04-a-las-8.58.14-1418x1536.jpg 1418w, https:\/\/losperiodistas.com.mx\/portal\/wp-content\/uploads\/2024\/07\/Captura-de-Pantalla-2024-07-04-a-las-8.58.14.jpg 1448w\" sizes=\"(max-width: 946px) 100vw, 946px\" \/><figcaption><a href=\"https:\/\/www.instagram.com\/p\/qBw0LZFiAX\/?utm_source=ig_web_copy_link\">VER EN INSTAGRAM<\/a><\/figcaption><\/figure>\n\n\n\n<p>El matrimonio celebra este jueves sus bodas de plata y David solo se arrepiente de una cosa: que uno de los estilismos de su enlace fueran&nbsp;<a href=\"https:\/\/elpais.com\/elpais\/2017\/07\/04\/album\/1499165994_404966.html\" target=\"_blank\" rel=\"noreferrer noopener\">dos trajes a conjunto en color lila.<\/a>&nbsp;El exjugador del Manchester United ha confesado en varias ocasiones que al lucir ese traje se parec\u00eda a un personaje de&nbsp;<em>Dos tontos muy tontos<\/em>, una opini\u00f3n que choca de lleno con su actual esposa: \u201cEn ese momento me pareci\u00f3 muy buena idea, \u00bfsabes? De verdad nos lo pareci\u00f3. Creo que hab\u00eda mucha ingenuidad. No sab\u00edamos de moda. Simplemente, nos est\u00e1bamos divirtiendo\u201d.<\/p>\n\n\n\n<p>Aunque todo lo que gire en torno a David y a Victoria Beckham sea exc\u00e9ntrico y a veces llegue al horterismo, siendo una de las parejas m\u00e1s famosas del mundo se han hecho con un imperio multimillonario que ahora delegan en sus cuatro\u00a0<a href=\"https:\/\/elpais.com\/icon\/2024-04-27\/nelson-peltz-el-consuegro-de-los-beckham-que-cree-que-hay-demasiadas-mujeres-y-negros-en-los-productos-disney.html\" target=\"_blank\" rel=\"noreferrer noopener\">futuros herederos, Brooklin (25 a\u00f1os),\u00a0<\/a>Romeo (21), Cruz (19) y Harper (12). \u201cMi mayor logro en la vida son mis hijos, gracias Victoria por darme a estas personas incre\u00edbles a las que amar. Siempre recuerden lo mucho que pap\u00e1 les ama\u201d, reza una de las \u00faltimas publicaciones de David Beckham en Instagram.<\/p>\n\n\n\n<figure class=\"wp-block-image size-large\"><img decoding=\"async\" width=\"1024\" height=\"909\" src=\"https:\/\/losperiodistas.com.mx\/portal\/wp-content\/uploads\/2024\/07\/Captura-de-Pantalla-2024-07-04-a-las-8.59.33-1024x909.jpg\" alt=\"\" class=\"wp-image-78689\" srcset=\"https:\/\/losperiodistas.com.mx\/portal\/wp-content\/uploads\/2024\/07\/Captura-de-Pantalla-2024-07-04-a-las-8.59.33-1024x909.jpg 1024w, https:\/\/losperiodistas.com.mx\/portal\/wp-content\/uploads\/2024\/07\/Captura-de-Pantalla-2024-07-04-a-las-8.59.33-300x266.jpg 300w, https:\/\/losperiodistas.com.mx\/portal\/wp-content\/uploads\/2024\/07\/Captura-de-Pantalla-2024-07-04-a-las-8.59.33-768x682.jpg 768w, https:\/\/losperiodistas.com.mx\/portal\/wp-content\/uploads\/2024\/07\/Captura-de-Pantalla-2024-07-04-a-las-8.59.33.jpg 1458w\" sizes=\"(max-width: 1024px) 100vw, 1024px\" \/><figcaption><a href=\"https:\/\/www.instagram.com\/p\/C8RUSSEow5p\/?utm_source=ig_web_copy_link&amp;igsh=MzRlODBiNWFlZA==\">VER EN INSTAGRAM<\/a><\/figcaption><\/figure>\n\n\n\n<p>Fuente: <a href=\"https:\/\/elpais.com\/gente\/2024-07-04\/asi-es-el-imperio-de-los-beckham-despues-de-25-anos-de-matrimonio.html\">https:\/\/elpais.com\/gente\/2024-07-04\/asi-es-el-imperio-de-los-beckham-despues-de-25-anos-de-matrimonio.html<\/a><\/p>\n","protected":false},"excerpt":{"rendered":"<p>Una de las parejas m\u00e1s famosa del mundo (a veces tambi\u00e9n de las m\u00e1s odiadas) celebra sus bodas de plata [&hellip;]<\/p>\n","protected":false},"author":1,"featured_media":78687,"comment_status":"open","ping_status":"open","sticky":false,"template":"","format":"standard","meta":{"site-sidebar-layout":"default","site-content-layout":"","ast-site-content-layout":"default","site-content-style":"default","site-sidebar-style":"default","ast-global-header-display":"","ast-banner-title-visibility":"","ast-main-header-display":"","ast-hfb-above-header-display":"","ast-hfb-below-header-display":"","ast-hfb-mobile-header-display":"","site-post-title":"","ast-breadcrumbs-content":"","ast-featured-img":"","footer-sml-layout":"","theme-transparent-header-meta":"","adv-header-id-meta":"","stick-header-meta":"","header-above-stick-meta":"","header-main-stick-meta":"","header-below-stick-meta":"","astra-migrate-meta-layouts":"default","ast-page-background-enabled":"default","ast-page-background-meta":{"desktop":{"background-color":"var(--ast-global-color-4)","background-image":"","background-repeat":"repeat","background-position":"center center","background-size":"auto","background-attachment":"scroll","background-type":"","background-media":"","overlay-type":"","overlay-color":"","overlay-opacity":"","overlay-gradient":""},"tablet":{"background-color":"","background-image":"","background-repeat":"repeat","background-position":"center center","background-size":"auto","background-attachment":"scroll","background-type":"","background-media":"","overlay-type":"","overlay-color":"","overlay-opacity":"","overlay-gradient":""},"mobile":{"background-color":"","background-image":"","background-repeat":"repeat","background-position":"center center","background-size":"auto","background-attachment":"scroll","background-type":"","background-media":"","overlay-type":"","overlay-color":"","overlay-opacity":"","overlay-gradient":""}},"ast-content-background-meta":{"desktop":{"background-color":"var(--ast-global-color-5)","background-image":"","background-repeat":"repeat","background-position":"center center","background-size":"auto","background-attachment":"scroll","background-type":"","background-media":"","overlay-type":"","overlay-color":"","overlay-opacity":"","overlay-gradient":""},"tablet":{"background-color":"var(--ast-global-color-5)","background-image":"","background-repeat":"repeat","background-position":"center center","background-size":"auto","background-attachment":"scroll","background-type":"","background-media":"","overlay-type":"","overlay-color":"","overlay-opacity":"","overlay-gradient":""},"mobile":{"background-color":"var(--ast-global-color-5)","background-image":"","background-repeat":"repeat","background-position":"center center","background-size":"auto","background-attachment":"scroll","background-type":"","background-media":"","overlay-type":"","overlay-color":"","overlay-opacity":"","overlay-gradient":""}},"footnotes":""},"categories":[8],"tags":[27021,27022],"class_list":["post-78686","post","type-post","status-publish","format-standard","has-post-thumbnail","hentry","category-noticias","tag-david-beckham","tag-victoria-beckham"],"_links":{"self":[{"href":"https:\/\/losperiodistas.com.mx\/portal\/wp-json\/wp\/v2\/posts\/78686","targetHints":{"allow":["GET"]}}],"collection":[{"href":"https:\/\/losperiodistas.com.mx\/portal\/wp-json\/wp\/v2\/posts"}],"about":[{"href":"https:\/\/losperiodistas.com.mx\/portal\/wp-json\/wp\/v2\/types\/post"}],"author":[{"embeddable":true,"href":"https:\/\/losperiodistas.com.mx\/portal\/wp-json\/wp\/v2\/users\/1"}],"replies":[{"embeddable":true,"href":"https:\/\/losperiodistas.com.mx\/portal\/wp-json\/wp\/v2\/comments?post=78686"}],"version-history":[{"count":1,"href":"https:\/\/losperiodistas.com.mx\/portal\/wp-json\/wp\/v2\/posts\/78686\/revisions"}],"predecessor-version":[{"id":78690,"href":"https:\/\/losperiodistas.com.mx\/portal\/wp-json\/wp\/v2\/posts\/78686\/revisions\/78690"}],"wp:featuredmedia":[{"embeddable":true,"href":"https:\/\/losperiodistas.com.mx\/portal\/wp-json\/wp\/v2\/media\/78687"}],"wp:attachment":[{"href":"https:\/\/losperiodistas.com.mx\/portal\/wp-json\/wp\/v2\/media?parent=78686"}],"wp:term":[{"taxonomy":"category","embeddable":true,"href":"https:\/\/losperiodistas.com.mx\/portal\/wp-json\/wp\/v2\/categories?post=78686"},{"taxonomy":"post_tag","embeddable":true,"href":"https:\/\/losperiodistas.com.mx\/portal\/wp-json\/wp\/v2\/tags?post=78686"}],"curies":[{"name":"wp","href":"https:\/\/api.w.org\/{rel}","templated":true}]}}