{"id":78677,"date":"2024-07-04T08:45:55","date_gmt":"2024-07-04T13:45:55","guid":{"rendered":"https:\/\/losperiodistas.com.mx\/portal\/?p=78677"},"modified":"2024-07-04T08:45:59","modified_gmt":"2024-07-04T13:45:59","slug":"el-tiempo-de-la-comida-es-sagrado-ethic","status":"publish","type":"post","link":"https:\/\/losperiodistas.com.mx\/portal\/el-tiempo-de-la-comida-es-sagrado-ethic\/","title":{"rendered":"\u00bfEl tiempo de la comida es sagrado? | ethic"},"content":{"rendered":"\n<h2 class=\"has-background wp-block-heading\" style=\"background-color:#51ffbf\">La mesa familiar una vez fue el epicentro de la vida cotidiana, un lugar sagrado donde las familias se reun\u00edan para compartir alimentos, conversaciones y afecto. Sin embargo, en la sociedad actual, este ritual ha ido perdiendo relevancia. \u00bfPor qu\u00e9 dedicamos cada vez menos tiempo a comer?<\/h2>\n\n\n\n<figure class=\"wp-block-image size-large\"><img fetchpriority=\"high\" decoding=\"async\" width=\"1024\" height=\"618\" src=\"https:\/\/losperiodistas.com.mx\/portal\/wp-content\/uploads\/2024\/07\/Captura-de-Pantalla-2024-07-04-a-las-7.32.28-1024x618.jpg\" alt=\"\" class=\"wp-image-78678\" srcset=\"https:\/\/losperiodistas.com.mx\/portal\/wp-content\/uploads\/2024\/07\/Captura-de-Pantalla-2024-07-04-a-las-7.32.28-1024x618.jpg 1024w, https:\/\/losperiodistas.com.mx\/portal\/wp-content\/uploads\/2024\/07\/Captura-de-Pantalla-2024-07-04-a-las-7.32.28-300x181.jpg 300w, https:\/\/losperiodistas.com.mx\/portal\/wp-content\/uploads\/2024\/07\/Captura-de-Pantalla-2024-07-04-a-las-7.32.28-768x463.jpg 768w, https:\/\/losperiodistas.com.mx\/portal\/wp-content\/uploads\/2024\/07\/Captura-de-Pantalla-2024-07-04-a-las-7.32.28-1536x927.jpg 1536w, https:\/\/losperiodistas.com.mx\/portal\/wp-content\/uploads\/2024\/07\/Captura-de-Pantalla-2024-07-04-a-las-7.32.28-2048x1235.jpg 2048w\" sizes=\"(max-width: 1024px) 100vw, 1024px\" \/><\/figure>\n\n\n\n<p><\/p>\n\n\n\n<p class=\"has-vivid-red-color has-text-color has-medium-font-size\"><strong>TRAVER PACHECO \/ ethic<\/strong><\/p>\n\n\n\n<p>La mesa familiar una vez fue el epicentro de la vida cotidiana, un lugar sagrado donde las familias se reun\u00edan para compartir alimentos, conversaciones y afecto. Sin embargo, en la sociedad de hoy, el ritual ha ido perdiendo relevancia. \u00bfPor qu\u00e9 dedicamos cada vez menos tiempo a comer? Diversos factores sociales y culturales, as\u00ed como las tendencias actuales de la industria alimentaria tienen la respuesta.<\/p>\n\n\n\n<p>Por un lado, la ascensi\u00f3n de la industria de los\u00a0<a href=\"https:\/\/ethic.es\/2023\/12\/entrevista-marti-buckley\/\" target=\"_blank\" rel=\"noreferrer noopener\">ultraprocesados<\/a>\u00a0ha contribuido en gran medida a este nuevo h\u00e1bito.\u00a0<strong>Los alimentos altamente procesados y preenvasados se han convertido en la norma<\/strong>, ofreciendo comidas r\u00e1pidas que requieren poco tiempo de preparaci\u00f3n. En Espa\u00f1a, de acuerdo con una\u00a0<a href=\"https:\/\/www.eldiario.es\/consumoclaro\/alimentos-ultraprocesados-son-eliminarlos-dieta-comer-sano_1_10979217.html\" target=\"_blank\" rel=\"noreferrer noopener\">investigaci\u00f3n<\/a>\u00a0de la Universidad de Sao Paulo, el 20,3% de los alimentos que consumimos hoy ya son catalogados como ultraprocesados. Somos el segundo pa\u00eds mediterr\u00e1neo con mayor consumo de estos, solo por detr\u00e1s de Malta, lo que significa que casi una cuarta parte de los alimentos que consumimos est\u00e1n cargados de az\u00facar, sal, grasas, aditivos y conservantes artificiales.<\/p>\n\n\n\n<p>Seg\u00fan explica Javier S\u00e1nchez Perona, investigador del Consejo Superior de Investigaciones Cient\u00edficas (CSIC) en el Instituto de la Grasa y autor del&nbsp;<a target=\"_blank\" href=\"https:\/\/www.catarata.org\/libro\/los-alimentos-ultraprocesados_139109\/\" rel=\"noreferrer noopener\">libro<\/a>&nbsp;<em>Los alimentos ultraprocesados<\/em>, estos son \u00abformulaciones elaboradas a partir de sustancias derivadas de alimentos y aditivos en las que no se pueden identificar otros alimentos en su forma original y que, adem\u00e1s, tienen poca fibra diet\u00e9tica, prote\u00ednas, vitaminas y minerales\u00bb.<\/p>\n\n\n\n<p>Una realidad que, lejos de haber tocado techo, sigue creciendo de manera exponencial. Seg\u00fan un reciente estudio WorldPanel realizado por Kantar,&nbsp;<strong>el consumo de comida preparada ha aumentado un 11% en comparaci\u00f3n al a\u00f1o pasado<\/strong>, lo que se traduce en un gasto estimado de m\u00e1s de 1.900 millones de euros. Este incremento no solo refleja un cambio en las preferencias alimentarias, sino tambi\u00e9n un desplazamiento de nuestros h\u00e1bitos y prioridades diarias. Las largas jornadas laborales, los compromisos sociales y familiares, la b\u00fasqueda constante de eficiencia o la creciente popularidad de las aplicaciones de entrega a domicilio son algunos de los principales factores vinculados que han hecho que las comidas caseras y las cenas familiares hayan sido desplazadas a un segundo plano.<\/p>\n\n\n\n<figure class=\"wp-block-pullquote\"><blockquote><p><strong><em>En medio de esta avalancha de ultraprocesados que estamos viviendo, surgen tambi\u00e9n movimientos contraculturales que abogan por volver a la comida de toda la vida<\/em><\/strong><\/p><\/blockquote><\/figure>\n\n\n\n<p>Sin embargo, en medio de esta avalancha de ultraprocesados que estamos viviendo, surgen tambi\u00e9n movimientos contraculturales que abogan por volver a la comida de toda la vida. El<strong>&nbsp;movimiento \u00abslow food\u00bb<\/strong>&nbsp;o la filosof\u00eda de \u00abreal food\u00bb, orientados a promover la producci\u00f3n de alimentos a peque\u00f1a escala, la diversidad de cultivos, la agricultura org\u00e1nica o el comercio justo, est\u00e1n ganando cada vez m\u00e1s fuerza. Estos movimientos, aunque con diversos matices en su enfoque, nos instan a sustituir la cultura de lo r\u00e1pido y lo conveniente por una alimentaci\u00f3n m\u00e1s consciente y conectada con los alimentos naturales y frescos que nos lleve a redescubrir el placer de preparar y disfrutar de alimentos de calidad.<\/p>\n\n\n\n<p>Por otro lado,&nbsp;<strong>no debemos pasar por alto el coste oculto que la alimentaci\u00f3n r\u00e1pida tiene en nuestra salud y bienestar.<\/strong>&nbsp;A pesar de su comodidad aparente, se ha asociado con un mayor riesgo de diversas enfermedades, incluyendo&nbsp;<a href=\"https:\/\/ethic.es\/2023\/02\/cinco-avances-contra-el-cancer\/\">c\u00e1ncer<\/a>, enfermedades cardiovasculares y digestivas, as\u00ed como un aumento en la mortalidad. Adem\u00e1s, un reciente&nbsp;<a target=\"_blank\" href=\"https:\/\/linkinghub.elsevier.com\/retrieve\/pii\/S1542356522011375\" rel=\"noreferrer noopener\">estudio<\/a>&nbsp;publicado por la revista Clinical Gastroenterology and Hepatology ha encontrado una nueva enfermedad asociada a su consumo: la enfermedad del h\u00edgado graso no alcoh\u00f3lico, que puede ser potencialmente mortal a medio y largo plazo.<\/p>\n\n\n\n<p>Hasta la fecha, m\u00faltiples investigaciones previas ya hab\u00edan sugerido una relaci\u00f3n entre la comida r\u00e1pida, la obesidad y la diabetes, pero este ser\u00eda uno de los primeros estudios que demuestra el impacto negativo de la comida r\u00e1pida en la salud del h\u00edgado.<\/p>\n\n\n\n<p>La comida no solo es combustible para nuestro cuerpo, sino tambi\u00e9n un v\u00ednculo vital que nos conecta con nuestro entorno m\u00e1s cercano y refleja nuestras prioridades y valores como sociedad. Tomar una mayor conciencia sobre nuestras elecciones alimentarias y fomentar una relaci\u00f3n m\u00e1s consciente con la comida es cultivar una vida m\u00e1s saludable y satisfactoria para todos.<\/p>\n\n\n\n<p>Fuente: <a href=\"https:\/\/ethic.es\/2024\/07\/el-tiempo-de-la-comida-es-sagrado\/\">https:\/\/ethic.es\/2024\/07\/el-tiempo-de-la-comida-es-sagrado\/<\/a><\/p>\n","protected":false},"excerpt":{"rendered":"<p>La mesa familiar una vez fue el epicentro de la vida cotidiana, un lugar sagrado donde las familias se reun\u00edan [&hellip;]<\/p>\n","protected":false},"author":1,"featured_media":78678,"comment_status":"open","ping_status":"open","sticky":false,"template":"","format":"standard","meta":{"site-sidebar-layout":"default","site-content-layout":"","ast-site-content-layout":"default","site-content-style":"default","site-sidebar-style":"default","ast-global-header-display":"","ast-banner-title-visibility":"","ast-main-header-display":"","ast-hfb-above-header-display":"","ast-hfb-below-header-display":"","ast-hfb-mobile-header-display":"","site-post-title":"","ast-breadcrumbs-content":"","ast-featured-img":"","footer-sml-layout":"","theme-transparent-header-meta":"","adv-header-id-meta":"","stick-header-meta":"","header-above-stick-meta":"","header-main-stick-meta":"","header-below-stick-meta":"","astra-migrate-meta-layouts":"default","ast-page-background-enabled":"default","ast-page-background-meta":{"desktop":{"background-color":"var(--ast-global-color-4)","background-image":"","background-repeat":"repeat","background-position":"center center","background-size":"auto","background-attachment":"scroll","background-type":"","background-media":"","overlay-type":"","overlay-color":"","overlay-opacity":"","overlay-gradient":""},"tablet":{"background-color":"","background-image":"","background-repeat":"repeat","background-position":"center center","background-size":"auto","background-attachment":"scroll","background-type":"","background-media":"","overlay-type":"","overlay-color":"","overlay-opacity":"","overlay-gradient":""},"mobile":{"background-color":"","background-image":"","background-repeat":"repeat","background-position":"center center","background-size":"auto","background-attachment":"scroll","background-type":"","background-media":"","overlay-type":"","overlay-color":"","overlay-opacity":"","overlay-gradient":""}},"ast-content-background-meta":{"desktop":{"background-color":"var(--ast-global-color-5)","background-image":"","background-repeat":"repeat","background-position":"center center","background-size":"auto","background-attachment":"scroll","background-type":"","background-media":"","overlay-type":"","overlay-color":"","overlay-opacity":"","overlay-gradient":""},"tablet":{"background-color":"var(--ast-global-color-5)","background-image":"","background-repeat":"repeat","background-position":"center center","background-size":"auto","background-attachment":"scroll","background-type":"","background-media":"","overlay-type":"","overlay-color":"","overlay-opacity":"","overlay-gradient":""},"mobile":{"background-color":"var(--ast-global-color-5)","background-image":"","background-repeat":"repeat","background-position":"center center","background-size":"auto","background-attachment":"scroll","background-type":"","background-media":"","overlay-type":"","overlay-color":"","overlay-opacity":"","overlay-gradient":""}},"footnotes":""},"categories":[8],"tags":[27017,27018,27019,27020],"class_list":["post-78677","post","type-post","status-publish","format-standard","has-post-thumbnail","hentry","category-noticias","tag-comida-de-rtoda-la-vida","tag-comida-ultraprocesada","tag-mesa-familiar","tag-tiempo-para-comer"],"_links":{"self":[{"href":"https:\/\/losperiodistas.com.mx\/portal\/wp-json\/wp\/v2\/posts\/78677","targetHints":{"allow":["GET"]}}],"collection":[{"href":"https:\/\/losperiodistas.com.mx\/portal\/wp-json\/wp\/v2\/posts"}],"about":[{"href":"https:\/\/losperiodistas.com.mx\/portal\/wp-json\/wp\/v2\/types\/post"}],"author":[{"embeddable":true,"href":"https:\/\/losperiodistas.com.mx\/portal\/wp-json\/wp\/v2\/users\/1"}],"replies":[{"embeddable":true,"href":"https:\/\/losperiodistas.com.mx\/portal\/wp-json\/wp\/v2\/comments?post=78677"}],"version-history":[{"count":1,"href":"https:\/\/losperiodistas.com.mx\/portal\/wp-json\/wp\/v2\/posts\/78677\/revisions"}],"predecessor-version":[{"id":78679,"href":"https:\/\/losperiodistas.com.mx\/portal\/wp-json\/wp\/v2\/posts\/78677\/revisions\/78679"}],"wp:featuredmedia":[{"embeddable":true,"href":"https:\/\/losperiodistas.com.mx\/portal\/wp-json\/wp\/v2\/media\/78678"}],"wp:attachment":[{"href":"https:\/\/losperiodistas.com.mx\/portal\/wp-json\/wp\/v2\/media?parent=78677"}],"wp:term":[{"taxonomy":"category","embeddable":true,"href":"https:\/\/losperiodistas.com.mx\/portal\/wp-json\/wp\/v2\/categories?post=78677"},{"taxonomy":"post_tag","embeddable":true,"href":"https:\/\/losperiodistas.com.mx\/portal\/wp-json\/wp\/v2\/tags?post=78677"}],"curies":[{"name":"wp","href":"https:\/\/api.w.org\/{rel}","templated":true}]}}