{"id":78674,"date":"2024-07-04T08:25:47","date_gmt":"2024-07-04T13:25:47","guid":{"rendered":"https:\/\/losperiodistas.com.mx\/portal\/?p=78674"},"modified":"2024-07-04T08:25:49","modified_gmt":"2024-07-04T13:25:49","slug":"priistas-inconformes-se-organizan-para-evitar-que-alito-se-quede-con-el-pri-garcia-olmedo-e-consulta","status":"publish","type":"post","link":"https:\/\/losperiodistas.com.mx\/portal\/priistas-inconformes-se-organizan-para-evitar-que-alito-se-quede-con-el-pri-garcia-olmedo-e-consulta\/","title":{"rendered":"Priistas inconformes se organizan para evitar que Alito se quede con el PRI: Garc\u00eda Olmedo | e-consulta"},"content":{"rendered":"\n<p class=\"has-medium-font-size\">La dirigencia a cargo de Alejandro Moreno C\u00e1rdenas ha buscado el beneficio propio, critic\u00f3 la militante<\/p>\n\n\n\n<figure class=\"wp-block-image size-full\"><img fetchpriority=\"high\" decoding=\"async\" width=\"640\" height=\"426\" src=\"https:\/\/losperiodistas.com.mx\/portal\/wp-content\/uploads\/2024\/07\/priistas_inconformes_se_organizan_para_evitar_que_alito_se_quede_con_el_pri_garcia_olmedo.jpg\" alt=\"\" class=\"wp-image-78675\" srcset=\"https:\/\/losperiodistas.com.mx\/portal\/wp-content\/uploads\/2024\/07\/priistas_inconformes_se_organizan_para_evitar_que_alito_se_quede_con_el_pri_garcia_olmedo.jpg 640w, https:\/\/losperiodistas.com.mx\/portal\/wp-content\/uploads\/2024\/07\/priistas_inconformes_se_organizan_para_evitar_que_alito_se_quede_con_el_pri_garcia_olmedo-300x200.jpg 300w\" sizes=\"(max-width: 640px) 100vw, 640px\" \/><figcaption>Foto: e-consulta<br><a href=\"https:\/\/www.facebook.com\/sharer\/sharer.php?u=https:\/\/www.e-consulta.com\/nota\/2024-07-03\/politica\/priistas-inconformes-se-organizan-para-evitar-que-alito-se-quede-con-el-pri\" target=\"_blank\" rel=\"noreferrer noopener\"><\/a><a href=\"https:\/\/twitter.com\/intent\/tweet?text=Priistas%20inconformes%20se%20organizan%20para%20evitar%20que%20Alito%20se%20quede%20con%20el%20PRI%3A%20Garc%C3%ADa%20Olmedo&amp;url=https:\/\/www.e-consulta.com\/nota\/2024-07-03\/politica\/priistas-inconformes-se-organizan-para-evitar-que-alito-se-quede-con-el-pri&amp;via=e_consulta\" target=\"_blank\" rel=\"noreferrer noopener\"><\/a><a href=\"whatsapp:\/\/send?text=Priistas%20inconformes%20se%20organizan%20para%20evitar%20que%20Alito%20se%20quede%20con%20el%20PRI%3A%20Garc%C3%ADa%20Olmedo%20-%20[Leer]%20https:\/\/www.e-consulta.com\/nota\/2024-07-03\/politica\/priistas-inconformes-se-organizan-para-evitar-que-alito-se-quede-con-el-pri\"><\/a><a href=\"\/\/www.e-consulta.com\/nota\/2024-07-03\/politica\/priistas-inconformes-se-organizan-para-evitar-que-alito-se-quede-con-el-pri\" target=\"_blank\" rel=\"noreferrer noopener\"><\/a><\/figcaption><\/figure>\n\n\n\n<p class=\"has-vivid-red-color has-text-color has-medium-font-size\"><strong>Ricardo Ju\u00e1rez \/ e-consulta<\/strong><\/p>\n\n\n\n<p>La priista y titular de la Unidad para la Igualdad de G\u00e9nero del Congreso del estado,&nbsp;<strong>Roc\u00edo Garc\u00eda Olmedo<\/strong>, revel\u00f3 que diferentes grupos del&nbsp;<strong>partido tricolor<\/strong>&nbsp;se organizan motivados por la coincidencia en los&nbsp;<strong>desacuerdos que guardan con la dirigencia nacional<\/strong>, que encabeza&nbsp;<strong>Alejandro Moreno C\u00e1rdenas<\/strong>.<\/p>\n\n\n\n<p>Garc\u00eda Olmedo, quien es&nbsp;<strong>militante del Partido Revolucionario Institucional<\/strong>&nbsp;(PRI)&nbsp;<strong>desde hace 50 a\u00f1os<\/strong>, dijo que por el momento las&nbsp;<strong>acciones de organizaci\u00f3n<\/strong>&nbsp;son \u201cen corto\u201d, pero conducen a que el&nbsp;<strong>partido sea&nbsp;<\/strong>una&nbsp;<strong>fuerza verdaderamente opositora<\/strong>.<\/p>\n\n\n\n<p>En entrevista en el programa\u00a0<a href=\"https:\/\/www.youtube.com\/watch?v=VIj1yOBZ7tg\" target=\"_blank\" rel=\"noreferrer noopener\"><strong>Cuchara Cuchillo Tenedor<\/strong><\/a>, Garc\u00eda Olmedo, quien fue secretaria general del PRI, explic\u00f3 que el tricolor en la entidad poblana\u00a0<strong>perdi\u00f3 comunicaci\u00f3n<\/strong>\u00a0con el Comit\u00e9 Ejecutivo Nacional del partido, debido a que el l\u00edder nacional,\u00a0<strong>\u201cAlito\u201d<\/strong>, ha buscado el beneficio propio.<\/p>\n\n\n\n<figure class=\"wp-block-embed is-type-video is-provider-youtube wp-block-embed-youtube wp-embed-aspect-16-9 wp-has-aspect-ratio\"><div class=\"wp-block-embed__wrapper\">\n<iframe title=\"Los priistas no podemos dejar que Alito se reelija en esta Asamblea Nacional: Roc\u00edo Garc\u00eda Olmedo\" width=\"500\" height=\"281\" src=\"https:\/\/www.youtube.com\/embed\/xRcQ6m_o0a4?feature=oembed\" frameborder=\"0\" allow=\"accelerometer; autoplay; clipboard-write; encrypted-media; gyroscope; picture-in-picture; web-share\" referrerpolicy=\"strict-origin-when-cross-origin\" allowfullscreen><\/iframe>\n<\/div><\/figure>\n\n\n\n<p>La titular de la Unidad de G\u00e9nero del Congreso asegur\u00f3 que a esta situaci\u00f3n se sumaron las&nbsp;<strong>salidas de priistas<\/strong>&nbsp;como&nbsp;<strong>Jorge Estefan Chidiac<\/strong>, entre otros, quienes se sintieron excluidos por la dirigencia estatal que encabeza&nbsp;<strong>N\u00e9stor Camarillo Medina<\/strong>.<\/p>\n\n\n\n<p>\u201cHay una&nbsp;<strong>severa crisis al interior del partido<\/strong>, los n\u00fameros ya est\u00e1n a la vista de todos, los resultados de esta \u00faltima elecci\u00f3n verdaderamente&nbsp;<strong>son terror\u00edficos<\/strong>. Tal vez muchos de nosotros, o de la generaci\u00f3n formada en el partido,&nbsp;<strong>nunca nos imaginamos ver estos n\u00fameros<\/strong>\u201d.<\/p>\n\n\n\n<figure class=\"wp-block-image\"><img decoding=\"async\" src=\"https:\/\/www.e-consulta.com\/_next\/image?url=https%3A%2F%2Ffotos.e-consulta.com%2Fsite_uploads%2F2024%2FJunio%2Fwhatsapp_image_2024-07-03_at_15.21.54.jpeg&amp;w=3840&amp;q=75\" alt=\"Priistas inconformes se organizan para evitar que Alito se quede con el PRI: Garc\u00eda Olmedo\"\/><\/figure>\n\n\n\n<p>Roc\u00edo Garc\u00eda Olmedo atribuy\u00f3 que la&nbsp;<strong>debacle del PRI comenz\u00f3 en el 2021<\/strong>, pues aquellos que resultaron beneficiados&nbsp;<strong>continuaron apoyando a la actual dirigencia<\/strong>&nbsp;que cerr\u00f3 dialogo con las bases, dej\u00f3 fuera a perfiles reconocidos, se olvid\u00f3 de sus principios y dej\u00f3 de recorrer el estado.<\/p>\n\n\n\n<p>Te puede interesar:<\/p>\n\n\n\n<p><a href=\"https:\/\/www.e-consulta.com\/nota\/2023-10-04\/elecciones\/entre-los-candidatos-de-morena-la-gubernatura-armenta-es-el-puntero-juan\">Entre los candidatos de Morena a la gubernatura, Armenta es el puntero: Juan Comellas<\/a><\/p>\n\n\n\n<p>Asimismo, asegur\u00f3 que esto provoc\u00f3 que en el reciente proceso electoral el partido tricolor&nbsp;<strong>perdiera municipios<\/strong>, logrando mantener apenas seis ayuntamientos.<\/p>\n\n\n\n<p>Roc\u00edo Garc\u00eda Olmedo coment\u00f3 que esto provoc\u00f3 que algunos grupos priistas se est\u00e9n reuniendo para\u00a0<strong>generar otra corriente pol\u00edtica<\/strong>, lo cual aplaudi\u00f3, pues\u00a0<strong>son las voces cr\u00edticas<\/strong>\u00a0de la actual dirigencia estatal que encabeza el senador electo,\u00a0<strong>N\u00e9stor Camarillo<\/strong>.<\/p>\n\n\n\n<p>La tambi\u00e9n exdiputada federal y local asegur\u00f3 que de formar una nueva fuerza pol\u00edtica \u00e9sta\u00a0<strong>debe ser de una corriente opositora<\/strong>, que cuente con\u00a0<strong>cuadros experimentados<\/strong>\u00a0como la expresidenta municipal\u00a0<strong>Blanca Alcal\u00e1<\/strong>\u00a0o la secretaria general del Ayuntamiento de Puebla,\u00a0<strong>Lucero Salda\u00f1a<\/strong>.<\/p>\n\n\n\n<p>\u201cSe tiene que hacer conjuntamente, corresponsablemente y ahora&nbsp;<strong>se est\u00e1 haciendo en corto<\/strong>, entonces el siguiente paso ser\u00eda&nbsp;<strong>pensar en otro formato a nivel regional<\/strong>, estatal. Se tiene que&nbsp;<strong>construir un partido pol\u00edtico opositor<\/strong>&nbsp;que sepa ser opositor en estos momentos\u201d, agreg\u00f3.<\/p>\n\n\n\n<p>Roc\u00edo Garc\u00eda Olmedo mencion\u00f3 que&nbsp;<strong>existen muchos militantes del PRI<\/strong>&nbsp;que pueden levantar al partido o apoyar a la nueva corriente, como&nbsp;<strong>Pablo Jim\u00e9nez<\/strong>,&nbsp;<strong>Mauricio Hidalgo<\/strong>, exedil de Tecamachalco.<\/p>\n\n\n\n<p>Por otro lado, Roc\u00edo Garc\u00eda Olmedo coment\u00f3 que esto se ha generado desde la pandemia, pues las\u00a0<strong>reuniones v\u00eda virtual<\/strong>\u00a0permitieron que el hoy dirigente,\u00a0<strong>Alejandro Moreno<\/strong>, lograra su extensi\u00f3n como presidente del partido, en el a\u00f1o 2021.<\/p>\n\n\n\n<figure class=\"wp-block-embed is-type-video is-provider-youtube wp-block-embed-youtube wp-embed-aspect-16-9 wp-has-aspect-ratio\"><div class=\"wp-block-embed__wrapper\">\n<iframe title=\"No creo que Beatriz Paredes apoye la ilegal reelecci\u00f3n de Alito: Roc\u00edo Garc\u00eda Olmedo\" width=\"500\" height=\"281\" src=\"https:\/\/www.youtube.com\/embed\/41_kpqTZu9o?feature=oembed\" frameborder=\"0\" allow=\"accelerometer; autoplay; clipboard-write; encrypted-media; gyroscope; picture-in-picture; web-share\" referrerpolicy=\"strict-origin-when-cross-origin\" allowfullscreen><\/iframe>\n<\/div><\/figure>\n\n\n\n<p><\/p>\n\n\n\n<p>Por si fuera poco, la entrevistada manifest\u00f3 que&nbsp;<strong>Moreno C\u00e1rdenas<\/strong>&nbsp;busca extender su mandato que culmina en agosto de 2024, por lo que ha convocado a una&nbsp;<strong>asamblea general el pr\u00f3ximo domingo<\/strong>&nbsp;para aprobar la modificaci\u00f3n de los estatutos del PRI y permanecer en el cargo. (CR)<\/p>\n\n\n\n<figure class=\"wp-block-image\"><img decoding=\"async\" src=\"https:\/\/www.e-consulta.com\/_next\/image?url=https%3A%2F%2Ffotos.e-consulta.com%2Fsite_uploads%2F2024%2FJunio%2Fwhatsapp_image_2024-07-03_at_16.39.37.jpeg&amp;w=3840&amp;q=75\" alt=\"Priistas inconformes se organizan para evitar que Alito se quede con el PRI: Garc\u00eda Olmedo\"\/><\/figure>\n\n\n\n<p><\/p>\n\n\n\n<p>Fuente: <a href=\"https:\/\/www.e-consulta.com\/nota\/2024-07-03\/politica\/priistas-inconformes-se-organizan-para-evitar-que-alito-se-quede-con-el-pri\">https:\/\/www.e-consulta.com\/nota\/2024-07-03\/politica\/priistas-inconformes-se-organizan-para-evitar-que-alito-se-quede-con-el-pri<\/a><\/p>\n","protected":false},"excerpt":{"rendered":"<p>La dirigencia a cargo de Alejandro Moreno C\u00e1rdenas ha buscado el beneficio propio, critic\u00f3 la militante Ricardo Ju\u00e1rez \/ e-consulta [&hellip;]<\/p>\n","protected":false},"author":1,"featured_media":78675,"comment_status":"open","ping_status":"open","sticky":false,"template":"","format":"standard","meta":{"site-sidebar-layout":"default","site-content-layout":"","ast-site-content-layout":"default","site-content-style":"default","site-sidebar-style":"default","ast-global-header-display":"","ast-banner-title-visibility":"","ast-main-header-display":"","ast-hfb-above-header-display":"","ast-hfb-below-header-display":"","ast-hfb-mobile-header-display":"","site-post-title":"","ast-breadcrumbs-content":"","ast-featured-img":"","footer-sml-layout":"","theme-transparent-header-meta":"","adv-header-id-meta":"","stick-header-meta":"","header-above-stick-meta":"","header-main-stick-meta":"","header-below-stick-meta":"","astra-migrate-meta-layouts":"default","ast-page-background-enabled":"default","ast-page-background-meta":{"desktop":{"background-color":"var(--ast-global-color-4)","background-image":"","background-repeat":"repeat","background-position":"center center","background-size":"auto","background-attachment":"scroll","background-type":"","background-media":"","overlay-type":"","overlay-color":"","overlay-opacity":"","overlay-gradient":""},"tablet":{"background-color":"","background-image":"","background-repeat":"repeat","background-position":"center center","background-size":"auto","background-attachment":"scroll","background-type":"","background-media":"","overlay-type":"","overlay-color":"","overlay-opacity":"","overlay-gradient":""},"mobile":{"background-color":"","background-image":"","background-repeat":"repeat","background-position":"center center","background-size":"auto","background-attachment":"scroll","background-type":"","background-media":"","overlay-type":"","overlay-color":"","overlay-opacity":"","overlay-gradient":""}},"ast-content-background-meta":{"desktop":{"background-color":"var(--ast-global-color-5)","background-image":"","background-repeat":"repeat","background-position":"center center","background-size":"auto","background-attachment":"scroll","background-type":"","background-media":"","overlay-type":"","overlay-color":"","overlay-opacity":"","overlay-gradient":""},"tablet":{"background-color":"var(--ast-global-color-5)","background-image":"","background-repeat":"repeat","background-position":"center center","background-size":"auto","background-attachment":"scroll","background-type":"","background-media":"","overlay-type":"","overlay-color":"","overlay-opacity":"","overlay-gradient":""},"mobile":{"background-color":"var(--ast-global-color-5)","background-image":"","background-repeat":"repeat","background-position":"center center","background-size":"auto","background-attachment":"scroll","background-type":"","background-media":"","overlay-type":"","overlay-color":"","overlay-opacity":"","overlay-gradient":""}},"footnotes":""},"categories":[8],"tags":[10782,27016,27015],"class_list":["post-78674","post","type-post","status-publish","format-standard","has-post-thumbnail","hentry","category-noticias","tag-alito-moreno","tag-priistas-poblanos-contra-reeleccion-de-alito","tag-rocio-garcia-olmedo"],"_links":{"self":[{"href":"https:\/\/losperiodistas.com.mx\/portal\/wp-json\/wp\/v2\/posts\/78674","targetHints":{"allow":["GET"]}}],"collection":[{"href":"https:\/\/losperiodistas.com.mx\/portal\/wp-json\/wp\/v2\/posts"}],"about":[{"href":"https:\/\/losperiodistas.com.mx\/portal\/wp-json\/wp\/v2\/types\/post"}],"author":[{"embeddable":true,"href":"https:\/\/losperiodistas.com.mx\/portal\/wp-json\/wp\/v2\/users\/1"}],"replies":[{"embeddable":true,"href":"https:\/\/losperiodistas.com.mx\/portal\/wp-json\/wp\/v2\/comments?post=78674"}],"version-history":[{"count":1,"href":"https:\/\/losperiodistas.com.mx\/portal\/wp-json\/wp\/v2\/posts\/78674\/revisions"}],"predecessor-version":[{"id":78676,"href":"https:\/\/losperiodistas.com.mx\/portal\/wp-json\/wp\/v2\/posts\/78674\/revisions\/78676"}],"wp:featuredmedia":[{"embeddable":true,"href":"https:\/\/losperiodistas.com.mx\/portal\/wp-json\/wp\/v2\/media\/78675"}],"wp:attachment":[{"href":"https:\/\/losperiodistas.com.mx\/portal\/wp-json\/wp\/v2\/media?parent=78674"}],"wp:term":[{"taxonomy":"category","embeddable":true,"href":"https:\/\/losperiodistas.com.mx\/portal\/wp-json\/wp\/v2\/categories?post=78674"},{"taxonomy":"post_tag","embeddable":true,"href":"https:\/\/losperiodistas.com.mx\/portal\/wp-json\/wp\/v2\/tags?post=78674"}],"curies":[{"name":"wp","href":"https:\/\/api.w.org\/{rel}","templated":true}]}}