{"id":78664,"date":"2024-07-04T07:45:39","date_gmt":"2024-07-04T12:45:39","guid":{"rendered":"https:\/\/losperiodistas.com.mx\/portal\/?p=78664"},"modified":"2024-07-04T07:45:42","modified_gmt":"2024-07-04T12:45:42","slug":"la-fiesta-del-4-de-julio-de-biden-da-inicio-a-eventos-que-pueden-tranquilizar-a-los-democratas-reuters","status":"publish","type":"post","link":"https:\/\/losperiodistas.com.mx\/portal\/la-fiesta-del-4-de-julio-de-biden-da-inicio-a-eventos-que-pueden-tranquilizar-a-los-democratas-reuters\/","title":{"rendered":"La fiesta del 4 de julio de Biden da inicio a eventos que pueden tranquilizar a los dem\u00f3cratas | Reuters"},"content":{"rendered":"\n<figure class=\"wp-block-image\"><img decoding=\"async\" src=\"https:\/\/cloudfront-us-east-2.images.arcpublishing.com\/reuters\/4FBURS2R4JLBRNCICFBXRSEDVY.jpg\" alt=\"El presidente de Estados Unidos, Joe Biden, pronuncia un discurso sobre el clima extremo en el Centro de Operaciones de Emergencia de DC en Washington\"\/><figcaption>El presidente de Estados Unidos, Joe Biden, pronuncia un discurso sobre el clima extremo en el Centro de Operaciones de Emergencia de DC en Washington, Estados Unidos, el 2 de julio de 2024. REUTERS\/Elizabeth Frantz<\/figcaption><\/figure>\n\n\n\n<p class=\"has-vivid-red-color has-text-color has-medium-font-size\"><strong><a href=\"https:\/\/www.reuters.com\/authors\/steve-holland\/\">Steve Holland\u00a0<\/a>y\u00a0<a href=\"https:\/\/www.reuters.com\/authors\/andrea-shalal\/\">Andrea Shalal<\/a> \/ REUTERS<\/strong><\/p>\n\n\n\n<p><\/p>\n\n\n\n<p>WASHINGTON, 4 jul (Reuters) &#8211; Si el presidente\u00a0<a href=\"https:\/\/www.reuters.com\/topic\/person\/joe-biden\/\">Joe Biden<\/a>\u00a0quiere sobrevivir a la presi\u00f3n para que abandone su campa\u00f1a de reelecci\u00f3n tras un pobre desempe\u00f1o en su debate con\u00a0<a href=\"https:\/\/www.reuters.com\/topic\/person\/donald-trump\/\">Donald Trump<\/a>\u00a0, necesita superar una serie de eventos en los pr\u00f3ximos d\u00edas.<\/p>\n\n\n\n<p>A medida que aumentan los llamados de\u00a0<a href=\"https:\/\/www.reuters.com\/world\/us\/biden-reassure-democratic-governors-meeting-after-shaky-debate-performance-2024-07-02\/\">algunos de sus propios dem\u00f3cratas<\/a>\u00a0para que se haga a un lado y el apoyo se consolida en torno a la idea de que la vicepresidenta Kamala Harris\u00a0<a href=\"https:\/\/www.reuters.com\/world\/us\/vp-harris-top-choice-replace-biden-election-race-if-he-steps-aside-sources-say-2024-07-03\/\">ocupe su lugar<\/a>\u00a0en las\u00a0<a href=\"https:\/\/www.reuters.com\/topic\/event\/us-elections\/\">elecciones de noviembre<\/a>\u00a0, Biden necesita demostrar resistencia y agudeza mental a los votantes y donantes.<\/p>\n\n\n\n<p>Biden recibir\u00e1 a familias en las festividades anuales del D\u00eda de la Independencia del 4 de julio en la Casa Blanca el jueves, ser\u00e1 entrevistado en ABC News el viernes y viajar\u00e1 a Wisconsin el mismo d\u00eda para un mitin de campa\u00f1a con cientos de partidarios.<\/p>\n\n\n\n<p>El domingo, Biden y su esposa Jill hablar\u00e1n ante miles de personas en la Asociaci\u00f3n Nacional de Educaci\u00f3n en Pensilvania. La semana que viene recibir\u00e1 a decenas de l\u00edderes mundiales en la cumbre de la OTAN en Washington y dar\u00e1 una inusual conferencia de prensa en solitario. Tambi\u00e9n ha concedido varias entrevistas de radio.<\/p>\n\n\n\n<p>Decenas de dem\u00f3cratas de la C\u00e1mara de Representantes est\u00e1n observando de cerca, preparados para pedirle\u00a0<a href=\"https:\/\/www.reuters.com\/world\/us\/biden-reassure-governors-democratic-kingmaker-floats-mini-primary-if-he-leaves-2024-07-03\/\">a Biden que se haga a un lado<\/a>\u00a0si flaquea en la entrevista de ABC, dijo una fuente a Reuters.<\/p>\n\n\n\n<p>En una entrevista radial con WURD que se emiti\u00f3 el jueves por la ma\u00f1ana, Biden habl\u00f3 sobre su historial de logros en favor de los afroamericanos como presidente. Tartamude\u00f3 ocasionalmente.<\/p>\n\n\n\n<p>Reporte de Steve Holland y Andrea Shalal Reporte adicional de Jeff Mason Editado por Heather Timmons, Stephen Coates y Frances Kerry<\/p>\n\n\n\n<p>Fuente: <a href=\"https:\/\/www.reuters.com\/world\/us\/bidens-july-4th-party-kicks-off-events-that-may-reassure-democrats-2024-07-04\/\">https:\/\/www.reuters.com\/world\/us\/bidens-july-4th-party-kicks-off-events-that-may-reassure-democrats-2024-07-04\/<\/a><\/p>\n","protected":false},"excerpt":{"rendered":"<p>Steve Holland\u00a0y\u00a0Andrea Shalal \/ REUTERS WASHINGTON, 4 jul (Reuters) &#8211; Si el presidente\u00a0Joe Biden\u00a0quiere sobrevivir a la presi\u00f3n para que [&hellip;]<\/p>\n","protected":false},"author":1,"featured_media":78665,"comment_status":"open","ping_status":"open","sticky":false,"template":"","format":"standard","meta":{"site-sidebar-layout":"default","site-content-layout":"","ast-site-content-layout":"default","site-content-style":"default","site-sidebar-style":"default","ast-global-header-display":"","ast-banner-title-visibility":"","ast-main-header-display":"","ast-hfb-above-header-display":"","ast-hfb-below-header-display":"","ast-hfb-mobile-header-display":"","site-post-title":"","ast-breadcrumbs-content":"","ast-featured-img":"","footer-sml-layout":"","theme-transparent-header-meta":"","adv-header-id-meta":"","stick-header-meta":"","header-above-stick-meta":"","header-main-stick-meta":"","header-below-stick-meta":"","astra-migrate-meta-layouts":"default","ast-page-background-enabled":"default","ast-page-background-meta":{"desktop":{"background-color":"var(--ast-global-color-4)","background-image":"","background-repeat":"repeat","background-position":"center center","background-size":"auto","background-attachment":"scroll","background-type":"","background-media":"","overlay-type":"","overlay-color":"","overlay-opacity":"","overlay-gradient":""},"tablet":{"background-color":"","background-image":"","background-repeat":"repeat","background-position":"center center","background-size":"auto","background-attachment":"scroll","background-type":"","background-media":"","overlay-type":"","overlay-color":"","overlay-opacity":"","overlay-gradient":""},"mobile":{"background-color":"","background-image":"","background-repeat":"repeat","background-position":"center center","background-size":"auto","background-attachment":"scroll","background-type":"","background-media":"","overlay-type":"","overlay-color":"","overlay-opacity":"","overlay-gradient":""}},"ast-content-background-meta":{"desktop":{"background-color":"var(--ast-global-color-5)","background-image":"","background-repeat":"repeat","background-position":"center center","background-size":"auto","background-attachment":"scroll","background-type":"","background-media":"","overlay-type":"","overlay-color":"","overlay-opacity":"","overlay-gradient":""},"tablet":{"background-color":"var(--ast-global-color-5)","background-image":"","background-repeat":"repeat","background-position":"center center","background-size":"auto","background-attachment":"scroll","background-type":"","background-media":"","overlay-type":"","overlay-color":"","overlay-opacity":"","overlay-gradient":""},"mobile":{"background-color":"var(--ast-global-color-5)","background-image":"","background-repeat":"repeat","background-position":"center center","background-size":"auto","background-attachment":"scroll","background-type":"","background-media":"","overlay-type":"","overlay-color":"","overlay-opacity":"","overlay-gradient":""}},"footnotes":""},"categories":[8],"tags":[27013,696],"class_list":["post-78664","post","type-post","status-publish","format-standard","has-post-thumbnail","hentry","category-noticias","tag-4-de-julio-ee-uu","tag-joe-biden"],"_links":{"self":[{"href":"https:\/\/losperiodistas.com.mx\/portal\/wp-json\/wp\/v2\/posts\/78664","targetHints":{"allow":["GET"]}}],"collection":[{"href":"https:\/\/losperiodistas.com.mx\/portal\/wp-json\/wp\/v2\/posts"}],"about":[{"href":"https:\/\/losperiodistas.com.mx\/portal\/wp-json\/wp\/v2\/types\/post"}],"author":[{"embeddable":true,"href":"https:\/\/losperiodistas.com.mx\/portal\/wp-json\/wp\/v2\/users\/1"}],"replies":[{"embeddable":true,"href":"https:\/\/losperiodistas.com.mx\/portal\/wp-json\/wp\/v2\/comments?post=78664"}],"version-history":[{"count":1,"href":"https:\/\/losperiodistas.com.mx\/portal\/wp-json\/wp\/v2\/posts\/78664\/revisions"}],"predecessor-version":[{"id":78666,"href":"https:\/\/losperiodistas.com.mx\/portal\/wp-json\/wp\/v2\/posts\/78664\/revisions\/78666"}],"wp:featuredmedia":[{"embeddable":true,"href":"https:\/\/losperiodistas.com.mx\/portal\/wp-json\/wp\/v2\/media\/78665"}],"wp:attachment":[{"href":"https:\/\/losperiodistas.com.mx\/portal\/wp-json\/wp\/v2\/media?parent=78664"}],"wp:term":[{"taxonomy":"category","embeddable":true,"href":"https:\/\/losperiodistas.com.mx\/portal\/wp-json\/wp\/v2\/categories?post=78664"},{"taxonomy":"post_tag","embeddable":true,"href":"https:\/\/losperiodistas.com.mx\/portal\/wp-json\/wp\/v2\/tags?post=78664"}],"curies":[{"name":"wp","href":"https:\/\/api.w.org\/{rel}","templated":true}]}}