{"id":78660,"date":"2024-07-04T07:14:49","date_gmt":"2024-07-04T12:14:49","guid":{"rendered":"https:\/\/losperiodistas.com.mx\/portal\/?p=78660"},"modified":"2024-07-04T07:14:51","modified_gmt":"2024-07-04T12:14:51","slug":"dia-mundial-del-ebook-o-libro-electronico-did","status":"publish","type":"post","link":"https:\/\/losperiodistas.com.mx\/portal\/dia-mundial-del-ebook-o-libro-electronico-did\/","title":{"rendered":"D\u00eda Mundial del Ebook o Libro Electr\u00f3nico | DID"},"content":{"rendered":"\n<h1 class=\"wp-block-heading\"><\/h1>\n\n\n\n<div class=\"wp-block-image\"><figure class=\"alignright size-full is-resized\"><img fetchpriority=\"high\" decoding=\"async\" src=\"https:\/\/losperiodistas.com.mx\/portal\/wp-content\/uploads\/2024\/07\/07-04_dia-mundial-ebook.jpg\" alt=\"\" class=\"wp-image-78662\" width=\"432\" height=\"288\" srcset=\"https:\/\/losperiodistas.com.mx\/portal\/wp-content\/uploads\/2024\/07\/07-04_dia-mundial-ebook.jpg 305w, https:\/\/losperiodistas.com.mx\/portal\/wp-content\/uploads\/2024\/07\/07-04_dia-mundial-ebook-300x200.jpg 300w\" sizes=\"(max-width: 432px) 100vw, 432px\" \/><\/figure><\/div>\n\n\n\n<p><\/p>\n\n\n\n<p class=\"has-vivid-red-color has-text-color has-medium-font-size\"><strong>REDACCI\u00d3N \u00cdA INTERNACIONAL DE<\/strong><\/p>\n\n\n\n<p><strong>El 4 de julio se celebra el D\u00eda Mundial del Ebook o Libro Electr\u00f3nico<\/strong>, una iniciativa que fomenta la lectura y la difusi\u00f3n libre de contenidos digitales, bajo la autorizaci\u00f3n de derechos de autor.<\/p>\n\n\n\n<p>Esta efem\u00e9ride se cre\u00f3 por iniciativa de&nbsp;<strong>Overdrive<\/strong>, una empresa l\u00edder a nivel mundial dedicada al pr\u00e9stamo de libros electr\u00f3nicos para bibliotecas que posee un cat\u00e1logo de m\u00e1s de 1.000.000 de ebooks, audiolibros y v\u00eddeos.<\/p>\n\n\n\n<p>Con la celebraci\u00f3n de este d\u00eda se pretende divulgar la importancia del uso de los libros digitales, ya que generalmente esta modalidad ha sido marginada en eventos dedicados a la lectura, tales como Ferias del Libro.<\/p>\n\n\n\n<h2 class=\"wp-block-heading\" id=\"resTit_1\">\u00bfQu\u00e9 es un Ebook o Libro Electr\u00f3nico?<\/h2>\n\n\n\n<p>Un&nbsp;<em><strong>libro electr\u00f3nico<\/strong><\/em>&nbsp;o&nbsp;<strong><em>eBook<\/em><\/strong>&nbsp;consiste en la versi\u00f3n electr\u00f3nica o digital de un libro impreso. Tambi\u00e9n es conocido como&nbsp;<em><strong>libro digital<\/strong><\/em>&nbsp;o&nbsp;<em><strong>ciberlibro<\/strong><\/em>.<\/p>\n\n\n\n<p>Los libros electr\u00f3nicos se pueden leer mediante dispositivos utilizados para la lectura de libros electr\u00f3nicos. Algunos de los dispositivos m\u00e1s utilizados o&nbsp;<em><strong>e-readers<\/strong><\/em>&nbsp;son los siguientes:<\/p>\n\n\n\n<ul class=\"wp-block-list\"><li><em><strong>iLiad:&nbsp;<\/strong><\/em>fue el primer dispositivo comercializado en Espa\u00f1a, desde el a\u00f1o 2006.<\/li><li><em><strong>Reader PRS-500 y PRS-505:<\/strong><\/em>&nbsp;de la marca comercial Sony.<\/li><li><em><strong>HanLin V3:&nbsp;<\/strong><\/em>este e-reader es comercializado en Espa\u00f1a, conocido como Papyre.<\/li><li><em><strong>Amazon Kindle:&nbsp;<\/strong><\/em>un producto de Amazon.com .<\/li><li><em><strong>iPad:<\/strong><\/em>&nbsp;este dispositivo de Apple ofrece una librer\u00eda en l\u00ednea como Amazon. Adem\u00e1s permite diversificar la presentaci\u00f3n de libros electr\u00f3nicos, con capacidades multimedia.<\/li><\/ul>\n\n\n\n<p>Los libros electr\u00f3nicos tambi\u00e9n pueden leerse en cualquier dispositivo de computadora, con una pantalla de visualizaci\u00f3n controlable: computadoras de escritorio, ordenadores port\u00e1tiles, as\u00ed como tel\u00e9fonos inteligentes.<\/p>\n\n\n\n<h2 class=\"wp-block-heading\" id=\"resTit_2\">Or\u00edgenes del Ebook o Libro Electr\u00f3nico<\/h2>\n\n\n\n<p>Se considera que el origen del&nbsp;<strong>Ebook<\/strong>&nbsp;se remonta al 4 de julio de 1971 creado por&nbsp;<em><strong>Michael Hart<\/strong><\/em>, un estudiante de la Universidad de Illinois. Despu\u00e9s de obtener el acceso al sistema inform\u00e1tico de la universidad que se le conced\u00eda a los estudiantes, Hart quiso enviar informaci\u00f3n por correo a un grupo de amigos.<\/p>\n\n\n\n<p>Transcribi\u00f3 una copia de la&nbsp;<em>Declaraci\u00f3n de Independencia de los Estados Unidos<\/em>, pero las limitaciones de la capacidad del sistema inform\u00e1tico en cuanto al tama\u00f1o del texto y el n\u00famero de contactos no le fue posible enviar dicho documento.<\/p>\n\n\n\n<p>Debido a este impedimento ide\u00f3 un texto como un elemento independiente y descargable, siendo el inicio de lo que conocemos hoy en d\u00eda como&nbsp;<strong>libro electr\u00f3nico<\/strong>.<\/p>\n\n\n\n<h2 class=\"wp-block-heading\" id=\"resTit_3\">El Proyecto Guttenberg: la primera biblioteca digital del mundo<\/h2>\n\n\n\n<p>El&nbsp;<strong>Proyecto Guttenberg<\/strong>&nbsp;fue una iniciativa de&nbsp;<strong><em>Michael Hart<\/em><\/strong>, creador del Ebook, con la finalidad de preservar y difundir el patrimonio cultural mundial. Su nombre proviene del famoso impresor alem\u00e1n Johannes Gutenberg, quien invent\u00f3 la imprenta de tipos m\u00f3viles en el siglo XV.<\/p>\n\n\n\n<p>Es considerada una de las bibliotecas digitales gratuitas m\u00e1s extensas del mundo, que cuenta con una amplia colecci\u00f3n de copias de cl\u00e1sicos fundamentales, tales como la Biblia y obras de Shakespeare.<\/p>\n\n\n\n<p>Los textos que integran esta gran biblioteca digital son del dominio p\u00fablico, debido a que los derechos de algunos libros han expirado, o bien porque se obtuvo la autorizaci\u00f3n de algunos autores o de los titulares de los derechos de autor.<\/p>\n\n\n\n<p>Los libros electr\u00f3nicos pueden ser le\u00eddos en l\u00ednea, en diferentes formatos: Kindle, EPUB, ASCII, UTF-8, o en formato HTML.<\/p>\n\n\n\n<h2 class=\"wp-block-heading\" id=\"resTit_4\">\u00bfComo celebrar el D\u00eda Mundial del Ebook o Libro Electr\u00f3nico?<\/h2>\n\n\n\n<p>Celebra este D\u00eda Mundial desde cualquier parte del mundo, adquiriendo alg\u00fan libro electr\u00f3nico en tiendas online. Puedes tener acceso a grandes obras de la literatura y t\u00edtulos de inter\u00e9s, en bibliotecas digitales gratuitas como&nbsp;<strong>Proyecto Guttenberg<\/strong>&nbsp;o&nbsp;<strong>BiblioBytes<\/strong>.<\/p>\n\n\n\n<p>Comenta tu experiencia lectora e informaci\u00f3n interesante sobre el\u00a0<strong>D\u00eda Mundial del Ebook o Libro Electr\u00f3nico<\/strong>, en las redes sociales. Utiliza los hashtags\u00a0<em><strong>#diadelebook #eBookDay<\/strong><\/em><\/p>\n\n\n\n<p>Fuente: <a href=\"https:\/\/www.diainternacionalde.com\/ficha\/dia-mundial-ebook\">https:\/\/www.diainternacionalde.com\/ficha\/dia-mundial-ebook<\/a><\/p>\n","protected":false},"excerpt":{"rendered":"<p>REDACCI\u00d3N \u00cdA INTERNACIONAL DE El 4 de julio se celebra el D\u00eda Mundial del Ebook o Libro Electr\u00f3nico, una iniciativa [&hellip;]<\/p>\n","protected":false},"author":1,"featured_media":78662,"comment_status":"open","ping_status":"open","sticky":false,"template":"","format":"standard","meta":{"site-sidebar-layout":"default","site-content-layout":"","ast-site-content-layout":"default","site-content-style":"default","site-sidebar-style":"default","ast-global-header-display":"","ast-banner-title-visibility":"","ast-main-header-display":"","ast-hfb-above-header-display":"","ast-hfb-below-header-display":"","ast-hfb-mobile-header-display":"","site-post-title":"","ast-breadcrumbs-content":"","ast-featured-img":"","footer-sml-layout":"","theme-transparent-header-meta":"","adv-header-id-meta":"","stick-header-meta":"","header-above-stick-meta":"","header-main-stick-meta":"","header-below-stick-meta":"","astra-migrate-meta-layouts":"default","ast-page-background-enabled":"default","ast-page-background-meta":{"desktop":{"background-color":"var(--ast-global-color-4)","background-image":"","background-repeat":"repeat","background-position":"center center","background-size":"auto","background-attachment":"scroll","background-type":"","background-media":"","overlay-type":"","overlay-color":"","overlay-opacity":"","overlay-gradient":""},"tablet":{"background-color":"","background-image":"","background-repeat":"repeat","background-position":"center center","background-size":"auto","background-attachment":"scroll","background-type":"","background-media":"","overlay-type":"","overlay-color":"","overlay-opacity":"","overlay-gradient":""},"mobile":{"background-color":"","background-image":"","background-repeat":"repeat","background-position":"center center","background-size":"auto","background-attachment":"scroll","background-type":"","background-media":"","overlay-type":"","overlay-color":"","overlay-opacity":"","overlay-gradient":""}},"ast-content-background-meta":{"desktop":{"background-color":"var(--ast-global-color-5)","background-image":"","background-repeat":"repeat","background-position":"center center","background-size":"auto","background-attachment":"scroll","background-type":"","background-media":"","overlay-type":"","overlay-color":"","overlay-opacity":"","overlay-gradient":""},"tablet":{"background-color":"var(--ast-global-color-5)","background-image":"","background-repeat":"repeat","background-position":"center center","background-size":"auto","background-attachment":"scroll","background-type":"","background-media":"","overlay-type":"","overlay-color":"","overlay-opacity":"","overlay-gradient":""},"mobile":{"background-color":"var(--ast-global-color-5)","background-image":"","background-repeat":"repeat","background-position":"center center","background-size":"auto","background-attachment":"scroll","background-type":"","background-media":"","overlay-type":"","overlay-color":"","overlay-opacity":"","overlay-gradient":""}},"footnotes":""},"categories":[8],"tags":[27010,27011],"class_list":["post-78660","post","type-post","status-publish","format-standard","has-post-thumbnail","hentry","category-noticias","tag-diadelebook","tag-ebookday"],"_links":{"self":[{"href":"https:\/\/losperiodistas.com.mx\/portal\/wp-json\/wp\/v2\/posts\/78660","targetHints":{"allow":["GET"]}}],"collection":[{"href":"https:\/\/losperiodistas.com.mx\/portal\/wp-json\/wp\/v2\/posts"}],"about":[{"href":"https:\/\/losperiodistas.com.mx\/portal\/wp-json\/wp\/v2\/types\/post"}],"author":[{"embeddable":true,"href":"https:\/\/losperiodistas.com.mx\/portal\/wp-json\/wp\/v2\/users\/1"}],"replies":[{"embeddable":true,"href":"https:\/\/losperiodistas.com.mx\/portal\/wp-json\/wp\/v2\/comments?post=78660"}],"version-history":[{"count":1,"href":"https:\/\/losperiodistas.com.mx\/portal\/wp-json\/wp\/v2\/posts\/78660\/revisions"}],"predecessor-version":[{"id":78663,"href":"https:\/\/losperiodistas.com.mx\/portal\/wp-json\/wp\/v2\/posts\/78660\/revisions\/78663"}],"wp:featuredmedia":[{"embeddable":true,"href":"https:\/\/losperiodistas.com.mx\/portal\/wp-json\/wp\/v2\/media\/78662"}],"wp:attachment":[{"href":"https:\/\/losperiodistas.com.mx\/portal\/wp-json\/wp\/v2\/media?parent=78660"}],"wp:term":[{"taxonomy":"category","embeddable":true,"href":"https:\/\/losperiodistas.com.mx\/portal\/wp-json\/wp\/v2\/categories?post=78660"},{"taxonomy":"post_tag","embeddable":true,"href":"https:\/\/losperiodistas.com.mx\/portal\/wp-json\/wp\/v2\/tags?post=78660"}],"curies":[{"name":"wp","href":"https:\/\/api.w.org\/{rel}","templated":true}]}}